{"id":69214,"date":"2026-04-27T09:00:47","date_gmt":"2026-04-27T07:00:47","guid":{"rendered":"https:\/\/www.luigi-bevilacqua.com\/?p=69214"},"modified":"2026-04-23T15:17:30","modified_gmt":"2026-04-23T13:17:30","slug":"bevilacqua-brocatelle-orient-express-venice","status":"publish","type":"post","link":"https:\/\/www.luigi-bevilacqua.com\/en\/bevilacqua-brocatelle-orient-express-venice\/","title":{"rendered":"Rediscovered Luxury: Bevilacqua Brocatelle for Orient Express Venice"},"content":{"rendered":"<p>[et_pb_section fb_built=&#8221;1&#8243; _builder_version=&#8221;4.16&#8243; global_colors_info=&#8221;{}&#8221;][et_pb_row _builder_version=&#8221;4.16&#8243; background_size=&#8221;initial&#8221; background_position=&#8221;top_left&#8221; background_repeat=&#8221;repeat&#8221; global_colors_info=&#8221;{}&#8221;][et_pb_column type=&#8221;4_4&#8243; _builder_version=&#8221;4.16&#8243; custom_padding=&#8221;|||&#8221; global_colors_info=&#8221;{}&#8221; custom_padding__hover=&#8221;|||&#8221;][et_pb_text _builder_version=&#8221;4.27.5&#8243; background_size=&#8221;initial&#8221; background_position=&#8221;top_left&#8221; background_repeat=&#8221;repeat&#8221; global_colors_info=&#8221;{}&#8221;]<\/p>\n<p>In the heart of the Cannaregio district, the legendary Palazzo Don\u00e0 Giovannelli has added a new chapter to its centuries-old story: today it is <strong>Orient Express Venice<\/strong>, a five-star hotel designed by architect <strong>Aline Asmar d\u2019Amman<\/strong>. In this extraordinary project, Luigi Bevilacqua fabrics have found their natural home.<\/p>\n<h2>A Palace Transformed into a Hotel, Without Forgetting Itself<\/h2>\n<p>After <strong>eight years of restoration<\/strong>, <a href=\"https:\/\/www.orient-express.com\/en\/hotel\/europe\/italy\/venice\/orient-express-venezia\">Orient Express Venice<\/a> has opened its doors in one of the city\u2019s most authentic districts, Cannaregio. Forty-seven rooms, suites, and private residences now occupy spaces that have welcomed Venetian nobility for centuries.<\/p>\n<p>The hotel\u2019s style is the result of a masterful balance between preservation and contemporaneity. Architect <strong>Aline Asmar d\u2019Amman<\/strong> led a restoration focused on enhancing original elements: frescoes, mosaic floors, Murano glass chandeliers, and the extraordinary 19th-century octagonal staircase by <strong>Giovanni Battista Meduna<\/strong> were preserved and reintegrated into the narrative. The result is a dialogue across eras: Venetian Gothic, Baroque, Neoclassical, and modernity, where no voice overpowers another.<\/p>\n<p>[\/et_pb_text][et_pb_image src=&#8221;https:\/\/www.luigi-bevilacqua.com\/wp-content\/uploads\/2026\/04\/2026_03_30_Lobby_CreditsGiulioGhirardi.webp&#8221; title_text=&#8221;2026_03_30_Lobby_CreditsGiulioGhirardi&#8221; show_in_lightbox=&#8221;on&#8221; align=&#8221;center&#8221; _builder_version=&#8221;4.27.5&#8243; _module_preset=&#8221;default&#8221; max_width=&#8221;500px&#8221; module_alignment=&#8221;center&#8221; global_colors_info=&#8221;{}&#8221;][\/et_pb_image][et_pb_text _builder_version=&#8221;4.27.5&#8243; background_size=&#8221;initial&#8221; background_position=&#8221;top_left&#8221; background_repeat=&#8221;repeat&#8221; global_colors_info=&#8221;{}&#8221;]<\/p>\n<p>This philosophy aligns perfectly with the idea of luxury embodied by the Orient Express brand: a cultured, artisanal, almost obsessive dedication to detail that highlights the collective effort of master builders and artisans, where no individual is more important than the tradition they represent.<\/p>\n<p>[\/et_pb_text][et_pb_image src=&#8221;https:\/\/www.luigi-bevilacqua.com\/wp-content\/uploads\/2026\/04\/OEV_SalaDellaCultura_CreditsGiulioGhirardi.jpg&#8221; title_text=&#8221;OEV_SalaDellaCultura_CreditsGiulioGhirardi&#8221; show_in_lightbox=&#8221;on&#8221; align=&#8221;center&#8221; _builder_version=&#8221;4.27.5&#8243; _module_preset=&#8221;default&#8221; max_width=&#8221;500px&#8221; module_alignment=&#8221;center&#8221; locked=&#8221;off&#8221; global_colors_info=&#8221;{}&#8221;][\/et_pb_image][et_pb_text _builder_version=&#8221;4.27.5&#8243; background_size=&#8221;initial&#8221; background_position=&#8221;top_left&#8221; background_repeat=&#8221;repeat&#8221; global_colors_info=&#8221;{}&#8221;]<\/p>\n<p>This vision finds its ultimate expression in the <strong>Salone Vittoria<\/strong>, the most solemn space in the entire palace. Overlooking the Santa Fosca canal, it was conceived in 1548 for the wedding of the Duke of Urbino\u2019s son to Vittoria Farnese, Princess of Parma, one of the most lavish celebrations of the Venetian Renaissance. Redesigned in Neo-Gothic style in the 19th century by Meduna, it still preserves its original Murano chandelier and an atmosphere of refined ceremony that has hosted balls, cultural gatherings, and aristocratic evenings through the centuries. Today, it is the ideal setting for weddings, gala dinners, and private celebrations. And it is here that our textiles have found their place.<\/p>\n<p>[\/et_pb_text][et_pb_image src=&#8221;https:\/\/www.luigi-bevilacqua.com\/wp-content\/uploads\/2026\/04\/Salone-Vittoria.webp&#8221; title_text=&#8221;Salone Vittoria&#8221; show_in_lightbox=&#8221;on&#8221; align=&#8221;center&#8221; _builder_version=&#8221;4.27.5&#8243; _module_preset=&#8221;default&#8221; max_width=&#8221;500px&#8221; module_alignment=&#8221;center&#8221; locked=&#8221;off&#8221; global_colors_info=&#8221;{}&#8221;][\/et_pb_image][et_pb_text disabled_on=&#8221;off|off|off&#8221; admin_label=&#8221;didascalia&#8221; _builder_version=&#8221;4.27.5&#8243; text_font=&#8221;||on||&#8221; text_font_size=&#8221;12&#8243; background_color=&#8221;rgba(218,221,221,0.52)&#8221; text_orientation=&#8221;center&#8221; max_width=&#8221;500px&#8221; module_alignment=&#8221;center&#8221; locked=&#8221;off&#8221; global_colors_info=&#8221;{}&#8221;]<\/p>\n<p>Acanto Brocatelle in the Vittoria Hall<\/p>\n<p>[\/et_pb_text][\/et_pb_column][\/et_pb_row][et_pb_row _builder_version=&#8221;4.16&#8243; background_size=&#8221;initial&#8221; background_position=&#8221;top_left&#8221; background_repeat=&#8221;repeat&#8221; global_colors_info=&#8221;{}&#8221;][et_pb_column type=&#8221;4_4&#8243; _builder_version=&#8221;4.16&#8243; custom_padding=&#8221;|||&#8221; global_colors_info=&#8221;{}&#8221; custom_padding__hover=&#8221;|||&#8221;][et_pb_text _builder_version=&#8221;4.27.5&#8243; background_size=&#8221;initial&#8221; background_position=&#8221;top_left&#8221; background_repeat=&#8221;repeat&#8221; global_colors_info=&#8221;{}&#8221;]<\/p>\n<h2>The Acanto Brocatelle: When Fabric Becomes Architecture<\/h2>\n<p>For the Salone Vittoria, Aline Asmar d\u2019Amman selected our <a href=\"https:\/\/www.luigi-bevilacqua.com\/en\/product\/acanto-34895-brocatelle\/\">Acanto brocatelle<\/a>, and for us, it felt like a natural choice, as if the fabric and the space had always known each other.<\/p>\n<p><strong>Brocatelle<\/strong> belongs to the family of <strong>lampas fabrics<\/strong>, characterized by <strong>large raised patterns<\/strong> created through the contrast between a primary warp and weft, both in silk, and a second series of warp and weft threads that are very stiff, traditionally hemp or linen, giving the textile its distinctive sculptural, almost architectural quality. Lighter than <strong>brocade<\/strong> yet equally precious, it lends itself naturally to<strong> luxury interiors<\/strong>: upholstery, wall coverings, draperies, and liturgical furnishings.<\/p>\n<p>[\/et_pb_text][\/et_pb_column][\/et_pb_row][et_pb_row disabled_on=&#8221;off|off|off&#8221; _builder_version=&#8221;4.27.4&#8243; _module_preset=&#8221;default&#8221; locked=&#8221;off&#8221; global_colors_info=&#8221;{}&#8221;][et_pb_column type=&#8221;4_4&#8243; _builder_version=&#8221;4.16&#8243; _module_preset=&#8221;default&#8221; global_colors_info=&#8221;{}&#8221;][et_pb_image src=&#8221;https:\/\/www.luigi-bevilacqua.com\/wp-content\/uploads\/2022\/05\/Broccatello-Acanto-nuvola-100-34895-2.jpg&#8221; title_text=&#8221;Broccatello Acanto nuvola 100-34895&#8243; show_in_lightbox=&#8221;on&#8221; align=&#8221;center&#8221; _builder_version=&#8221;4.27.5&#8243; _module_preset=&#8221;default&#8221; max_width=&#8221;400px&#8221; module_alignment=&#8221;center&#8221; global_colors_info=&#8221;{}&#8221;][\/et_pb_image][et_pb_text disabled_on=&#8221;off|off|off&#8221; admin_label=&#8221;didascalia&#8221; _builder_version=&#8221;4.27.5&#8243; text_font=&#8221;||on||&#8221; text_font_size=&#8221;12&#8243; background_color=&#8221;rgba(218,221,221,0.52)&#8221; text_orientation=&#8221;center&#8221; max_width=&#8221;400px&#8221; module_alignment=&#8221;center&#8221; locked=&#8221;off&#8221; global_colors_info=&#8221;{}&#8221;]<\/p>\n<p>Acanto Brocatelle &#8211; Cloud White<\/p>\n<p>[\/et_pb_text][\/et_pb_column][\/et_pb_row][et_pb_row _builder_version=&#8221;4.16&#8243; background_size=&#8221;initial&#8221; background_position=&#8221;top_left&#8221; background_repeat=&#8221;repeat&#8221; global_colors_info=&#8221;{}&#8221;][et_pb_column type=&#8221;4_4&#8243; _builder_version=&#8221;4.16&#8243; custom_padding=&#8221;|||&#8221; global_colors_info=&#8221;{}&#8221; custom_padding__hover=&#8221;|||&#8221;][et_pb_text _builder_version=&#8221;4.27.5&#8243; background_size=&#8221;initial&#8221; background_position=&#8221;top_left&#8221; background_repeat=&#8221;repeat&#8221; global_colors_info=&#8221;{}&#8221;]<\/p>\n<p>Its history is deeply intertwined with that of the palace in which we find ourselves today. Widely adopted in <strong>16th-century Italy<\/strong>, brocatelle became the fabric of choice for aristocratic residences and prestigious ecclesiastical settings. Its dense linen structure made it possible to create elaborate decorations on a compact, uniform ground. Its success accompanied the <strong>Renaissance<\/strong> into the height of the <strong>Baroque<\/strong> period, crossing centuries with the same grace with which it now moves through the halls of a <strong>15th-century palace<\/strong>. Even today, it remains one of the most beloved textiles among interior designers.<\/p>\n<p>Our <strong>Acanto<\/strong> embodies all of this heritage. The motif, an <strong>elegant composition<\/strong> of curling acanthus leaves enriched with naturalistic elements, emerges delicately from the ground, revealed by its own luminosity. It is a design rooted in Western decorative iconography for millennia, appearing in Corinthian capitals, Renaissance inlays, and Baroque ceilings. In the Salone Vittoria, in a champagne tone created especially for this project, it converses with frescoes and stucco as if it had always belonged there, as if, in some way, it had been waiting.<\/p>\n<h2>Aline Asmar d\u2019Amman: Dressing Spaces<\/h2>\n<p>Understanding why such a choice was possible also means understanding who Aline Asmar d\u2019Amman is.<\/p>\n<p>An architect and interior designer originally from Beirut, <strong>Aline Asmar d\u2019Amman<\/strong> is renowned for her ability to transform spaces into true architectural narratives.<\/p>\n<p>Her international education and experience working alongside leading figures in design and fashion, including <strong>Karl Lagerfeld<\/strong>, have helped shape a distinctive style. For her, spaces are not simply furnished; they are dressed, with a couture-like approach.<\/p>\n<p>[\/et_pb_text][et_pb_image src=&#8221;https:\/\/www.luigi-bevilacqua.com\/wp-content\/uploads\/2026\/04\/Aline-Asmar-dAmman.jpg&#8221; title_text=&#8221;Aline Asmar dAmman&#8221; show_in_lightbox=&#8221;on&#8221; align=&#8221;center&#8221; _builder_version=&#8221;4.27.5&#8243; _module_preset=&#8221;default&#8221; max_width=&#8221;500px&#8221; module_alignment=&#8221;center&#8221; locked=&#8221;off&#8221; global_colors_info=&#8221;{}&#8221;][\/et_pb_image][et_pb_text disabled_on=&#8221;off|off|off&#8221; admin_label=&#8221;didascalia&#8221; _builder_version=&#8221;4.27.5&#8243; text_font=&#8221;||on||&#8221; text_font_size=&#8221;12&#8243; background_color=&#8221;rgba(218,221,221,0.52)&#8221; text_orientation=&#8221;center&#8221; max_width=&#8221;500px&#8221; module_alignment=&#8221;center&#8221; locked=&#8221;off&#8221; global_colors_info=&#8221;{}&#8221;]<\/p>\n<p>Aline Asmar d&#8217;Amman in the Vittoria Hall<\/p>\n<p>[\/et_pb_text][et_pb_text _builder_version=&#8221;4.27.5&#8243; background_size=&#8221;initial&#8221; background_position=&#8221;top_left&#8221; background_repeat=&#8221;repeat&#8221; global_colors_info=&#8221;{}&#8221;]<\/p>\n<p>In the <strong>Palazzo Don\u00e0 Giovannelli<\/strong> project, this vision becomes a continuous dialogue between historical heritage and contemporary creativity. Her style is distinguished by a sensitivity that recognizes beauty in the traces of time, blending precious materials with raw surfaces, architectural tradition with contemporary language.<\/p>\n<p>The result is an intervention that does not erase the memory of the place but amplifies it, transforming each room into a narrative experience capable of evoking emotions and suggestions.<\/p>\n<p>[\/et_pb_text][\/et_pb_column][\/et_pb_row][et_pb_row column_structure=&#8221;1_3,1_3,1_3&#8243; disabled_on=&#8221;off|off|off&#8221; _builder_version=&#8221;4.16&#8243; _module_preset=&#8221;default&#8221; locked=&#8221;off&#8221; global_colors_info=&#8221;{}&#8221;][et_pb_column type=&#8221;1_3&#8243; _builder_version=&#8221;4.16&#8243; _module_preset=&#8221;default&#8221; global_colors_info=&#8221;{}&#8221;][et_pb_image src=&#8221;https:\/\/www.luigi-bevilacqua.com\/wp-content\/uploads\/2026\/04\/2026_03_30_Lobby_03_CreditsGiulioGhirardi.webp&#8221; title_text=&#8221;2026_03_30_Lobby_03_CreditsGiulioGhirardi&#8221; show_in_lightbox=&#8221;on&#8221; align=&#8221;center&#8221; _builder_version=&#8221;4.27.5&#8243; _module_preset=&#8221;default&#8221; max_width=&#8221;500px&#8221; module_alignment=&#8221;center&#8221; global_colors_info=&#8221;{}&#8221;][\/et_pb_image][\/et_pb_column][et_pb_column type=&#8221;1_3&#8243; _builder_version=&#8221;4.27.4&#8243; _module_preset=&#8221;default&#8221; global_colors_info=&#8221;{}&#8221;][et_pb_image src=&#8221;https:\/\/www.luigi-bevilacqua.com\/wp-content\/uploads\/2026\/04\/2026_03_30_Staircase_CreditsGiulioGhirardi.webp&#8221; title_text=&#8221;2026_03_30_Staircase_CreditsGiulioGhirardi&#8221; show_in_lightbox=&#8221;on&#8221; align=&#8221;center&#8221; _builder_version=&#8221;4.27.5&#8243; _module_preset=&#8221;default&#8221; max_width=&#8221;500px&#8221; module_alignment=&#8221;center&#8221; global_colors_info=&#8221;{}&#8221;][\/et_pb_image][\/et_pb_column][et_pb_column type=&#8221;1_3&#8243; _builder_version=&#8221;4.16&#8243; _module_preset=&#8221;default&#8221; global_colors_info=&#8221;{}&#8221;][et_pb_image src=&#8221;https:\/\/www.luigi-bevilacqua.com\/wp-content\/uploads\/2026\/04\/Suite-Orient-Express.jpg&#8221; title_text=&#8221;Suite Orient Express&#8221; show_in_lightbox=&#8221;on&#8221; align=&#8221;center&#8221; _builder_version=&#8221;4.27.5&#8243; _module_preset=&#8221;default&#8221; max_width=&#8221;500px&#8221; module_alignment=&#8221;center&#8221; global_colors_info=&#8221;{}&#8221;][\/et_pb_image][\/et_pb_column][\/et_pb_row][et_pb_row _builder_version=&#8221;4.16&#8243; background_size=&#8221;initial&#8221; background_position=&#8221;top_left&#8221; background_repeat=&#8221;repeat&#8221; locked=&#8221;off&#8221; global_colors_info=&#8221;{}&#8221;][et_pb_column type=&#8221;4_4&#8243; _builder_version=&#8221;4.16&#8243; custom_padding=&#8221;|||&#8221; global_colors_info=&#8221;{}&#8221; custom_padding__hover=&#8221;|||&#8221;][et_pb_text _builder_version=&#8221;4.27.5&#8243; background_size=&#8221;initial&#8221; background_position=&#8221;top_left&#8221; background_repeat=&#8221;repeat&#8221; global_colors_info=&#8221;{}&#8221;]<\/p>\n<h2>Palazzo Don\u00e0 Giovannelli: Six Centuries of Venetian History<\/h2>\n<p>The history of this palace is, in many ways, the history of Venice itself. Built in 1436, said to be designed by <strong>Filippo Calendario<\/strong>, the same architect responsible for the <strong>Doge\u2019s Palace<\/strong>, it stands at the intersection of two canals in the Cannaregio district, with its spectacular fa\u00e7ade defined by seven finely carved Gothic windows reflected in the Rio de Noale.<\/p>\n<p>In the 16th century, the Serenissima gifted it to the <strong>Duke of Urbino, Francesco Maria della Rovere<\/strong>, who hosted grand celebrations here, including the wedding of his son to Princess Vittoria Farnese in 1548. In the following centuries, the palace passed to the Don\u00e0 family and later, in 1838, to the Giovannelli family, a dynasty of industrialists from Bergamo who transformed it into a center of Venetian social life, enriching it with artworks and legendary stories. Among the paintings once housed here was <strong><em>La Tempesta<\/em> by Giorgione<\/strong>, later acquired by the Italian state and transferred to the Gallerie dell\u2019Accademia.<\/p>\n<p>[\/et_pb_text][et_pb_image src=&#8221;https:\/\/www.luigi-bevilacqua.com\/wp-content\/uploads\/2026\/04\/OEV_LaCasati_Restaurant_CreditsGiulioGhirardi.jpg&#8221; title_text=&#8221;OEV_LaCasati_Restaurant_CreditsGiulioGhirardi&#8221; show_in_lightbox=&#8221;on&#8221; align=&#8221;center&#8221; _builder_version=&#8221;4.27.5&#8243; _module_preset=&#8221;default&#8221; max_width=&#8221;500px&#8221; module_alignment=&#8221;center&#8221; global_colors_info=&#8221;{}&#8221;][\/et_pb_image][\/et_pb_column][\/et_pb_row][et_pb_row _builder_version=&#8221;4.16&#8243; background_size=&#8221;initial&#8221; background_position=&#8221;top_left&#8221; background_repeat=&#8221;repeat&#8221; locked=&#8221;off&#8221; global_colors_info=&#8221;{}&#8221;][et_pb_column type=&#8221;4_4&#8243; _builder_version=&#8221;4.16&#8243; custom_padding=&#8221;|||&#8221; global_colors_info=&#8221;{}&#8221; custom_padding__hover=&#8221;|||&#8221;][et_pb_text _builder_version=&#8221;4.27.5&#8243; background_size=&#8221;initial&#8221; background_position=&#8221;top_left&#8221; background_repeat=&#8221;repeat&#8221; global_colors_info=&#8221;{}&#8221;]<\/p>\n<p>In the 19th century, Count Andrea Giovannelli entrusted Giovanni Battista Meduna, the architect of <strong>Teatro La Fenice and Ca\u2019 d\u2019Oro<\/strong>, with the task of enhancing the interiors with Neo-Gothic suggestions, Baroque elements, and the famous octagonal staircase crowned by a celestial vault. Each intervention left its mark; every era added a new element to this <strong>extraordinary palace<\/strong>.<\/p>\n<p>Today, with Orient Express and Aline Asmar d\u2019Amman, a new chapter opens in the story of Palazzo Don\u00e0 Giovannelli, and we are honored that Bevilacqua silks are part of it.<\/p>\n<p>[\/et_pb_text][et_pb_image src=&#8221;https:\/\/www.luigi-bevilacqua.com\/wp-content\/uploads\/2026\/04\/Palazzo-Dona-Giovannelli-facade.webp&#8221; title_text=&#8221;Palazzo Dona Giovannelli facade&#8221; show_in_lightbox=&#8221;on&#8221; align=&#8221;center&#8221; _builder_version=&#8221;4.27.5&#8243; _module_preset=&#8221;default&#8221; max_width=&#8221;500px&#8221; module_alignment=&#8221;center&#8221; locked=&#8221;off&#8221; global_colors_info=&#8221;{}&#8221;][\/et_pb_image][et_pb_text disabled_on=&#8221;off|off|off&#8221; admin_label=&#8221;didascalia&#8221; _builder_version=&#8221;4.27.5&#8243; text_font=&#8221;||on||&#8221; text_font_size=&#8221;12&#8243; background_color=&#8221;rgba(218,221,221,0.52)&#8221; text_orientation=&#8221;center&#8221; max_width=&#8221;500px&#8221; module_alignment=&#8221;center&#8221; locked=&#8221;off&#8221; global_colors_info=&#8221;{}&#8221;]<\/p>\n<p>Orient Express Venice Hotel &#8211; Fa\u00e7ade<\/p>\n<p>[\/et_pb_text][\/et_pb_column][\/et_pb_row][et_pb_row disabled_on=&#8221;off|off|off&#8221; _builder_version=&#8221;4.27.4&#8243; locked=&#8221;off&#8221; global_colors_info=&#8221;{}&#8221;][et_pb_column type=&#8221;4_4&#8243; _builder_version=&#8221;4.16&#8243; custom_padding=&#8221;|||&#8221; global_colors_info=&#8221;{}&#8221; custom_padding__hover=&#8221;|||&#8221;][et_pb_text admin_label=&#8221;Photo credit: &#8221; _builder_version=&#8221;4.27.5&#8243; locked=&#8221;off&#8221; global_colors_info=&#8221;{}&#8221;]<\/p>\n<pre>Photo Credits: Giulio Ghirardi<\/pre>\n<p>[\/et_pb_text][\/et_pb_column][\/et_pb_row][\/et_pb_section]<\/p>\n<span class=\"et_bloom_bottom_trigger\"><\/span>","protected":false},"excerpt":{"rendered":"<p>In one of Venice&#8217;s grandest palazzi, centuries-old silk brocatelle meets Orient Express luxury. Discover the craftsmanship behind the magic.<\/p>\n","protected":false},"author":10,"featured_media":69205,"comment_status":"closed","ping_status":"closed","sticky":false,"template":"","format":"standard","meta":{"_et_pb_use_builder":"on","_et_pb_old_content":"<p>[et_pb_section fb_built=\"1\" _builder_version=\"4.16\" global_colors_info=\"{}\"][et_pb_row _builder_version=\"4.16\" background_size=\"initial\" background_position=\"top_left\" background_repeat=\"repeat\" global_colors_info=\"{}\"][et_pb_column type=\"4_4\" _builder_version=\"4.16\" custom_padding=\"|||\" global_colors_info=\"{}\" custom_padding__hover=\"|||\"][et_pb_text _builder_version=\"4.27.5\" background_size=\"initial\" background_position=\"top_left\" background_repeat=\"repeat\" global_colors_info=\"{}\"]<\/p><p>Nel cuore del sestiere di Cannaregio, il leggendario <strong>Palazzo Don\u00e0 Giovannelli<\/strong> ha aggiunto una nuova pagina alla sua storia secolare: oggi \u00e8 <strong>Orient Express Venezia<\/strong>, un hotel a cinque stelle che porta la firma dell'architetta Aline Asmar d'Amman. In questo progetto straordinario, i tessuti della Tessitura Luigi Bevilacqua hanno trovato la loro dimora naturale.\u00a0<\/p><h2>Un palazzo che si trasforma in hotel, senza dimenticare s\u00e9 stesso<\/h2><p>Dopo <strong>otto anni di restauro<\/strong>, l\u2019hotel <a href=\"https:\/\/www.orient-express.com\/it\/hotel\/europe\/italy\/venice\/orient-express-venezia\">Orient Express Venezia<\/a> ha aperto i battenti in uno dei sestieri pi\u00f9 autentici della citt\u00e0, Cannaregio. Quarantasette ambienti tra camere, suite e residenze private nelle stanze che per secoli hanno accolto la nobilt\u00e0 veneziana.<\/p><p>Lo stile dell'hotel \u00e8 frutto di un connubio sapiente tra conservazione e contemporaneit\u00e0. L'architetta <strong>Aline Asmar d'Amman <\/strong>ha condotto un restauro incentrato sulla valorizzazione di elementi originali: affreschi, pavimenti a mosaico, lampadari in vetro di Murano e la straordinaria scala ottagonale ottocentesca di <strong>Giovanni Battista Meduna<\/strong> sono stati preservati e reintegrati nel racconto. Il risultato \u00e8 un dialogo tra epoche: gotico veneziano, barocco, neoclassico, modernit\u00e0, in cui nessuna voce sovrasta le altre.<\/p><p>[\/et_pb_text][et_pb_image src=\"https:\/\/www.luigi-bevilacqua.com\/wp-content\/uploads\/2026\/04\/2026_03_30_Lobby_CreditsGiulioGhirardi.webp\" title_text=\"2026_03_30_Lobby_CreditsGiulioGhirardi\" show_in_lightbox=\"on\" align=\"center\" _builder_version=\"4.27.5\" _module_preset=\"default\" max_width=\"500px\" module_alignment=\"center\" global_colors_info=\"{}\"][\/et_pb_image][et_pb_text _builder_version=\"4.27.5\" background_size=\"initial\" background_position=\"top_left\" background_repeat=\"repeat\" global_colors_info=\"{}\"]<\/p><p>\u00c8 proprio questa filosofia a coincidere con l'idea di lusso del brand Orient Express: una dedizione colta, artigianale e maniacale ai dettagli, che enfatizza lo sforzo collettivo di maestri d'opera e artigiani, dove nessun individuo \u00e8 pi\u00f9 importante della tradizione che rappresenta.<\/p><p>[\/et_pb_text][et_pb_image src=\"https:\/\/www.luigi-bevilacqua.com\/wp-content\/uploads\/2026\/04\/OE-Venezia_Sala-Della-Cultura_Credits-Giulio-Ghirardi.webp\" title_text=\"OE Venezia_Sala Della Cultura_Credits Giulio Ghirardi\" show_in_lightbox=\"on\" align=\"center\" _builder_version=\"4.27.5\" _module_preset=\"default\" max_width=\"500px\" module_alignment=\"center\" locked=\"off\" global_colors_info=\"{}\"][\/et_pb_image][et_pb_text _builder_version=\"4.27.5\" background_size=\"initial\" background_position=\"top_left\" background_repeat=\"repeat\" global_colors_info=\"{}\"]<\/p><p>A incarnare tutto questo \u00e8 il <strong>Salone Vittoria<\/strong>, lo spazio pi\u00f9 solenne dell'intero palazzo. Affacciato sul canale di Santa Fosca, fu concepito nel 1548 per le nozze del figlio del Duca di Urbino con Vittoria Farnese, principessa di Parma, una delle celebrazioni pi\u00f9 fastose del Rinascimento veneziano. Ripensato in stile neogotico nell'Ottocento da Meduna, conserva ancora il lampadario originale di Murano e un'aura di cerimoniale raffinato che nei secoli ha ospitato balli, incontri culturali, serate aristocratiche. Oggi \u00e8 la cornice ideale per matrimoni, cene di gala e celebrazioni private. Ed \u00e8 qui che i nostri tessuti hanno trovato il loro posto.<\/p><p>[\/et_pb_text][et_pb_image src=\"https:\/\/www.luigi-bevilacqua.com\/wp-content\/uploads\/2026\/04\/Salone-Vittoria.webp\" title_text=\"Salone Vittoria\" show_in_lightbox=\"on\" align=\"center\" _builder_version=\"4.27.5\" _module_preset=\"default\" max_width=\"500px\" module_alignment=\"center\" locked=\"off\" global_colors_info=\"{}\"][\/et_pb_image][et_pb_text disabled_on=\"off|off|off\" admin_label=\"didascalia\" _builder_version=\"4.27.5\" text_font=\"||on||\" text_font_size=\"12\" background_color=\"rgba(218,221,221,0.52)\" text_orientation=\"center\" max_width=\"500px\" module_alignment=\"center\" locked=\"off\" global_colors_info=\"{}\"]<\/p><p>Broccatello Acanto nel Salone Vittoria<\/p><p>[\/et_pb_text][\/et_pb_column][\/et_pb_row][et_pb_row _builder_version=\"4.16\" background_size=\"initial\" background_position=\"top_left\" background_repeat=\"repeat\" global_colors_info=\"{}\"][et_pb_column type=\"4_4\" _builder_version=\"4.16\" custom_padding=\"|||\" global_colors_info=\"{}\" custom_padding__hover=\"|||\"][et_pb_text _builder_version=\"4.27.5\" background_size=\"initial\" background_position=\"top_left\" background_repeat=\"repeat\" global_colors_info=\"{}\"]<\/p><h2>Il broccatello Acanto: quando il tessuto \u00e8 architettura<\/h2><p>Per il Salone Vittoria, Aline Asmar d'Amman ha scelto il nostro <a href=\"https:\/\/www.luigi-bevilacqua.com\/prodotto\/acanto-34895-broccatello\/\">broccatello Acanto<\/a>, e per noi \u00e8 stata una decisione naturale, come se tessuto e luogo si conoscessero da sempre.<\/p><p>Il <strong>broccatello<\/strong> appartiene alla famiglia dei lampassi: ha grandi <strong>disegni operati in rilievo<\/strong>, ottenuti per contrasto tra una prima catena e una prima trama, entrambe in seta, e una seconda serie costituita da catena e trama molto rigida, tradizionalmente in canapa o lino, che conferisce al tessuto il suo caratteristico effetto plastico, quasi scultoreo. Pi\u00f9 leggero del <strong>broccato<\/strong> ma altrettanto prezioso, si presta con naturalezza all'<strong>arredo di lusso<\/strong>: tappezzerie, rivestimenti murali, tendaggi, paramenti sacri.<\/p><p>[\/et_pb_text][\/et_pb_column][\/et_pb_row][et_pb_row disabled_on=\"off|off|off\" _builder_version=\"4.27.4\" _module_preset=\"default\" locked=\"off\" global_colors_info=\"{}\"][et_pb_column type=\"4_4\" _builder_version=\"4.16\" _module_preset=\"default\" global_colors_info=\"{}\"][et_pb_image src=\"https:\/\/www.luigi-bevilacqua.com\/wp-content\/uploads\/2022\/05\/Broccatello-Acanto-nuvola-100-34895-2.jpg\" title_text=\"Broccatello Acanto nuvola 100-34895\" show_in_lightbox=\"on\" align=\"center\" _builder_version=\"4.27.5\" _module_preset=\"default\" max_width=\"400px\" module_alignment=\"center\" hover_enabled=\"0\" global_colors_info=\"{}\" sticky_enabled=\"0\"][\/et_pb_image][et_pb_text disabled_on=\"off|off|off\" admin_label=\"didascalia\" _builder_version=\"4.27.5\" text_font=\"||on||\" text_font_size=\"12\" background_color=\"rgba(218,221,221,0.52)\" text_orientation=\"center\" max_width=\"400px\" module_alignment=\"center\" locked=\"off\" global_colors_info=\"{}\"]<\/p><p>Broccatello Acanto Nuvola<\/p><p>[\/et_pb_text][\/et_pb_column][\/et_pb_row][et_pb_row _builder_version=\"4.16\" background_size=\"initial\" background_position=\"top_left\" background_repeat=\"repeat\" global_colors_info=\"{}\"][et_pb_column type=\"4_4\" _builder_version=\"4.16\" custom_padding=\"|||\" global_colors_info=\"{}\" custom_padding__hover=\"|||\"][et_pb_text _builder_version=\"4.27.5\" background_size=\"initial\" background_position=\"top_left\" background_repeat=\"repeat\" global_colors_info=\"{}\"]<\/p><p>La sua storia \u00e8 strettamente intrecciata con quella del palazzo in cui oggi ci troviamo. Diffusosi nel <strong>XVI secolo in Italia<\/strong>, il broccatello divenne il tessuto d'elezione per le dimore dell'aristocrazia e del clero pi\u00f9 illustre: la sua trama densa di lino permetteva di realizzare, su un fondo compatto e uniforme, le elaborate decorazioni tipiche dell'epoca. La sua fortuna accompagn\u00f2 il <strong>Rinascimento<\/strong> fino al pieno <strong>Barocco<\/strong>, attraversando i secoli con la stessa grazia con cui attraversa oggi le sale di un palazzo del <strong>Quattrocento<\/strong>. Ancora oggi \u00e8 uno dei tessuti pi\u00f9 amati dagli interior designer.<\/p><p>Il nostro Acanto porta in s\u00e9 tutto questo. Il motivo, una <strong>elegante composizione<\/strong> di foglie d'acanto arricciate ed elementi naturalistici, emerge delicatamente dal fondo, rivelato dalla propria lucentezza. \u00c8 un disegno che appartiene all'iconografia decorativa occidentale da millenni: presente nei capitelli corinzi, negli intarsi rinascimentali, nei soffitti barocchi. Nel Salone Vittoria, in un colore champagne creato appositamente per questo progetto, dialoga con gli affreschi e gli stucchi come se li avesse sempre conosciuti. Come se, in qualche modo, li avesse attesi.<\/p><h2>Aline Asmar d'Amman: vestire gli spazi<\/h2><p>Capire perch\u00e9 una simile scelta sia stata possibile significa capire chi \u00e8 Aline Asmar d'Amman.<\/p><p>Architetta e interior designer originaria di Beirut, <strong>Aline Asmar d\u2019Amman<\/strong> \u00e8 nota per la sua capacit\u00e0 di trasformare gli spazi in veri e propri racconti architettonici.<\/p><p>La sua formazione internazionale e l\u2019esperienza maturata accanto a figure di primo piano del design e della moda, tra cui <strong>Karl Lagerfeld<\/strong>, hanno contribuito a definire uno stile inconfondibile. Per lei gli spazi non si arredano, si vestono, con un approccio sartoriale.<\/p><p>[\/et_pb_text][et_pb_image src=\"https:\/\/www.luigi-bevilacqua.com\/wp-content\/uploads\/2026\/04\/Aline-Asmar-dAmman.jpg\" title_text=\"Aline Asmar dAmman\" show_in_lightbox=\"on\" align=\"center\" _builder_version=\"4.27.5\" _module_preset=\"default\" max_width=\"500px\" module_alignment=\"center\" locked=\"off\" global_colors_info=\"{}\"][\/et_pb_image][et_pb_text disabled_on=\"off|off|off\" admin_label=\"didascalia\" _builder_version=\"4.27.5\" text_font=\"||on||\" text_font_size=\"12\" background_color=\"rgba(218,221,221,0.52)\" text_orientation=\"center\" max_width=\"500px\" module_alignment=\"center\" locked=\"off\" global_colors_info=\"{}\"]<\/p><p>Aline Asmar d'Amman nel Salone Vittoria<\/p><p>[\/et_pb_text][et_pb_text _builder_version=\"4.27.5\" background_size=\"initial\" background_position=\"top_left\" background_repeat=\"repeat\" global_colors_info=\"{}\"]<\/p><p>Nel progetto di Palazzo Don\u00e0 Giovannelli, questa visione si traduce in un dialogo continuo tra patrimonio storico e creativit\u00e0 contemporanea. Il suo stile si distingue per una sensibilit\u00e0 capace di cogliere la bellezza nelle tracce del tempo, fondendo materiali preziosi e superfici grezze, tradizione architettonica e linguaggi contemporanei.<\/p><p>Il risultato \u00e8 un intervento che non cancella la memoria del luogo, ma la amplifica, trasformando ogni ambiente in un\u2019esperienza narrativa capace di evocare emozioni e suggestioni.<\/p><p>[\/et_pb_text][\/et_pb_column][\/et_pb_row][et_pb_row column_structure=\"1_3,1_3,1_3\" disabled_on=\"off|off|off\" _builder_version=\"4.16\" _module_preset=\"default\" locked=\"off\" global_colors_info=\"{}\"][et_pb_column type=\"1_3\" _builder_version=\"4.16\" _module_preset=\"default\" global_colors_info=\"{}\"][et_pb_image src=\"https:\/\/www.luigi-bevilacqua.com\/wp-content\/uploads\/2026\/04\/2026_03_30_Lobby_03_CreditsGiulioGhirardi.webp\" title_text=\"2026_03_30_Lobby_03_CreditsGiulioGhirardi\" show_in_lightbox=\"on\" align=\"center\" _builder_version=\"4.27.5\" _module_preset=\"default\" max_width=\"500px\" module_alignment=\"center\" global_colors_info=\"{}\"][\/et_pb_image][\/et_pb_column][et_pb_column type=\"1_3\" _builder_version=\"4.27.4\" _module_preset=\"default\" global_colors_info=\"{}\"][et_pb_image src=\"https:\/\/www.luigi-bevilacqua.com\/wp-content\/uploads\/2026\/04\/2026_03_30_Staircase_CreditsGiulioGhirardi.webp\" title_text=\"2026_03_30_Staircase_CreditsGiulioGhirardi\" show_in_lightbox=\"on\" align=\"center\" _builder_version=\"4.27.5\" _module_preset=\"default\" max_width=\"500px\" module_alignment=\"center\" global_colors_info=\"{}\"][\/et_pb_image][\/et_pb_column][et_pb_column type=\"1_3\" _builder_version=\"4.16\" _module_preset=\"default\" global_colors_info=\"{}\"][et_pb_image src=\"https:\/\/www.luigi-bevilacqua.com\/wp-content\/uploads\/2026\/04\/Suite-Orient-Express.jpg\" title_text=\"Suite Orient Express\" show_in_lightbox=\"on\" align=\"center\" _builder_version=\"4.27.5\" _module_preset=\"default\" max_width=\"500px\" module_alignment=\"center\" global_colors_info=\"{}\"][\/et_pb_image][\/et_pb_column][\/et_pb_row][et_pb_row _builder_version=\"4.16\" background_size=\"initial\" background_position=\"top_left\" background_repeat=\"repeat\" locked=\"off\" global_colors_info=\"{}\"][et_pb_column type=\"4_4\" _builder_version=\"4.16\" custom_padding=\"|||\" global_colors_info=\"{}\" custom_padding__hover=\"|||\"][et_pb_text _builder_version=\"4.27.5\" background_size=\"initial\" background_position=\"top_left\" background_repeat=\"repeat\" global_colors_info=\"{}\"]<\/p><h2>Palazzo Don\u00e0 Giovannelli: sei secoli di storia veneziana<\/h2><p>La storia di questo palazzo \u00e8, in fondo, la storia di Venezia stessa. Edificato nel 1436, si dice su progetto di <strong>Filippo Calendario<\/strong>, lo stesso architetto del <strong>Palazzo Ducale<\/strong>, sorge all'incrocio di due canali nel sestiere di Cannaregio, con la sua spettacolare facciata caratterizzata da sette finestre gotiche finemente scolpite che si specchiano nel Rio de Noale.<\/p><p>Nel XVI secolo la Serenissima lo don\u00f2 al <strong>Duca di Urbino, Francesco Maria della Rovere<\/strong>, che vi ospit\u00f2 grandi celebrazioni, tra cui le nozze del figlio con la principessa Vittoria Farnese nel 1548. Nei secoli successivi pass\u00f2 alle famiglie Don\u00e0 e poi, nel 1838, ai Giovannelli, dinastia di industriali bergamaschi che lo trasformarono in un centro della vita mondana veneziana, arricchendolo di opere d'arte e di storie leggendarie. Tra le tele che un tempo vi erano custodite spicca <strong><em>La Tempesta<\/em> di Giorgione<\/strong>, poi acquistata dallo Stato e trasferita alle Gallerie dell'Accademia.<\/p><p>[\/et_pb_text][et_pb_image src=\"https:\/\/www.luigi-bevilacqua.com\/wp-content\/uploads\/2026\/04\/OEV-PDG_Wagon-Bar_Credit-Aline-Asmar-dAmman.webp\" title_text=\"OEV PDG_Wagon Bar_Cr\u00e9dit Aline Asmar d'Amman\" show_in_lightbox=\"on\" align=\"center\" _builder_version=\"4.27.5\" _module_preset=\"default\" max_width=\"500px\" module_alignment=\"center\" global_colors_info=\"{}\"][\/et_pb_image][\/et_pb_column][\/et_pb_row][et_pb_row _builder_version=\"4.16\" background_size=\"initial\" background_position=\"top_left\" background_repeat=\"repeat\" locked=\"off\" global_colors_info=\"{}\"][et_pb_column type=\"4_4\" _builder_version=\"4.16\" custom_padding=\"|||\" global_colors_info=\"{}\" custom_padding__hover=\"|||\"][et_pb_text _builder_version=\"4.27.5\" background_size=\"initial\" background_position=\"top_left\" background_repeat=\"repeat\" global_colors_info=\"{}\"]<\/p><p>Nell'Ottocento, il conte Andrea Giovannelli affid\u00f2 a Giovanni Battista Meduna, l'architetto del <strong>Teatro La Fenice e della Ca' d'Oro<\/strong>, il compito di arricchire gli interni con suggestioni neogotiche, elementi barocchi e la celebre scala ottagonale sormontata da una volta celeste. Ogni intervento ha lasciato un segno, ogni epoca ha aggiunto un elemento all\u2019interno di questo <strong>palazzo straordinario<\/strong>.<\/p><p>Oggi, con Orient Express e Aline Asmar d\u2019Amman si apre un nuovo capitolo nella storia di Palazzo Don\u00e0 Giovannelli, e siamo onorati che anche le sete Bevilacqua ne facciano parte.<\/p><p>[\/et_pb_text][et_pb_image src=\"https:\/\/www.luigi-bevilacqua.com\/wp-content\/uploads\/2026\/04\/Palazzo-Dona-Giovannelli-facade.webp\" title_text=\"Palazzo Dona Giovannelli facade\" show_in_lightbox=\"on\" align=\"center\" _builder_version=\"4.27.5\" _module_preset=\"default\" max_width=\"500px\" module_alignment=\"center\" locked=\"off\" global_colors_info=\"{}\"][\/et_pb_image][et_pb_text disabled_on=\"off|off|off\" admin_label=\"didascalia\" _builder_version=\"4.27.5\" text_font=\"||on||\" text_font_size=\"12\" background_color=\"rgba(218,221,221,0.52)\" text_orientation=\"center\" max_width=\"500px\" module_alignment=\"center\" locked=\"off\" global_colors_info=\"{}\"]<\/p><p>Hotel Orient Express Venezia - Fa\u00e7ade<\/p><p>[\/et_pb_text][\/et_pb_column][\/et_pb_row][et_pb_row disabled_on=\"off|off|off\" _builder_version=\"4.27.4\" locked=\"off\" global_colors_info=\"{}\"][et_pb_column type=\"4_4\" _builder_version=\"4.16\" custom_padding=\"|||\" global_colors_info=\"{}\" custom_padding__hover=\"|||\"][et_pb_text admin_label=\"Photo credit: \" _builder_version=\"4.27.5\" locked=\"off\" global_colors_info=\"{}\"]<\/p><pre>Photo Credits: Giulio Ghirardi<\/pre><p>[\/et_pb_text][\/et_pb_column][\/et_pb_row][\/et_pb_section]<\/p>","_et_gb_content_width":"","footnotes":""},"categories":[22,285],"tags":[],"class_list":["post-69214","post","type-post","status-publish","format-standard","has-post-thumbnail","hentry","category-collaborations","category-projects"],"yoast_head":"<!-- This site is optimized with the Yoast SEO plugin v27.4 - https:\/\/yoast.com\/product\/yoast-seo-wordpress\/ -->\n<title>Bevilacqua Brocatelle for Orient Express Venice<\/title>\n<meta name=\"description\" content=\"In one of Venice&#039;s grandest palazzi, centuries-old silk brocatelle meets Orient Express luxury. Discover the craftsmanship behind the magic.\" \/>\n<meta name=\"robots\" content=\"index, follow, max-snippet:-1, max-image-preview:large, max-video-preview:-1\" \/>\n<link rel=\"canonical\" href=\"https:\/\/www.luigi-bevilacqua.com\/en\/bevilacqua-brocatelle-orient-express-venice\/\" \/>\n<meta property=\"og:locale\" content=\"en_US\" \/>\n<meta property=\"og:type\" content=\"article\" \/>\n<meta property=\"og:title\" content=\"Bevilacqua Brocatelle for Orient Express Venice\" \/>\n<meta property=\"og:description\" content=\"In one of Venice&#039;s grandest palazzi, centuries-old silk brocatelle meets Orient Express luxury. Discover the craftsmanship behind the magic.\" \/>\n<meta property=\"og:url\" content=\"https:\/\/www.luigi-bevilacqua.com\/en\/bevilacqua-brocatelle-orient-express-venice\/\" \/>\n<meta property=\"og:site_name\" content=\"Tessitura Luigi Bevilaqua\" \/>\n<meta property=\"article:publisher\" content=\"https:\/\/www.facebook.com\/TessituraLuigiBevilacqua\" \/>\n<meta property=\"article:published_time\" content=\"2026-04-27T07:00:47+00:00\" \/>\n<meta property=\"og:image\" content=\"https:\/\/www.luigi-bevilacqua.com\/wp-content\/uploads\/2010\/04\/foto-copertina-Orient-Express-Venezia-Broccatello-Acanto.jpg\" \/>\n\t<meta property=\"og:image:width\" content=\"1080\" \/>\n\t<meta property=\"og:image:height\" content=\"675\" \/>\n\t<meta property=\"og:image:type\" content=\"image\/jpeg\" \/>\n<meta name=\"author\" content=\"Laura Fuser\" \/>\n<script type=\"application\/ld+json\" class=\"yoast-schema-graph\">{\"@context\":\"https:\\\/\\\/schema.org\",\"@graph\":[{\"@type\":\"Article\",\"@id\":\"https:\\\/\\\/www.luigi-bevilacqua.com\\\/en\\\/bevilacqua-brocatelle-orient-express-venice\\\/#article\",\"isPartOf\":{\"@id\":\"https:\\\/\\\/www.luigi-bevilacqua.com\\\/en\\\/bevilacqua-brocatelle-orient-express-venice\\\/\"},\"author\":{\"name\":\"Laura Fuser\",\"@id\":\"https:\\\/\\\/www.luigi-bevilacqua.com\\\/en\\\/#\\\/schema\\\/person\\\/6a99297ba99b9f66e527716bdae7c2df\"},\"headline\":\"Rediscovered Luxury: Bevilacqua Brocatelle for Orient Express Venice\",\"datePublished\":\"2026-04-27T07:00:47+00:00\",\"mainEntityOfPage\":{\"@id\":\"https:\\\/\\\/www.luigi-bevilacqua.com\\\/en\\\/bevilacqua-brocatelle-orient-express-venice\\\/\"},\"wordCount\":2162,\"publisher\":{\"@id\":\"https:\\\/\\\/www.luigi-bevilacqua.com\\\/en\\\/#organization\"},\"image\":{\"@id\":\"https:\\\/\\\/www.luigi-bevilacqua.com\\\/en\\\/bevilacqua-brocatelle-orient-express-venice\\\/#primaryimage\"},\"thumbnailUrl\":\"https:\\\/\\\/www.luigi-bevilacqua.com\\\/wp-content\\\/uploads\\\/2010\\\/04\\\/foto-copertina-Orient-Express-Venezia-Broccatello-Acanto.jpg\",\"articleSection\":[\"Collaborations\",\"projects\"],\"inLanguage\":\"en-US\"},{\"@type\":\"WebPage\",\"@id\":\"https:\\\/\\\/www.luigi-bevilacqua.com\\\/en\\\/bevilacqua-brocatelle-orient-express-venice\\\/\",\"url\":\"https:\\\/\\\/www.luigi-bevilacqua.com\\\/en\\\/bevilacqua-brocatelle-orient-express-venice\\\/\",\"name\":\"Bevilacqua Brocatelle for Orient Express Venice\",\"isPartOf\":{\"@id\":\"https:\\\/\\\/www.luigi-bevilacqua.com\\\/en\\\/#website\"},\"primaryImageOfPage\":{\"@id\":\"https:\\\/\\\/www.luigi-bevilacqua.com\\\/en\\\/bevilacqua-brocatelle-orient-express-venice\\\/#primaryimage\"},\"image\":{\"@id\":\"https:\\\/\\\/www.luigi-bevilacqua.com\\\/en\\\/bevilacqua-brocatelle-orient-express-venice\\\/#primaryimage\"},\"thumbnailUrl\":\"https:\\\/\\\/www.luigi-bevilacqua.com\\\/wp-content\\\/uploads\\\/2010\\\/04\\\/foto-copertina-Orient-Express-Venezia-Broccatello-Acanto.jpg\",\"datePublished\":\"2026-04-27T07:00:47+00:00\",\"description\":\"In one of Venice's grandest palazzi, centuries-old silk brocatelle meets Orient Express luxury. Discover the craftsmanship behind the magic.\",\"breadcrumb\":{\"@id\":\"https:\\\/\\\/www.luigi-bevilacqua.com\\\/en\\\/bevilacqua-brocatelle-orient-express-venice\\\/#breadcrumb\"},\"inLanguage\":\"en-US\",\"potentialAction\":[{\"@type\":\"ReadAction\",\"target\":[\"https:\\\/\\\/www.luigi-bevilacqua.com\\\/en\\\/bevilacqua-brocatelle-orient-express-venice\\\/\"]}]},{\"@type\":\"ImageObject\",\"inLanguage\":\"en-US\",\"@id\":\"https:\\\/\\\/www.luigi-bevilacqua.com\\\/en\\\/bevilacqua-brocatelle-orient-express-venice\\\/#primaryimage\",\"url\":\"https:\\\/\\\/www.luigi-bevilacqua.com\\\/wp-content\\\/uploads\\\/2010\\\/04\\\/foto-copertina-Orient-Express-Venezia-Broccatello-Acanto.jpg\",\"contentUrl\":\"https:\\\/\\\/www.luigi-bevilacqua.com\\\/wp-content\\\/uploads\\\/2010\\\/04\\\/foto-copertina-Orient-Express-Venezia-Broccatello-Acanto.jpg\",\"width\":1080,\"height\":675},{\"@type\":\"BreadcrumbList\",\"@id\":\"https:\\\/\\\/www.luigi-bevilacqua.com\\\/en\\\/bevilacqua-brocatelle-orient-express-venice\\\/#breadcrumb\",\"itemListElement\":[{\"@type\":\"ListItem\",\"position\":1,\"name\":\"Home\",\"item\":\"https:\\\/\\\/www.luigi-bevilacqua.com\\\/en\\\/home\\\/\"},{\"@type\":\"ListItem\",\"position\":2,\"name\":\"Rediscovered Luxury: Bevilacqua Brocatelle for Orient Express Venice\"}]},{\"@type\":\"WebSite\",\"@id\":\"https:\\\/\\\/www.luigi-bevilacqua.com\\\/en\\\/#website\",\"url\":\"https:\\\/\\\/www.luigi-bevilacqua.com\\\/en\\\/\",\"name\":\"Tessitura Luigi Bevilaqua\",\"description\":\"Tessitura Bevilaqua\",\"publisher\":{\"@id\":\"https:\\\/\\\/www.luigi-bevilacqua.com\\\/en\\\/#organization\"},\"potentialAction\":[{\"@type\":\"SearchAction\",\"target\":{\"@type\":\"EntryPoint\",\"urlTemplate\":\"https:\\\/\\\/www.luigi-bevilacqua.com\\\/en\\\/?s={search_term_string}\"},\"query-input\":{\"@type\":\"PropertyValueSpecification\",\"valueRequired\":true,\"valueName\":\"search_term_string\"}}],\"inLanguage\":\"en-US\"},{\"@type\":\"Organization\",\"@id\":\"https:\\\/\\\/www.luigi-bevilacqua.com\\\/en\\\/#organization\",\"name\":\"Tessitura Luigi Bevilacqua\",\"url\":\"https:\\\/\\\/www.luigi-bevilacqua.com\\\/en\\\/\",\"logo\":{\"@type\":\"ImageObject\",\"inLanguage\":\"en-US\",\"@id\":\"https:\\\/\\\/www.luigi-bevilacqua.com\\\/en\\\/#\\\/schema\\\/logo\\\/image\\\/\",\"url\":\"https:\\\/\\\/www.luigi-bevilacqua.com\\\/wp-content\\\/uploads\\\/2017\\\/04\\\/logo-bevilacqua-home.png\",\"contentUrl\":\"https:\\\/\\\/www.luigi-bevilacqua.com\\\/wp-content\\\/uploads\\\/2017\\\/04\\\/logo-bevilacqua-home.png\",\"width\":272,\"height\":156,\"caption\":\"Tessitura Luigi Bevilacqua\"},\"image\":{\"@id\":\"https:\\\/\\\/www.luigi-bevilacqua.com\\\/en\\\/#\\\/schema\\\/logo\\\/image\\\/\"},\"sameAs\":[\"https:\\\/\\\/www.facebook.com\\\/TessituraLuigiBevilacqua\",\"https:\\\/\\\/x.com\\\/tessiturebevilc\",\"https:\\\/\\\/www.instagram.com\\\/tessiturebevilacqua\\\/\",\"https:\\\/\\\/www.linkedin.com\\\/company\\\/bevilacqua\\\/\",\"https:\\\/\\\/it.pinterest.com\\\/luigibevilacqua\\\/\",\"https:\\\/\\\/www.youtube.com\\\/channel\\\/UCvKX4HKDdjyoJIztAzEekkQ\"]},{\"@type\":\"Person\",\"@id\":\"https:\\\/\\\/www.luigi-bevilacqua.com\\\/en\\\/#\\\/schema\\\/person\\\/6a99297ba99b9f66e527716bdae7c2df\",\"name\":\"Laura Fuser\",\"sameAs\":[\"https:\\\/\\\/strategika.es\\\/\"]}]}<\/script>\n<!-- \/ Yoast SEO plugin. -->","yoast_head_json":{"title":"Bevilacqua Brocatelle for Orient Express Venice","description":"In one of Venice's grandest palazzi, centuries-old silk brocatelle meets Orient Express luxury. Discover the craftsmanship behind the magic.","robots":{"index":"index","follow":"follow","max-snippet":"max-snippet:-1","max-image-preview":"max-image-preview:large","max-video-preview":"max-video-preview:-1"},"canonical":"https:\/\/www.luigi-bevilacqua.com\/en\/bevilacqua-brocatelle-orient-express-venice\/","og_locale":"en_US","og_type":"article","og_title":"Bevilacqua Brocatelle for Orient Express Venice","og_description":"In one of Venice's grandest palazzi, centuries-old silk brocatelle meets Orient Express luxury. Discover the craftsmanship behind the magic.","og_url":"https:\/\/www.luigi-bevilacqua.com\/en\/bevilacqua-brocatelle-orient-express-venice\/","og_site_name":"Tessitura Luigi Bevilaqua","article_publisher":"https:\/\/www.facebook.com\/TessituraLuigiBevilacqua","article_published_time":"2026-04-27T07:00:47+00:00","og_image":[{"width":1080,"height":675,"url":"https:\/\/www.luigi-bevilacqua.com\/wp-content\/uploads\/2010\/04\/foto-copertina-Orient-Express-Venezia-Broccatello-Acanto.jpg","type":"image\/jpeg"}],"author":"Laura Fuser","schema":{"@context":"https:\/\/schema.org","@graph":[{"@type":"Article","@id":"https:\/\/www.luigi-bevilacqua.com\/en\/bevilacqua-brocatelle-orient-express-venice\/#article","isPartOf":{"@id":"https:\/\/www.luigi-bevilacqua.com\/en\/bevilacqua-brocatelle-orient-express-venice\/"},"author":{"name":"Laura Fuser","@id":"https:\/\/www.luigi-bevilacqua.com\/en\/#\/schema\/person\/6a99297ba99b9f66e527716bdae7c2df"},"headline":"Rediscovered Luxury: Bevilacqua Brocatelle for Orient Express Venice","datePublished":"2026-04-27T07:00:47+00:00","mainEntityOfPage":{"@id":"https:\/\/www.luigi-bevilacqua.com\/en\/bevilacqua-brocatelle-orient-express-venice\/"},"wordCount":2162,"publisher":{"@id":"https:\/\/www.luigi-bevilacqua.com\/en\/#organization"},"image":{"@id":"https:\/\/www.luigi-bevilacqua.com\/en\/bevilacqua-brocatelle-orient-express-venice\/#primaryimage"},"thumbnailUrl":"https:\/\/www.luigi-bevilacqua.com\/wp-content\/uploads\/2010\/04\/foto-copertina-Orient-Express-Venezia-Broccatello-Acanto.jpg","articleSection":["Collaborations","projects"],"inLanguage":"en-US"},{"@type":"WebPage","@id":"https:\/\/www.luigi-bevilacqua.com\/en\/bevilacqua-brocatelle-orient-express-venice\/","url":"https:\/\/www.luigi-bevilacqua.com\/en\/bevilacqua-brocatelle-orient-express-venice\/","name":"Bevilacqua Brocatelle for Orient Express Venice","isPartOf":{"@id":"https:\/\/www.luigi-bevilacqua.com\/en\/#website"},"primaryImageOfPage":{"@id":"https:\/\/www.luigi-bevilacqua.com\/en\/bevilacqua-brocatelle-orient-express-venice\/#primaryimage"},"image":{"@id":"https:\/\/www.luigi-bevilacqua.com\/en\/bevilacqua-brocatelle-orient-express-venice\/#primaryimage"},"thumbnailUrl":"https:\/\/www.luigi-bevilacqua.com\/wp-content\/uploads\/2010\/04\/foto-copertina-Orient-Express-Venezia-Broccatello-Acanto.jpg","datePublished":"2026-04-27T07:00:47+00:00","description":"In one of Venice's grandest palazzi, centuries-old silk brocatelle meets Orient Express luxury. Discover the craftsmanship behind the magic.","breadcrumb":{"@id":"https:\/\/www.luigi-bevilacqua.com\/en\/bevilacqua-brocatelle-orient-express-venice\/#breadcrumb"},"inLanguage":"en-US","potentialAction":[{"@type":"ReadAction","target":["https:\/\/www.luigi-bevilacqua.com\/en\/bevilacqua-brocatelle-orient-express-venice\/"]}]},{"@type":"ImageObject","inLanguage":"en-US","@id":"https:\/\/www.luigi-bevilacqua.com\/en\/bevilacqua-brocatelle-orient-express-venice\/#primaryimage","url":"https:\/\/www.luigi-bevilacqua.com\/wp-content\/uploads\/2010\/04\/foto-copertina-Orient-Express-Venezia-Broccatello-Acanto.jpg","contentUrl":"https:\/\/www.luigi-bevilacqua.com\/wp-content\/uploads\/2010\/04\/foto-copertina-Orient-Express-Venezia-Broccatello-Acanto.jpg","width":1080,"height":675},{"@type":"BreadcrumbList","@id":"https:\/\/www.luigi-bevilacqua.com\/en\/bevilacqua-brocatelle-orient-express-venice\/#breadcrumb","itemListElement":[{"@type":"ListItem","position":1,"name":"Home","item":"https:\/\/www.luigi-bevilacqua.com\/en\/home\/"},{"@type":"ListItem","position":2,"name":"Rediscovered Luxury: Bevilacqua Brocatelle for Orient Express Venice"}]},{"@type":"WebSite","@id":"https:\/\/www.luigi-bevilacqua.com\/en\/#website","url":"https:\/\/www.luigi-bevilacqua.com\/en\/","name":"Tessitura Luigi Bevilaqua","description":"Tessitura Bevilaqua","publisher":{"@id":"https:\/\/www.luigi-bevilacqua.com\/en\/#organization"},"potentialAction":[{"@type":"SearchAction","target":{"@type":"EntryPoint","urlTemplate":"https:\/\/www.luigi-bevilacqua.com\/en\/?s={search_term_string}"},"query-input":{"@type":"PropertyValueSpecification","valueRequired":true,"valueName":"search_term_string"}}],"inLanguage":"en-US"},{"@type":"Organization","@id":"https:\/\/www.luigi-bevilacqua.com\/en\/#organization","name":"Tessitura Luigi Bevilacqua","url":"https:\/\/www.luigi-bevilacqua.com\/en\/","logo":{"@type":"ImageObject","inLanguage":"en-US","@id":"https:\/\/www.luigi-bevilacqua.com\/en\/#\/schema\/logo\/image\/","url":"https:\/\/www.luigi-bevilacqua.com\/wp-content\/uploads\/2017\/04\/logo-bevilacqua-home.png","contentUrl":"https:\/\/www.luigi-bevilacqua.com\/wp-content\/uploads\/2017\/04\/logo-bevilacqua-home.png","width":272,"height":156,"caption":"Tessitura Luigi Bevilacqua"},"image":{"@id":"https:\/\/www.luigi-bevilacqua.com\/en\/#\/schema\/logo\/image\/"},"sameAs":["https:\/\/www.facebook.com\/TessituraLuigiBevilacqua","https:\/\/x.com\/tessiturebevilc","https:\/\/www.instagram.com\/tessiturebevilacqua\/","https:\/\/www.linkedin.com\/company\/bevilacqua\/","https:\/\/it.pinterest.com\/luigibevilacqua\/","https:\/\/www.youtube.com\/channel\/UCvKX4HKDdjyoJIztAzEekkQ"]},{"@type":"Person","@id":"https:\/\/www.luigi-bevilacqua.com\/en\/#\/schema\/person\/6a99297ba99b9f66e527716bdae7c2df","name":"Laura Fuser","sameAs":["https:\/\/strategika.es\/"]}]}},"_links":{"self":[{"href":"https:\/\/www.luigi-bevilacqua.com\/en\/wp-json\/wp\/v2\/posts\/69214","targetHints":{"allow":["GET"]}}],"collection":[{"href":"https:\/\/www.luigi-bevilacqua.com\/en\/wp-json\/wp\/v2\/posts"}],"about":[{"href":"https:\/\/www.luigi-bevilacqua.com\/en\/wp-json\/wp\/v2\/types\/post"}],"author":[{"embeddable":true,"href":"https:\/\/www.luigi-bevilacqua.com\/en\/wp-json\/wp\/v2\/users\/10"}],"replies":[{"embeddable":true,"href":"https:\/\/www.luigi-bevilacqua.com\/en\/wp-json\/wp\/v2\/comments?post=69214"}],"version-history":[{"count":8,"href":"https:\/\/www.luigi-bevilacqua.com\/en\/wp-json\/wp\/v2\/posts\/69214\/revisions"}],"predecessor-version":[{"id":69238,"href":"https:\/\/www.luigi-bevilacqua.com\/en\/wp-json\/wp\/v2\/posts\/69214\/revisions\/69238"}],"wp:featuredmedia":[{"embeddable":true,"href":"https:\/\/www.luigi-bevilacqua.com\/en\/wp-json\/wp\/v2\/media\/69205"}],"wp:attachment":[{"href":"https:\/\/www.luigi-bevilacqua.com\/en\/wp-json\/wp\/v2\/media?parent=69214"}],"wp:term":[{"taxonomy":"category","embeddable":true,"href":"https:\/\/www.luigi-bevilacqua.com\/en\/wp-json\/wp\/v2\/categories?post=69214"},{"taxonomy":"post_tag","embeddable":true,"href":"https:\/\/www.luigi-bevilacqua.com\/en\/wp-json\/wp\/v2\/tags?post=69214"}],"curies":[{"name":"wp","href":"https:\/\/api.w.org\/{rel}","templated":true}]}}