{"id":69132,"date":"2026-04-22T08:25:04","date_gmt":"2026-04-22T06:25:04","guid":{"rendered":"https:\/\/www.luigi-bevilacqua.com\/?p=69132"},"modified":"2026-04-22T08:30:29","modified_gmt":"2026-04-22T06:30:29","slug":"vesperal-reflections-velvet-atmosphere","status":"publish","type":"post","link":"https:\/\/www.luigi-bevilacqua.com\/en\/vesperal-reflections-velvet-atmosphere\/","title":{"rendered":"Vesperal Reflections: Velvet as Atmosphere"},"content":{"rendered":"<p>[et_pb_section fb_built=&#8221;1&#8243; _builder_version=&#8221;4.16&#8243; global_colors_info=&#8221;{}&#8221;][et_pb_row _builder_version=&#8221;4.16&#8243; background_size=&#8221;initial&#8221; background_position=&#8221;top_left&#8221; background_repeat=&#8221;repeat&#8221; global_colors_info=&#8221;{}&#8221;][et_pb_column type=&#8221;4_4&#8243; _builder_version=&#8221;4.16&#8243; custom_padding=&#8221;|||&#8221; global_colors_info=&#8221;{}&#8221; custom_padding__hover=&#8221;|||&#8221;][et_pb_text _builder_version=&#8221;4.27.5&#8243; background_size=&#8221;initial&#8221; background_position=&#8221;top_left&#8221; background_repeat=&#8221;repeat&#8221; global_colors_info=&#8221;{}&#8221;]<\/p>\n<p>On the occasion of Milano Design Week, within the installation <em>Le Pied-\u00e0-Terre Cosmopolite<\/em> at Nilufar, Studio Daniel K presents <em>Vesperal Reflections<\/em>: a collection that explores the most intimate dimension of living, where material becomes an emotional language and light reveals its deepest character.<\/p>\n<p>Among the key elements of the project, the armchairs emerge as quiet yet defining presences.<br \/>It is here that textile takes center stage, transforming surface into narrative.<\/p>\n<p>[\/et_pb_text][et_pb_image src=&#8221;https:\/\/www.luigi-bevilacqua.com\/wp-content\/uploads\/2014\/11\/Velluto-soprarizzo-Deco-3432.jpg&#8221; alt=&#8221;Velluto soprarizzo Deco 3432 | Tessitura Bevilacqua&#8221; title_text=&#8221;Velluto soprarizzo Deco 3432 | Tessitura Bevilacqua&#8221; show_in_lightbox=&#8221;on&#8221; _builder_version=&#8221;4.27.5&#8243; _module_preset=&#8221;default&#8221; max_width=&#8221;450px&#8221; module_alignment=&#8221;center&#8221; global_colors_info=&#8221;{}&#8221;][\/et_pb_image][et_pb_text admin_label=&#8221;didascalia&#8221; _builder_version=&#8221;4.27.5&#8243; text_font=&#8221;||on||&#8221; text_font_size=&#8221;12&#8243; background_color=&#8221;rgba(218,221,221,0.52)&#8221; text_orientation=&#8221;center&#8221; max_width=&#8221;450px&#8221; module_alignment=&#8221;center&#8221; locked=&#8221;off&#8221; global_colors_info=&#8221;{}&#8221;]<\/p>\n<p><span style=\"font-weight: 400;\">D\u00e9c<\/span>o Soprarizzo Velvet<\/p>\n<p>[\/et_pb_text][et_pb_text _builder_version=&#8221;4.27.5&#8243; background_size=&#8221;initial&#8221; background_position=&#8221;top_left&#8221; background_repeat=&#8221;repeat&#8221; global_colors_info=&#8221;{}&#8221;]<\/p>\n<h2>Black D\u00e9co Velvet: A Memory in Motion<\/h2>\n<p>The armchairs are upholstered in a black velvet of remarkable depth, developed by Tessitura Luigi Bevilacqua from an Art Deco design created between 1932 and 1934 by architect Carl Bergsten.<\/p>\n<p>The motif originated as a study of movement: fluid lines, soft curves, and subtle contrasts that only emerge as the light shifts. It is not a pattern that asserts itself, but one that reveals itself gradually\u2014like a reflection, like a gesture.<\/p>\n<p>Translated into black velvet, the design sheds its original theatrical quality to enter a more intimate realm. The result is a textile that absorbs light during the day and releases it in the evening, becoming an integral part of the vesperal atmosphere envisioned by the project.<\/p>\n<p>[\/et_pb_text][et_pb_gallery gallery_ids=&#8221;69108,69100,69116,69104&#8243; fullwidth=&#8221;on&#8221; _builder_version=&#8221;4.27.5&#8243; max_width=&#8221;450px&#8221; module_alignment=&#8221;center&#8221; global_colors_info=&#8221;{}&#8221;][\/et_pb_gallery][et_pb_text admin_label=&#8221;didascalia&#8221; _builder_version=&#8221;4.27.5&#8243; text_font=&#8221;||on||&#8221; text_font_size=&#8221;12&#8243; background_color=&#8221;rgba(218,221,221,0.52)&#8221; text_orientation=&#8221;center&#8221; max_width=&#8221;450px&#8221; module_alignment=&#8221;center&#8221; locked=&#8221;off&#8221; global_colors_info=&#8221;{}&#8221;]<\/p>\n<p><span style=\"font-weight: 400;\">D\u00e9c<\/span>o Velvet Armchairs &#8211; Image Gallery<\/p>\n<p>[\/et_pb_text][et_pb_text _builder_version=&#8221;4.27.5&#8243; background_size=&#8221;initial&#8221; background_position=&#8221;top_left&#8221; background_repeat=&#8221;repeat&#8221; global_colors_info=&#8221;{}&#8221;]<\/p>\n<h2>Lampasso Three Crowns: Rhythm and Identity<\/h2>\n<p>Alongside the <a href=\"https:\/\/www.luigi-bevilacqua.com\/en\/product\/deco-3432-soprarizzo-velvet\/\">D\u00e9co velvet<\/a>, the <strong>Lampasso Three Crowns<\/strong> motif introduces a second textile reading\u2014more graphic, more structured, yet equally refined.<\/p>\n<p>Its geometry creates a visual rhythm that dialogues with the architecture of the armchairs, subtly emphasizing their form. If the velvet works through depth and light, <a href=\"https:\/\/www.luigi-bevilacqua.com\/en\/product\/three-crowns-3334-lampas\/\">Lampasso Three Crowns<\/a> intervenes at the level of composition, establishing a balance between surface and structure.<\/p>\n<p>The result is a carefully calibrated tension between decoration and form, softness and rigor.<\/p>\n<p>[\/et_pb_text][\/et_pb_column][\/et_pb_row][et_pb_row column_structure=&#8221;1_2,1_2&#8243; _builder_version=&#8221;4.16&#8243; _module_preset=&#8221;default&#8221; global_colors_info=&#8221;{}&#8221;][et_pb_column type=&#8221;1_2&#8243; _builder_version=&#8221;4.16&#8243; _module_preset=&#8221;default&#8221; global_colors_info=&#8221;{}&#8221;][et_pb_image src=&#8221;https:\/\/www.luigi-bevilacqua.com\/wp-content\/uploads\/2026\/04\/Immagine-2026-04-21-112454.jpg&#8221; alt=&#8221;Disegni velluto Colonne-1 | Tessitura Bevilacqua&#8221; title_text=&#8221;Immagine 2026-04-21 112454&#8243; show_in_lightbox=&#8221;on&#8221; _builder_version=&#8221;4.27.5&#8243; _module_preset=&#8221;default&#8221; max_width=&#8221;450px&#8221; module_alignment=&#8221;center&#8221; locked=&#8221;off&#8221; global_colors_info=&#8221;{}&#8221;][\/et_pb_image][\/et_pb_column][et_pb_column type=&#8221;1_2&#8243; _builder_version=&#8221;4.16&#8243; _module_preset=&#8221;default&#8221; global_colors_info=&#8221;{}&#8221;][et_pb_image src=&#8221;https:\/\/www.luigi-bevilacqua.com\/wp-content\/uploads\/2026\/04\/Immagine-2026-04-21-124909.jpg&#8221; alt=&#8221;Disegni velluto Colonne-1 | Tessitura Bevilacqua&#8221; title_text=&#8221;Immagine 2026-04-21 124909&#8243; show_in_lightbox=&#8221;on&#8221; _builder_version=&#8221;4.27.5&#8243; _module_preset=&#8221;default&#8221; max_width=&#8221;450px&#8221; module_alignment=&#8221;center&#8221; locked=&#8221;off&#8221; global_colors_info=&#8221;{}&#8221;][\/et_pb_image][\/et_pb_column][\/et_pb_row][et_pb_row _builder_version=&#8221;4.16&#8243; background_size=&#8221;initial&#8221; background_position=&#8221;top_left&#8221; background_repeat=&#8221;repeat&#8221; global_colors_info=&#8221;{}&#8221;][et_pb_column type=&#8221;4_4&#8243; _builder_version=&#8221;4.16&#8243; custom_padding=&#8221;|||&#8221; global_colors_info=&#8221;{}&#8221; custom_padding__hover=&#8221;|||&#8221;][et_pb_image src=&#8221;https:\/\/www.luigi-bevilacqua.com\/wp-content\/uploads\/2026\/04\/Lampasso-Three-Crowns-giada-098-3334.jpg&#8221; alt=&#8221;Velluto soprarizzo Deco 3432 | Tessitura Bevilacqua&#8221; title_text=&#8221;Lampasso Three Crowns giada 098-3334&#8243; show_in_lightbox=&#8221;on&#8221; _builder_version=&#8221;4.27.5&#8243; _module_preset=&#8221;default&#8221; max_width=&#8221;450px&#8221; module_alignment=&#8221;center&#8221; locked=&#8221;off&#8221; global_colors_info=&#8221;{}&#8221;][\/et_pb_image][et_pb_text admin_label=&#8221;didascalia&#8221; _builder_version=&#8221;4.27.5&#8243; text_font=&#8221;||on||&#8221; text_font_size=&#8221;12&#8243; background_color=&#8221;rgba(218,221,221,0.52)&#8221; text_orientation=&#8221;center&#8221; max_width=&#8221;450px&#8221; module_alignment=&#8221;center&#8221; locked=&#8221;off&#8221; global_colors_info=&#8221;{}&#8221;]<\/p>\n<p>Three Crowns Lampass &#8211; Jade<\/p>\n<p>[\/et_pb_text][et_pb_text _builder_version=&#8221;4.27.5&#8243; background_size=&#8221;initial&#8221; background_position=&#8221;top_left&#8221; background_repeat=&#8221;repeat&#8221; global_colors_info=&#8221;{}&#8221;]<\/p>\n<h2>The Armchair as an Intimate Object<\/h2>\n<p>In Studio Daniel K\u2019s language, the armchair is not merely functional, but relational\u2014an object that invites both pause and contemplation.<\/p>\n<p>The dialogue between the black D\u00e9co velvet and Lampasso Three Crowns amplifies this dimension: the former invites touch, the latter guides the gaze. Together, they construct a complete sensory experience that unfolds especially in the evening hours, when light softens and surfaces begin to vibrate.<\/p>\n<p>[\/et_pb_text][et_pb_image src=&#8221;https:\/\/www.luigi-bevilacqua.com\/wp-content\/uploads\/2026\/04\/SDK_Nilufar_Joia-Armchair_ph-Filippo-PincoliniW1118_95_gr.jpg&#8221; alt=&#8221;Velluto soprarizzo Deco 3432 | Tessitura Bevilacqua&#8221; title_text=&#8221;SDK_Nilufar_Joia Armchair_ph Filippo PincoliniW1118_95_gr&#8221; show_in_lightbox=&#8221;on&#8221; _builder_version=&#8221;4.27.5&#8243; _module_preset=&#8221;default&#8221; max_width=&#8221;450px&#8221; module_alignment=&#8221;center&#8221; locked=&#8221;off&#8221; global_colors_info=&#8221;{}&#8221;][\/et_pb_image][et_pb_text _builder_version=&#8221;4.27.5&#8243; background_size=&#8221;initial&#8221; background_position=&#8221;top_left&#8221; background_repeat=&#8221;repeat&#8221; hover_enabled=&#8221;0&#8243; global_colors_info=&#8221;{}&#8221; sticky_enabled=&#8221;0&#8243;]<\/p>\n<h2>Material, Light, Atmosphere<\/h2>\n<p>In <em>Vesperal Reflections<\/em>, textile is never mere decoration. It is a narrative structure\u2014what allows objects to transform throughout the day, accompanying the transition from public to private, from daylight to night.<\/p>\n<p>The armchairs embody this vision perfectly: by day, silent sculptures; by night, living presences\u2014intimate, tactile, and deeply domestic in the most profound sense.<\/p>\n<p><strong>On view:<\/strong><br \/><a href=\"https:\/\/nilufar.com\/casa-magica\/\">nilufar.com\/casa-magica\/<\/a><\/p>\n<p><strong>NILUFAR PRESENTS <em>LE PIED-\u00c0-TERRE COSMOPOLITE<\/em><\/strong><br \/>Milano Design Week 2026<\/p>\n<p>@NILUFAR \u2014 Via della Spiga 32, Milan<br \/>From April 20th, 2026<br \/>Opening Hours: Monday, 10 AM \u2013 5 PM; Tuesday\u2013Sunday, 10 AM \u2013 7 PM<\/p>\n<p><a href=\"https:\/\/www.studiodanielk.com\/\">studiodanielk.com<\/a><br \/><a href=\"https:\/\/nilufar.com\/\">nilufar.com<\/a><\/p>\n<p>[\/et_pb_text][\/et_pb_column][\/et_pb_row][et_pb_row disabled_on=&#8221;off|off|off&#8221; _builder_version=&#8221;4.27.4&#8243; global_colors_info=&#8221;{}&#8221;][et_pb_column type=&#8221;4_4&#8243; _builder_version=&#8221;4.16&#8243; custom_padding=&#8221;|||&#8221; global_colors_info=&#8221;{}&#8221; custom_padding__hover=&#8221;|||&#8221;][et_pb_text admin_label=&#8221;Cover photo credit: &#8221; _builder_version=&#8221;4.27.5&#8243; locked=&#8221;off&#8221; global_colors_info=&#8221;{}&#8221;]<\/p>\n<pre>Photo Credits: Filippo Pincolini<\/pre>\n<p>[\/et_pb_text][\/et_pb_column][\/et_pb_row][\/et_pb_section]<\/p>\n<span class=\"et_bloom_bottom_trigger\"><\/span>","protected":false},"excerpt":{"rendered":"<p>Studio Daniel K&#8217;s Vesperal Reflections: D\u00e9co velvet and lampas fabric turn armchairs into intimate objects that come alive in evening light.<\/p>\n","protected":false},"author":10,"featured_media":69087,"comment_status":"closed","ping_status":"closed","sticky":false,"template":"","format":"standard","meta":{"_et_pb_use_builder":"on","_et_pb_old_content":"<p>[et_pb_section fb_built=\"1\" _builder_version=\"4.16\" global_colors_info=\"{}\"][et_pb_row _builder_version=\"4.16\" background_size=\"initial\" background_position=\"top_left\" background_repeat=\"repeat\" global_colors_info=\"{}\"][et_pb_column type=\"4_4\" _builder_version=\"4.16\" custom_padding=\"|||\" global_colors_info=\"{}\" custom_padding__hover=\"|||\"][et_pb_text _builder_version=\"4.27.5\" background_size=\"initial\" background_position=\"top_left\" background_repeat=\"repeat\" hover_enabled=\"0\" global_colors_info=\"{}\" sticky_enabled=\"0\"]<\/p><p>In occasione della Milano Design Week, all\u2019interno dell\u2019installazione <em>Le Pied-\u00e0-Terre Cosmopolite<\/em> presso Nilufar, Studio Daniel K presenta <em>Vesperal Reflections<\/em>: una collezione che esplora la dimensione pi\u00f9 intima dell\u2019abitare, dove la materia diventa linguaggio emotivo e la luce ne rivela il carattere pi\u00f9 profondo.<\/p><p>Tra gli elementi chiave del progetto, le poltroncine emergono come presenze silenziose ma decisive.<\/p><p>\u00c8 qui che il tessuto si fa protagonista, trasformando la superficie in narrazione.<\/p><p>[\/et_pb_text][et_pb_image src=\"https:\/\/www.luigi-bevilacqua.com\/wp-content\/uploads\/2014\/11\/Velluto-soprarizzo-Deco-3432.jpg\" alt=\"Velluto soprarizzo Deco 3432 | Tessitura Bevilacqua\" title_text=\"Velluto soprarizzo Deco 3432 | Tessitura Bevilacqua\" show_in_lightbox=\"on\" _builder_version=\"4.27.5\" _module_preset=\"default\" max_width=\"450px\" module_alignment=\"center\" hover_enabled=\"0\" global_colors_info=\"{}\" sticky_enabled=\"0\"][\/et_pb_image][et_pb_text admin_label=\"didascalia\" _builder_version=\"4.27.5\" text_font=\"||on||\" text_font_size=\"12\" background_color=\"rgba(218,221,221,0.52)\" text_orientation=\"center\" max_width=\"450px\" module_alignment=\"center\" hover_enabled=\"0\" locked=\"off\" global_colors_info=\"{}\" sticky_enabled=\"0\"]<\/p><p><span style=\"font-weight: 400;\">Velluto soprarizzo D\u00e9c<\/span>o<\/p><p>[\/et_pb_text][et_pb_text _builder_version=\"4.27.5\" background_size=\"initial\" background_position=\"top_left\" background_repeat=\"repeat\" hover_enabled=\"0\" global_colors_info=\"{}\" sticky_enabled=\"0\"]<\/p><h2>Il velluto D\u00e9co nero: una memoria in movimento<\/h2><p>Le poltroncine sono rivestite con un velluto nero di straordinaria profondit\u00e0, sviluppato da Tessitura Luigi Bevilacqua a partire da un disegno Art D\u00e9co realizzato tra il 1932 e il 1934 dall\u2019architetto Carl Bergsten.<\/p><p>Il motivo nasce come studio sul movimento: linee fluide, curve morbide e contrasti appena percettibili che emergono solo al variare della luce. Non \u00e8 un pattern che si impone, ma che si rivela lentamente\u2014come un riflesso, come un gesto.<\/p><p>Trasposto in velluto nero, il disegno perde ogni dimensione teatrale originaria per entrare in una sfera pi\u00f9 raccolta. Il risultato \u00e8 un tessuto che assorbe la luce durante il giorno e la restituisce la sera, diventando parte integrante dell\u2019atmosfera vesperale immaginata dal progetto.<\/p><p>[\/et_pb_text][et_pb_gallery gallery_ids=\"69107,69099,69115,69103\" fullwidth=\"on\" _builder_version=\"4.27.5\" max_width=\"450px\" module_alignment=\"center\" hover_enabled=\"0\" global_colors_info=\"{}\" sticky_enabled=\"0\"][\/et_pb_gallery][et_pb_text admin_label=\"didascalia\" _builder_version=\"4.27.5\" text_font=\"||on||\" text_font_size=\"12\" background_color=\"rgba(218,221,221,0.52)\" text_orientation=\"center\" max_width=\"450px\" module_alignment=\"center\" hover_enabled=\"0\" locked=\"off\" global_colors_info=\"{}\" sticky_enabled=\"0\"]<\/p><p>Poltroncine in <span style=\"font-weight: 400;\">velluto D\u00e9c<\/span>o - Galleria di immagini<\/p><p>[\/et_pb_text][et_pb_text _builder_version=\"4.27.5\" background_size=\"initial\" background_position=\"top_left\" background_repeat=\"repeat\" hover_enabled=\"0\" global_colors_info=\"{}\" sticky_enabled=\"0\"]<\/p><h2>Lampasso Three Crowns: ritmo e identit\u00e0<\/h2><p>Accanto al <a href=\"https:\/\/www.luigi-bevilacqua.com\/prodotto\/deco-3432-velluto-soprarizzo\/\">velluto D\u00e9co<\/a>, il motivo <strong>Lampasso Three Crowns<\/strong> introduce una seconda lettura tessile: pi\u00f9 grafica, pi\u00f9 scandita, ma ugualmente raffinata.<\/p><p>Le sue geometrie costruiscono un ritmo visivo che dialoga con la struttura delle poltroncine\u2014quasi a sottolinearne l\u2019architettura. Se il velluto lavora sulla profondit\u00e0 e sulla luce, il <a href=\"https:\/\/www.luigi-bevilacqua.com\/prodotto\/three-crowns-3334-lampasso\/\">Lampasso Three Crown<\/a>s interviene sulla composizione, creando un equilibrio tra superficie e forma.<\/p><p>Il risultato \u00e8 una tensione calibrata tra decorazione e struttura, tra morbidezza e rigore.<\/p><p>[\/et_pb_text][\/et_pb_column][\/et_pb_row][et_pb_row column_structure=\"1_2,1_2\" _builder_version=\"4.16\" _module_preset=\"default\" global_colors_info=\"{}\"][et_pb_column type=\"1_2\" _builder_version=\"4.16\" _module_preset=\"default\" global_colors_info=\"{}\"][et_pb_image src=\"https:\/\/www.luigi-bevilacqua.com\/wp-content\/uploads\/2026\/04\/Immagine-2026-04-21-112454.jpg\" alt=\"Disegni velluto Colonne-1 | Tessitura Bevilacqua\" title_text=\"Immagine 2026-04-21 112454\" show_in_lightbox=\"on\" _builder_version=\"4.27.5\" _module_preset=\"default\" hover_enabled=\"0\" global_colors_info=\"{}\" locked=\"off\" module_alignment=\"center\" max_width=\"450px\" sticky_enabled=\"0\"][\/et_pb_image][\/et_pb_column][et_pb_column type=\"1_2\" _builder_version=\"4.16\" _module_preset=\"default\" global_colors_info=\"{}\"][et_pb_image src=\"https:\/\/www.luigi-bevilacqua.com\/wp-content\/uploads\/2026\/04\/Immagine-2026-04-21-124909.jpg\" alt=\"Disegni velluto Colonne-1 | Tessitura Bevilacqua\" title_text=\"Immagine 2026-04-21 124909\" show_in_lightbox=\"on\" _builder_version=\"4.27.5\" _module_preset=\"default\" hover_enabled=\"0\" global_colors_info=\"{}\" locked=\"off\" module_alignment=\"center\" max_width=\"450px\" sticky_enabled=\"0\"][\/et_pb_image][\/et_pb_column][\/et_pb_row][et_pb_row _builder_version=\"4.16\" background_size=\"initial\" background_position=\"top_left\" background_repeat=\"repeat\" global_colors_info=\"{}\"][et_pb_column type=\"4_4\" _builder_version=\"4.16\" custom_padding=\"|||\" global_colors_info=\"{}\" custom_padding__hover=\"|||\"][et_pb_image src=\"https:\/\/www.luigi-bevilacqua.com\/wp-content\/uploads\/2026\/04\/Lampasso-Three-Crowns-giada-098-3334.jpg\" alt=\"Velluto soprarizzo Deco 3432 | Tessitura Bevilacqua\" title_text=\"Lampasso Three Crowns giada 098-3334\" show_in_lightbox=\"on\" _builder_version=\"4.27.5\" _module_preset=\"default\" max_width=\"450px\" module_alignment=\"center\" hover_enabled=\"0\" global_colors_info=\"{}\" sticky_enabled=\"0\" locked=\"off\"][\/et_pb_image][et_pb_text admin_label=\"didascalia\" _builder_version=\"4.27.5\" text_font=\"||on||\" text_font_size=\"12\" background_color=\"rgba(218,221,221,0.52)\" text_orientation=\"center\" max_width=\"450px\" module_alignment=\"center\" hover_enabled=\"0\" locked=\"off\" global_colors_info=\"{}\" sticky_enabled=\"0\"]<\/p><p>Lampasso Three Crowns - Giada<\/p><p>[\/et_pb_text][et_pb_text _builder_version=\"4.27.5\" background_size=\"initial\" background_position=\"top_left\" background_repeat=\"repeat\" hover_enabled=\"0\" global_colors_info=\"{}\" sticky_enabled=\"0\"]<\/p><h2>La poltroncina come oggetto intimo<\/h2><p>Nel linguaggio di Studio Daniel K, la poltroncina non \u00e8 semplicemente un elemento funzionale, ma un oggetto di relazione. Un punto di sosta, ma anche di contemplazione.<\/p><p>Il dialogo tra il velluto D\u00e9co nero e il Lampasso Three Crowns amplifica questa dimensione: il primo invita al tatto, il secondo guida lo sguardo. Insieme, costruiscono un\u2019esperienza sensoriale completa, che si attiva soprattutto nelle ore serali, quando la luce si abbassa e le superfici iniziano a vibrare.<\/p><p>[\/et_pb_text][et_pb_image src=\"https:\/\/www.luigi-bevilacqua.com\/wp-content\/uploads\/2026\/04\/SDK_Nilufar_Joia-Armchair_ph-Filippo-PincoliniW1118_95_gr.jpg\" alt=\"Velluto soprarizzo Deco 3432 | Tessitura Bevilacqua\" title_text=\"SDK_Nilufar_Joia Armchair_ph Filippo PincoliniW1118_95_gr\" show_in_lightbox=\"on\" _builder_version=\"4.27.5\" _module_preset=\"default\" max_width=\"450px\" module_alignment=\"center\" hover_enabled=\"0\" global_colors_info=\"{}\" sticky_enabled=\"0\" locked=\"off\"][\/et_pb_image][et_pb_text _builder_version=\"4.27.5\" background_size=\"initial\" background_position=\"top_left\" background_repeat=\"repeat\" hover_enabled=\"0\" global_colors_info=\"{}\" sticky_enabled=\"0\"]<\/p><h2>Materia, luce, atmosfera<\/h2><p>In <em>Vesperal Reflections<\/em>, il tessuto non \u00e8 mai decorazione fine a s\u00e9 stessa. \u00c8 struttura narrativa. \u00c8 ci\u00f2 che permette agli oggetti di cambiare nel tempo della giornata, accompagnando il passaggio dal pubblico al privato, dal giorno alla notte.<\/p><p>Le poltroncine incarnano perfettamente questa visione: di giorno, sculture silenziose; di notte, presenze vive, intime, quasi domestiche nel senso pi\u00f9 profondo del termine.<\/p><p>\u00a0<\/p><p><strong>In esposizione:<\/strong><br \/>nilufar.com\/casa-magica\/<\/p><p><strong>NILUFAR PRESENTS <em>LE PIED-\u00c0-TERRE COSMOPOLITE<\/em><\/strong><br \/>Milano Design Week 2026<\/p><p>@NILUFAR \u2014 Via della Spiga 32, Milan<br \/>From April 20th, 2026<br \/>Opening Hours: Monday, 10 AM \u2013 5 PM; Tuesday\u2013Sunday, 10 AM \u2013 7 PM<\/p><p>studiodanielk.com<br \/>nilufar.com<\/p><p>[\/et_pb_text][\/et_pb_column][\/et_pb_row][et_pb_row disabled_on=\"off|off|off\" _builder_version=\"4.27.4\" global_colors_info=\"{}\"][et_pb_column type=\"4_4\" _builder_version=\"4.16\" custom_padding=\"|||\" global_colors_info=\"{}\" custom_padding__hover=\"|||\"][et_pb_text admin_label=\"Cover photo credit: \" _builder_version=\"4.27.5\" hover_enabled=\"0\" locked=\"off\" global_colors_info=\"{}\" sticky_enabled=\"0\"]<\/p><pre>Photo Credits: Filippo Pincolini<\/pre><p>[\/et_pb_text][\/et_pb_column][\/et_pb_row][\/et_pb_section]<\/p>","_et_gb_content_width":"","footnotes":""},"categories":[22,201,285],"tags":[],"class_list":["post-69132","post","type-post","status-publish","format-standard","has-post-thumbnail","hentry","category-collaborations","category-furnishings","category-projects"],"yoast_head":"<!-- This site is optimized with the Yoast SEO plugin v27.4 - https:\/\/yoast.com\/product\/yoast-seo-wordpress\/ -->\n<title>Vesperal Reflections: Velvet as Atmosphere<\/title>\n<meta name=\"description\" content=\"Studio Daniel K&#039;s Vesperal Reflections: D\u00e9co velvet and lampas fabric turn armchairs into intimate objects that come alive in evening light.\" \/>\n<meta name=\"robots\" content=\"index, follow, max-snippet:-1, max-image-preview:large, max-video-preview:-1\" \/>\n<link rel=\"canonical\" href=\"https:\/\/www.luigi-bevilacqua.com\/en\/vesperal-reflections-velvet-atmosphere\/\" \/>\n<meta property=\"og:locale\" content=\"en_US\" \/>\n<meta property=\"og:type\" content=\"article\" \/>\n<meta property=\"og:title\" content=\"Vesperal Reflections: Velvet as Atmosphere\" \/>\n<meta property=\"og:description\" content=\"Studio Daniel K&#039;s Vesperal Reflections: D\u00e9co velvet and lampas fabric turn armchairs into intimate objects that come alive in evening light.\" \/>\n<meta property=\"og:url\" content=\"https:\/\/www.luigi-bevilacqua.com\/en\/vesperal-reflections-velvet-atmosphere\/\" \/>\n<meta property=\"og:site_name\" content=\"Tessitura Luigi Bevilaqua\" \/>\n<meta property=\"article:publisher\" content=\"https:\/\/www.facebook.com\/TessituraLuigiBevilacqua\" \/>\n<meta property=\"article:published_time\" content=\"2026-04-22T06:25:04+00:00\" \/>\n<meta property=\"article:modified_time\" content=\"2026-04-22T06:30:29+00:00\" \/>\n<meta property=\"og:image\" content=\"https:\/\/www.luigi-bevilacqua.com\/wp-content\/uploads\/2026\/04\/FOTO-COPERTINA-ARTICOLO-SDK_Nilufar_Joia-Armchair_ph-Filippo-PincoliniW1118_95_gr.jpg\" \/>\n\t<meta property=\"og:image:width\" content=\"1080\" \/>\n\t<meta property=\"og:image:height\" content=\"675\" \/>\n\t<meta property=\"og:image:type\" content=\"image\/jpeg\" \/>\n<meta name=\"author\" content=\"Laura Fuser\" \/>\n<script type=\"application\/ld+json\" class=\"yoast-schema-graph\">{\"@context\":\"https:\\\/\\\/schema.org\",\"@graph\":[{\"@type\":\"Article\",\"@id\":\"https:\\\/\\\/www.luigi-bevilacqua.com\\\/en\\\/vesperal-reflections-velvet-atmosphere\\\/#article\",\"isPartOf\":{\"@id\":\"https:\\\/\\\/www.luigi-bevilacqua.com\\\/en\\\/vesperal-reflections-velvet-atmosphere\\\/\"},\"author\":{\"name\":\"Laura Fuser\",\"@id\":\"https:\\\/\\\/www.luigi-bevilacqua.com\\\/en\\\/#\\\/schema\\\/person\\\/6a99297ba99b9f66e527716bdae7c2df\"},\"headline\":\"Vesperal Reflections: Velvet as Atmosphere\",\"datePublished\":\"2026-04-22T06:25:04+00:00\",\"dateModified\":\"2026-04-22T06:30:29+00:00\",\"mainEntityOfPage\":{\"@id\":\"https:\\\/\\\/www.luigi-bevilacqua.com\\\/en\\\/vesperal-reflections-velvet-atmosphere\\\/\"},\"wordCount\":1133,\"publisher\":{\"@id\":\"https:\\\/\\\/www.luigi-bevilacqua.com\\\/en\\\/#organization\"},\"image\":{\"@id\":\"https:\\\/\\\/www.luigi-bevilacqua.com\\\/en\\\/vesperal-reflections-velvet-atmosphere\\\/#primaryimage\"},\"thumbnailUrl\":\"https:\\\/\\\/www.luigi-bevilacqua.com\\\/wp-content\\\/uploads\\\/2026\\\/04\\\/FOTO-COPERTINA-ARTICOLO-SDK_Nilufar_Joia-Armchair_ph-Filippo-PincoliniW1118_95_gr.jpg\",\"articleSection\":[\"Collaborations\",\"Furnishings\",\"projects\"],\"inLanguage\":\"en-US\"},{\"@type\":\"WebPage\",\"@id\":\"https:\\\/\\\/www.luigi-bevilacqua.com\\\/en\\\/vesperal-reflections-velvet-atmosphere\\\/\",\"url\":\"https:\\\/\\\/www.luigi-bevilacqua.com\\\/en\\\/vesperal-reflections-velvet-atmosphere\\\/\",\"name\":\"Vesperal Reflections: Velvet as Atmosphere\",\"isPartOf\":{\"@id\":\"https:\\\/\\\/www.luigi-bevilacqua.com\\\/en\\\/#website\"},\"primaryImageOfPage\":{\"@id\":\"https:\\\/\\\/www.luigi-bevilacqua.com\\\/en\\\/vesperal-reflections-velvet-atmosphere\\\/#primaryimage\"},\"image\":{\"@id\":\"https:\\\/\\\/www.luigi-bevilacqua.com\\\/en\\\/vesperal-reflections-velvet-atmosphere\\\/#primaryimage\"},\"thumbnailUrl\":\"https:\\\/\\\/www.luigi-bevilacqua.com\\\/wp-content\\\/uploads\\\/2026\\\/04\\\/FOTO-COPERTINA-ARTICOLO-SDK_Nilufar_Joia-Armchair_ph-Filippo-PincoliniW1118_95_gr.jpg\",\"datePublished\":\"2026-04-22T06:25:04+00:00\",\"dateModified\":\"2026-04-22T06:30:29+00:00\",\"description\":\"Studio Daniel K's Vesperal Reflections: D\u00e9co velvet and lampas fabric turn armchairs into intimate objects that come alive in evening light.\",\"breadcrumb\":{\"@id\":\"https:\\\/\\\/www.luigi-bevilacqua.com\\\/en\\\/vesperal-reflections-velvet-atmosphere\\\/#breadcrumb\"},\"inLanguage\":\"en-US\",\"potentialAction\":[{\"@type\":\"ReadAction\",\"target\":[\"https:\\\/\\\/www.luigi-bevilacqua.com\\\/en\\\/vesperal-reflections-velvet-atmosphere\\\/\"]}]},{\"@type\":\"ImageObject\",\"inLanguage\":\"en-US\",\"@id\":\"https:\\\/\\\/www.luigi-bevilacqua.com\\\/en\\\/vesperal-reflections-velvet-atmosphere\\\/#primaryimage\",\"url\":\"https:\\\/\\\/www.luigi-bevilacqua.com\\\/wp-content\\\/uploads\\\/2026\\\/04\\\/FOTO-COPERTINA-ARTICOLO-SDK_Nilufar_Joia-Armchair_ph-Filippo-PincoliniW1118_95_gr.jpg\",\"contentUrl\":\"https:\\\/\\\/www.luigi-bevilacqua.com\\\/wp-content\\\/uploads\\\/2026\\\/04\\\/FOTO-COPERTINA-ARTICOLO-SDK_Nilufar_Joia-Armchair_ph-Filippo-PincoliniW1118_95_gr.jpg\",\"width\":1080,\"height\":675},{\"@type\":\"BreadcrumbList\",\"@id\":\"https:\\\/\\\/www.luigi-bevilacqua.com\\\/en\\\/vesperal-reflections-velvet-atmosphere\\\/#breadcrumb\",\"itemListElement\":[{\"@type\":\"ListItem\",\"position\":1,\"name\":\"Home\",\"item\":\"https:\\\/\\\/www.luigi-bevilacqua.com\\\/en\\\/home\\\/\"},{\"@type\":\"ListItem\",\"position\":2,\"name\":\"Vesperal Reflections: Velvet as Atmosphere\"}]},{\"@type\":\"WebSite\",\"@id\":\"https:\\\/\\\/www.luigi-bevilacqua.com\\\/en\\\/#website\",\"url\":\"https:\\\/\\\/www.luigi-bevilacqua.com\\\/en\\\/\",\"name\":\"Tessitura Luigi Bevilaqua\",\"description\":\"Tessitura Bevilaqua\",\"publisher\":{\"@id\":\"https:\\\/\\\/www.luigi-bevilacqua.com\\\/en\\\/#organization\"},\"potentialAction\":[{\"@type\":\"SearchAction\",\"target\":{\"@type\":\"EntryPoint\",\"urlTemplate\":\"https:\\\/\\\/www.luigi-bevilacqua.com\\\/en\\\/?s={search_term_string}\"},\"query-input\":{\"@type\":\"PropertyValueSpecification\",\"valueRequired\":true,\"valueName\":\"search_term_string\"}}],\"inLanguage\":\"en-US\"},{\"@type\":\"Organization\",\"@id\":\"https:\\\/\\\/www.luigi-bevilacqua.com\\\/en\\\/#organization\",\"name\":\"Tessitura Luigi Bevilacqua\",\"url\":\"https:\\\/\\\/www.luigi-bevilacqua.com\\\/en\\\/\",\"logo\":{\"@type\":\"ImageObject\",\"inLanguage\":\"en-US\",\"@id\":\"https:\\\/\\\/www.luigi-bevilacqua.com\\\/en\\\/#\\\/schema\\\/logo\\\/image\\\/\",\"url\":\"https:\\\/\\\/www.luigi-bevilacqua.com\\\/wp-content\\\/uploads\\\/2017\\\/04\\\/logo-bevilacqua-home.png\",\"contentUrl\":\"https:\\\/\\\/www.luigi-bevilacqua.com\\\/wp-content\\\/uploads\\\/2017\\\/04\\\/logo-bevilacqua-home.png\",\"width\":272,\"height\":156,\"caption\":\"Tessitura Luigi Bevilacqua\"},\"image\":{\"@id\":\"https:\\\/\\\/www.luigi-bevilacqua.com\\\/en\\\/#\\\/schema\\\/logo\\\/image\\\/\"},\"sameAs\":[\"https:\\\/\\\/www.facebook.com\\\/TessituraLuigiBevilacqua\",\"https:\\\/\\\/x.com\\\/tessiturebevilc\",\"https:\\\/\\\/www.instagram.com\\\/tessiturebevilacqua\\\/\",\"https:\\\/\\\/www.linkedin.com\\\/company\\\/bevilacqua\\\/\",\"https:\\\/\\\/it.pinterest.com\\\/luigibevilacqua\\\/\",\"https:\\\/\\\/www.youtube.com\\\/channel\\\/UCvKX4HKDdjyoJIztAzEekkQ\"]},{\"@type\":\"Person\",\"@id\":\"https:\\\/\\\/www.luigi-bevilacqua.com\\\/en\\\/#\\\/schema\\\/person\\\/6a99297ba99b9f66e527716bdae7c2df\",\"name\":\"Laura Fuser\",\"sameAs\":[\"https:\\\/\\\/strategika.es\\\/\"]}]}<\/script>\n<!-- \/ Yoast SEO plugin. -->","yoast_head_json":{"title":"Vesperal Reflections: Velvet as Atmosphere","description":"Studio Daniel K's Vesperal Reflections: D\u00e9co velvet and lampas fabric turn armchairs into intimate objects that come alive in evening light.","robots":{"index":"index","follow":"follow","max-snippet":"max-snippet:-1","max-image-preview":"max-image-preview:large","max-video-preview":"max-video-preview:-1"},"canonical":"https:\/\/www.luigi-bevilacqua.com\/en\/vesperal-reflections-velvet-atmosphere\/","og_locale":"en_US","og_type":"article","og_title":"Vesperal Reflections: Velvet as Atmosphere","og_description":"Studio Daniel K's Vesperal Reflections: D\u00e9co velvet and lampas fabric turn armchairs into intimate objects that come alive in evening light.","og_url":"https:\/\/www.luigi-bevilacqua.com\/en\/vesperal-reflections-velvet-atmosphere\/","og_site_name":"Tessitura Luigi Bevilaqua","article_publisher":"https:\/\/www.facebook.com\/TessituraLuigiBevilacqua","article_published_time":"2026-04-22T06:25:04+00:00","article_modified_time":"2026-04-22T06:30:29+00:00","og_image":[{"width":1080,"height":675,"url":"https:\/\/www.luigi-bevilacqua.com\/wp-content\/uploads\/2026\/04\/FOTO-COPERTINA-ARTICOLO-SDK_Nilufar_Joia-Armchair_ph-Filippo-PincoliniW1118_95_gr.jpg","type":"image\/jpeg"}],"author":"Laura Fuser","schema":{"@context":"https:\/\/schema.org","@graph":[{"@type":"Article","@id":"https:\/\/www.luigi-bevilacqua.com\/en\/vesperal-reflections-velvet-atmosphere\/#article","isPartOf":{"@id":"https:\/\/www.luigi-bevilacqua.com\/en\/vesperal-reflections-velvet-atmosphere\/"},"author":{"name":"Laura Fuser","@id":"https:\/\/www.luigi-bevilacqua.com\/en\/#\/schema\/person\/6a99297ba99b9f66e527716bdae7c2df"},"headline":"Vesperal Reflections: Velvet as Atmosphere","datePublished":"2026-04-22T06:25:04+00:00","dateModified":"2026-04-22T06:30:29+00:00","mainEntityOfPage":{"@id":"https:\/\/www.luigi-bevilacqua.com\/en\/vesperal-reflections-velvet-atmosphere\/"},"wordCount":1133,"publisher":{"@id":"https:\/\/www.luigi-bevilacqua.com\/en\/#organization"},"image":{"@id":"https:\/\/www.luigi-bevilacqua.com\/en\/vesperal-reflections-velvet-atmosphere\/#primaryimage"},"thumbnailUrl":"https:\/\/www.luigi-bevilacqua.com\/wp-content\/uploads\/2026\/04\/FOTO-COPERTINA-ARTICOLO-SDK_Nilufar_Joia-Armchair_ph-Filippo-PincoliniW1118_95_gr.jpg","articleSection":["Collaborations","Furnishings","projects"],"inLanguage":"en-US"},{"@type":"WebPage","@id":"https:\/\/www.luigi-bevilacqua.com\/en\/vesperal-reflections-velvet-atmosphere\/","url":"https:\/\/www.luigi-bevilacqua.com\/en\/vesperal-reflections-velvet-atmosphere\/","name":"Vesperal Reflections: Velvet as Atmosphere","isPartOf":{"@id":"https:\/\/www.luigi-bevilacqua.com\/en\/#website"},"primaryImageOfPage":{"@id":"https:\/\/www.luigi-bevilacqua.com\/en\/vesperal-reflections-velvet-atmosphere\/#primaryimage"},"image":{"@id":"https:\/\/www.luigi-bevilacqua.com\/en\/vesperal-reflections-velvet-atmosphere\/#primaryimage"},"thumbnailUrl":"https:\/\/www.luigi-bevilacqua.com\/wp-content\/uploads\/2026\/04\/FOTO-COPERTINA-ARTICOLO-SDK_Nilufar_Joia-Armchair_ph-Filippo-PincoliniW1118_95_gr.jpg","datePublished":"2026-04-22T06:25:04+00:00","dateModified":"2026-04-22T06:30:29+00:00","description":"Studio Daniel K's Vesperal Reflections: D\u00e9co velvet and lampas fabric turn armchairs into intimate objects that come alive in evening light.","breadcrumb":{"@id":"https:\/\/www.luigi-bevilacqua.com\/en\/vesperal-reflections-velvet-atmosphere\/#breadcrumb"},"inLanguage":"en-US","potentialAction":[{"@type":"ReadAction","target":["https:\/\/www.luigi-bevilacqua.com\/en\/vesperal-reflections-velvet-atmosphere\/"]}]},{"@type":"ImageObject","inLanguage":"en-US","@id":"https:\/\/www.luigi-bevilacqua.com\/en\/vesperal-reflections-velvet-atmosphere\/#primaryimage","url":"https:\/\/www.luigi-bevilacqua.com\/wp-content\/uploads\/2026\/04\/FOTO-COPERTINA-ARTICOLO-SDK_Nilufar_Joia-Armchair_ph-Filippo-PincoliniW1118_95_gr.jpg","contentUrl":"https:\/\/www.luigi-bevilacqua.com\/wp-content\/uploads\/2026\/04\/FOTO-COPERTINA-ARTICOLO-SDK_Nilufar_Joia-Armchair_ph-Filippo-PincoliniW1118_95_gr.jpg","width":1080,"height":675},{"@type":"BreadcrumbList","@id":"https:\/\/www.luigi-bevilacqua.com\/en\/vesperal-reflections-velvet-atmosphere\/#breadcrumb","itemListElement":[{"@type":"ListItem","position":1,"name":"Home","item":"https:\/\/www.luigi-bevilacqua.com\/en\/home\/"},{"@type":"ListItem","position":2,"name":"Vesperal Reflections: Velvet as Atmosphere"}]},{"@type":"WebSite","@id":"https:\/\/www.luigi-bevilacqua.com\/en\/#website","url":"https:\/\/www.luigi-bevilacqua.com\/en\/","name":"Tessitura Luigi Bevilaqua","description":"Tessitura Bevilaqua","publisher":{"@id":"https:\/\/www.luigi-bevilacqua.com\/en\/#organization"},"potentialAction":[{"@type":"SearchAction","target":{"@type":"EntryPoint","urlTemplate":"https:\/\/www.luigi-bevilacqua.com\/en\/?s={search_term_string}"},"query-input":{"@type":"PropertyValueSpecification","valueRequired":true,"valueName":"search_term_string"}}],"inLanguage":"en-US"},{"@type":"Organization","@id":"https:\/\/www.luigi-bevilacqua.com\/en\/#organization","name":"Tessitura Luigi Bevilacqua","url":"https:\/\/www.luigi-bevilacqua.com\/en\/","logo":{"@type":"ImageObject","inLanguage":"en-US","@id":"https:\/\/www.luigi-bevilacqua.com\/en\/#\/schema\/logo\/image\/","url":"https:\/\/www.luigi-bevilacqua.com\/wp-content\/uploads\/2017\/04\/logo-bevilacqua-home.png","contentUrl":"https:\/\/www.luigi-bevilacqua.com\/wp-content\/uploads\/2017\/04\/logo-bevilacqua-home.png","width":272,"height":156,"caption":"Tessitura Luigi Bevilacqua"},"image":{"@id":"https:\/\/www.luigi-bevilacqua.com\/en\/#\/schema\/logo\/image\/"},"sameAs":["https:\/\/www.facebook.com\/TessituraLuigiBevilacqua","https:\/\/x.com\/tessiturebevilc","https:\/\/www.instagram.com\/tessiturebevilacqua\/","https:\/\/www.linkedin.com\/company\/bevilacqua\/","https:\/\/it.pinterest.com\/luigibevilacqua\/","https:\/\/www.youtube.com\/channel\/UCvKX4HKDdjyoJIztAzEekkQ"]},{"@type":"Person","@id":"https:\/\/www.luigi-bevilacqua.com\/en\/#\/schema\/person\/6a99297ba99b9f66e527716bdae7c2df","name":"Laura Fuser","sameAs":["https:\/\/strategika.es\/"]}]}},"_links":{"self":[{"href":"https:\/\/www.luigi-bevilacqua.com\/en\/wp-json\/wp\/v2\/posts\/69132","targetHints":{"allow":["GET"]}}],"collection":[{"href":"https:\/\/www.luigi-bevilacqua.com\/en\/wp-json\/wp\/v2\/posts"}],"about":[{"href":"https:\/\/www.luigi-bevilacqua.com\/en\/wp-json\/wp\/v2\/types\/post"}],"author":[{"embeddable":true,"href":"https:\/\/www.luigi-bevilacqua.com\/en\/wp-json\/wp\/v2\/users\/10"}],"replies":[{"embeddable":true,"href":"https:\/\/www.luigi-bevilacqua.com\/en\/wp-json\/wp\/v2\/comments?post=69132"}],"version-history":[{"count":10,"href":"https:\/\/www.luigi-bevilacqua.com\/en\/wp-json\/wp\/v2\/posts\/69132\/revisions"}],"predecessor-version":[{"id":69150,"href":"https:\/\/www.luigi-bevilacqua.com\/en\/wp-json\/wp\/v2\/posts\/69132\/revisions\/69150"}],"wp:featuredmedia":[{"embeddable":true,"href":"https:\/\/www.luigi-bevilacqua.com\/en\/wp-json\/wp\/v2\/media\/69087"}],"wp:attachment":[{"href":"https:\/\/www.luigi-bevilacqua.com\/en\/wp-json\/wp\/v2\/media?parent=69132"}],"wp:term":[{"taxonomy":"category","embeddable":true,"href":"https:\/\/www.luigi-bevilacqua.com\/en\/wp-json\/wp\/v2\/categories?post=69132"},{"taxonomy":"post_tag","embeddable":true,"href":"https:\/\/www.luigi-bevilacqua.com\/en\/wp-json\/wp\/v2\/tags?post=69132"}],"curies":[{"name":"wp","href":"https:\/\/api.w.org\/{rel}","templated":true}]}}