{"id":61682,"date":"2024-07-25T09:00:22","date_gmt":"2024-07-25T07:00:22","guid":{"rendered":"https:\/\/www.luigi-bevilacqua.com\/?p=61682"},"modified":"2024-07-22T11:27:17","modified_gmt":"2024-07-22T09:27:17","slug":"black-velvet-bags-and-scarves-2024","status":"publish","type":"post","link":"https:\/\/www.luigi-bevilacqua.com\/en\/black-velvet-bags-and-scarves-2024\/","title":{"rendered":"Timeless Elegance: Black Velvet Fashion Accessories by Bevilacqua"},"content":{"rendered":"<p>[et_pb_section fb_built=&#8221;1&#8243; _builder_version=&#8221;4.16&#8243; global_colors_info=&#8221;{}&#8221;][et_pb_row _builder_version=&#8221;4.16&#8243; background_size=&#8221;initial&#8221; background_position=&#8221;top_left&#8221; background_repeat=&#8221;repeat&#8221; global_colors_info=&#8221;{}&#8221;][et_pb_column type=&#8221;4_4&#8243; _builder_version=&#8221;4.16&#8243; custom_padding=&#8221;|||&#8221; global_colors_info=&#8221;{}&#8221; custom_padding__hover=&#8221;|||&#8221;][et_pb_text admin_label=&#8221;intro + par. 1&#8243; _builder_version=&#8221;4.26.1&#8243; global_colors_info=&#8221;{}&#8221;]<\/p>\n<p>Introducing our Fall-Winter collection of luxury accessories, designed for those who love to stand out with elegance and sophistication. This season, we focused on two key elements: cashmere scarves and velvet bags, all in sophisticated black velvets, perfect for any occasion.<\/p>\n<p>[\/et_pb_text][et_pb_text admin_label=&#8221;p. 1&#8243; _builder_version=&#8221;4.26.1&#8243; _module_preset=&#8221;default&#8221; global_colors_info=&#8221;{}&#8221;]<\/p>\n<h2>Bevilacqua Bags in Black Velvet<\/h2>\n<p>The <a href=\"https:\/\/www.luigi-bevilacqua.com\/en\/bags\/\">Bevilacqua handbag collection<\/a> is designed for those looking for an accessory that combines practicality and style. Each bag is handmade by master Italian artisans, using the finest materials and exclusive Bevilacqua velvets.<\/p>\n<p><a href=\"https:\/\/www.luigi-bevilacqua.com\/en\/project\/bevilacqua-tote-bag\/\">Bevilacqua Tote Bag and Tote Bag Squared<\/a>: large and spacious, these shoppers are perfect for carrying everything you need in great style. <a href=\"https:\/\/www.luigi-bevilacqua.com\/en\/prodotto\/rinascimento-39361s-heddle-velvet\/?attribute_pa_colore=black\">Black Rinascimento velvet<\/a>, with an elegant Renaissance pattern and golden highlights, and <a href=\"https:\/\/www.luigi-bevilacqua.com\/en\/prodotto\/leoni-bizantini-32173s-heddle-velvet\/?attribute_pa_colore=black\">black Leoni Bizantini velvet<\/a>, a medieval symbol that is also the logo of our Tessitura, embellish these iconic bags. The sizes are: base 31 cm, height 34 cm, depth 13 cm for one and base 29 cm, height 25 cm, depth 13 cm for the other.<\/p>\n<p>[\/et_pb_text][\/et_pb_column][\/et_pb_row][et_pb_row column_structure=&#8221;1_2,1_2&#8243; _builder_version=&#8221;4.16&#8243; background_size=&#8221;initial&#8221; background_position=&#8221;top_left&#8221; background_repeat=&#8221;repeat&#8221; global_colors_info=&#8221;{}&#8221;][et_pb_column type=&#8221;1_2&#8243; _builder_version=&#8221;4.23.4&#8243; _module_preset=&#8221;default&#8221; global_colors_info=&#8221;{}&#8221;][et_pb_image src=&#8221;https:\/\/www.luigi-bevilacqua.com\/wp-content\/uploads\/2018\/01\/Bevilacqua-Tote-Bag-nera.jpg&#8221; alt=&#8221;Yellow Oval Room&#8221; title_text=&#8221;Bevilacqua Tote Bag nera&#8221; show_in_lightbox=&#8221;on&#8221; align=&#8221;center&#8221; align_tablet=&#8221;center&#8221; align_phone=&#8221;&#8221; align_last_edited=&#8221;on|desktop&#8221; _builder_version=&#8221;4.26.1&#8243; max_width=&#8221;500px&#8221; global_colors_info=&#8221;{}&#8221;][\/et_pb_image][et_pb_text disabled_on=&#8221;off|off|off&#8221; admin_label=&#8221;didascalia&#8221; _builder_version=&#8221;4.26.1&#8243; text_font=&#8221;||on||&#8221; text_font_size=&#8221;12px&#8221; background_color=&#8221;rgba(218,221,221,0.52)&#8221; text_orientation=&#8221;center&#8221; max_width=&#8221;500px&#8221; module_alignment=&#8221;center&#8221; hover_enabled=&#8221;0&#8243; z_index_tablet=&#8221;500&#8243; text_text_shadow_horizontal_length_tablet=&#8221;0px&#8221; text_text_shadow_vertical_length_tablet=&#8221;0px&#8221; text_text_shadow_blur_strength_tablet=&#8221;1px&#8221; link_text_shadow_horizontal_length_tablet=&#8221;0px&#8221; link_text_shadow_vertical_length_tablet=&#8221;0px&#8221; link_text_shadow_blur_strength_tablet=&#8221;1px&#8221; ul_text_shadow_horizontal_length_tablet=&#8221;0px&#8221; ul_text_shadow_vertical_length_tablet=&#8221;0px&#8221; ul_text_shadow_blur_strength_tablet=&#8221;1px&#8221; ol_text_shadow_horizontal_length_tablet=&#8221;0px&#8221; ol_text_shadow_vertical_length_tablet=&#8221;0px&#8221; ol_text_shadow_blur_strength_tablet=&#8221;1px&#8221; quote_text_shadow_horizontal_length_tablet=&#8221;0px&#8221; quote_text_shadow_vertical_length_tablet=&#8221;0px&#8221; quote_text_shadow_blur_strength_tablet=&#8221;1px&#8221; header_text_shadow_horizontal_length_tablet=&#8221;0px&#8221; header_text_shadow_vertical_length_tablet=&#8221;0px&#8221; header_text_shadow_blur_strength_tablet=&#8221;1px&#8221; header_2_text_shadow_horizontal_length_tablet=&#8221;0px&#8221; header_2_text_shadow_vertical_length_tablet=&#8221;0px&#8221; header_2_text_shadow_blur_strength_tablet=&#8221;1px&#8221; header_3_text_shadow_horizontal_length_tablet=&#8221;0px&#8221; header_3_text_shadow_vertical_length_tablet=&#8221;0px&#8221; header_3_text_shadow_blur_strength_tablet=&#8221;1px&#8221; header_4_text_shadow_horizontal_length_tablet=&#8221;0px&#8221; header_4_text_shadow_vertical_length_tablet=&#8221;0px&#8221; header_4_text_shadow_blur_strength_tablet=&#8221;1px&#8221; header_5_text_shadow_horizontal_length_tablet=&#8221;0px&#8221; header_5_text_shadow_vertical_length_tablet=&#8221;0px&#8221; header_5_text_shadow_blur_strength_tablet=&#8221;1px&#8221; header_6_text_shadow_horizontal_length_tablet=&#8221;0px&#8221; header_6_text_shadow_vertical_length_tablet=&#8221;0px&#8221; header_6_text_shadow_blur_strength_tablet=&#8221;1px&#8221; box_shadow_horizontal_tablet=&#8221;0px&#8221; box_shadow_vertical_tablet=&#8221;0px&#8221; box_shadow_blur_tablet=&#8221;40px&#8221; box_shadow_spread_tablet=&#8221;0px&#8221; border_style=&#8221;solid&#8221; saved_tabs=&#8221;all&#8221; locked=&#8221;off&#8221; global_colors_info=&#8221;{}&#8221; sticky_enabled=&#8221;0&#8243;]<\/p>\n<p>Bevilacqua Tote Bag in Leoni Bizantini Velvet<\/p>\n<p>[\/et_pb_text][\/et_pb_column][et_pb_column type=&#8221;1_2&#8243; _builder_version=&#8221;4.23.4&#8243; _module_preset=&#8221;default&#8221; global_colors_info=&#8221;{}&#8221;][et_pb_image src=&#8221;https:\/\/www.luigi-bevilacqua.com\/wp-content\/uploads\/2023\/02\/003-BEVILACQUA-TOTE-BAG-squared_-velluto-rinascimento-nero.jpg&#8221; alt=&#8221;Yellow Oval Room&#8221; title_text=&#8221;003 BEVILACQUA TOTE BAG squared_ velluto rinascimento nero&#8221; show_in_lightbox=&#8221;on&#8221; align=&#8221;center&#8221; align_tablet=&#8221;center&#8221; align_phone=&#8221;&#8221; align_last_edited=&#8221;on|desktop&#8221; _builder_version=&#8221;4.26.1&#8243; max_width=&#8221;500px&#8221; global_colors_info=&#8221;{}&#8221;][\/et_pb_image][et_pb_text disabled_on=&#8221;off|off|off&#8221; admin_label=&#8221;didascalia&#8221; _builder_version=&#8221;4.26.1&#8243; text_font=&#8221;||on||&#8221; text_font_size=&#8221;12px&#8221; background_color=&#8221;rgba(218,221,221,0.52)&#8221; text_orientation=&#8221;center&#8221; max_width=&#8221;500px&#8221; module_alignment=&#8221;center&#8221; hover_enabled=&#8221;0&#8243; z_index_tablet=&#8221;500&#8243; text_text_shadow_horizontal_length_tablet=&#8221;0px&#8221; text_text_shadow_vertical_length_tablet=&#8221;0px&#8221; text_text_shadow_blur_strength_tablet=&#8221;1px&#8221; link_text_shadow_horizontal_length_tablet=&#8221;0px&#8221; link_text_shadow_vertical_length_tablet=&#8221;0px&#8221; link_text_shadow_blur_strength_tablet=&#8221;1px&#8221; ul_text_shadow_horizontal_length_tablet=&#8221;0px&#8221; ul_text_shadow_vertical_length_tablet=&#8221;0px&#8221; ul_text_shadow_blur_strength_tablet=&#8221;1px&#8221; ol_text_shadow_horizontal_length_tablet=&#8221;0px&#8221; ol_text_shadow_vertical_length_tablet=&#8221;0px&#8221; ol_text_shadow_blur_strength_tablet=&#8221;1px&#8221; quote_text_shadow_horizontal_length_tablet=&#8221;0px&#8221; quote_text_shadow_vertical_length_tablet=&#8221;0px&#8221; quote_text_shadow_blur_strength_tablet=&#8221;1px&#8221; header_text_shadow_horizontal_length_tablet=&#8221;0px&#8221; header_text_shadow_vertical_length_tablet=&#8221;0px&#8221; header_text_shadow_blur_strength_tablet=&#8221;1px&#8221; header_2_text_shadow_horizontal_length_tablet=&#8221;0px&#8221; header_2_text_shadow_vertical_length_tablet=&#8221;0px&#8221; header_2_text_shadow_blur_strength_tablet=&#8221;1px&#8221; header_3_text_shadow_horizontal_length_tablet=&#8221;0px&#8221; header_3_text_shadow_vertical_length_tablet=&#8221;0px&#8221; header_3_text_shadow_blur_strength_tablet=&#8221;1px&#8221; header_4_text_shadow_horizontal_length_tablet=&#8221;0px&#8221; header_4_text_shadow_vertical_length_tablet=&#8221;0px&#8221; header_4_text_shadow_blur_strength_tablet=&#8221;1px&#8221; header_5_text_shadow_horizontal_length_tablet=&#8221;0px&#8221; header_5_text_shadow_vertical_length_tablet=&#8221;0px&#8221; header_5_text_shadow_blur_strength_tablet=&#8221;1px&#8221; header_6_text_shadow_horizontal_length_tablet=&#8221;0px&#8221; header_6_text_shadow_vertical_length_tablet=&#8221;0px&#8221; header_6_text_shadow_blur_strength_tablet=&#8221;1px&#8221; box_shadow_horizontal_tablet=&#8221;0px&#8221; box_shadow_vertical_tablet=&#8221;0px&#8221; box_shadow_blur_tablet=&#8221;40px&#8221; box_shadow_spread_tablet=&#8221;0px&#8221; border_style=&#8221;solid&#8221; saved_tabs=&#8221;all&#8221; locked=&#8221;off&#8221; global_colors_info=&#8221;{}&#8221; sticky_enabled=&#8221;0&#8243;]<\/p>\n<p>Bevilacqua Tote Bag Squared in Rinascimento Velvet<\/p>\n<p>[\/et_pb_text][\/et_pb_column][\/et_pb_row][et_pb_row _builder_version=&#8221;4.23.4&#8243; _module_preset=&#8221;default&#8221; global_colors_info=&#8221;{}&#8221;][et_pb_column type=&#8221;4_4&#8243; _builder_version=&#8221;4.23.4&#8243; _module_preset=&#8221;default&#8221; global_colors_info=&#8221;{}&#8221;][et_pb_image src=&#8221;https:\/\/www.luigi-bevilacqua.com\/wp-content\/uploads\/2024\/07\/Bevilacqua-Tote-Bag-by-Marta-Formentello-@itsmartaeffe-Venezia-da-vivere.jpg&#8221; alt=&#8221;Bevilacqua Tote Bag &#8221; title_text=&#8221;Bevilacqua Tote Bag by Marta Formentello @itsmartaeffe-Venezia da vivere&#8221; show_in_lightbox=&#8221;on&#8221; align=&#8221;center&#8221; align_tablet=&#8221;center&#8221; align_phone=&#8221;&#8221; align_last_edited=&#8221;on|desktop&#8221; _builder_version=&#8221;4.26.1&#8243; max_width=&#8221;350px&#8221; global_colors_info=&#8221;{}&#8221;][\/et_pb_image][et_pb_text admin_label=&#8221;par 3 &#8221; _builder_version=&#8221;4.26.1&#8243; global_colors_info=&#8221;{}&#8221;]<\/p>\n<p><a href=\"https:\/\/www.luigi-bevilacqua.com\/en\/project\/veronica\/\">Veronica Mini-Bag<\/a>: versatile and whimsical, with a removable shoulder strap and a belt to wear it around the waist, this mini-bag made in the <a href=\"https:\/\/www.luigi-bevilacqua.com\/en\/prodotto\/da-vinci-39243s-heddle-velvet\/?attribute_pa_colore=black\">black Da Vinci silk velvet<\/a>, with motifs inspired by Vinci knots, is perfect for a trendy look. Size: base 18 cm, height 10 cm, depth 4 cm.<\/p>\n<p>[\/et_pb_text][et_pb_image src=&#8221;https:\/\/www.luigi-bevilacqua.com\/wp-content\/uploads\/2024\/07\/Veronica-extra-large-Velluto-Da-Vinci-nero.jpg&#8221; alt=&#8221;Yellow Oval Room&#8221; title_text=&#8221;Veronica extra large Velluto Da Vinci nero&#8221; show_in_lightbox=&#8221;on&#8221; align=&#8221;center&#8221; align_tablet=&#8221;center&#8221; align_phone=&#8221;&#8221; align_last_edited=&#8221;on|desktop&#8221; _builder_version=&#8221;4.26.1&#8243; max_width=&#8221;500px&#8221; global_colors_info=&#8221;{}&#8221;][\/et_pb_image][et_pb_text admin_label=&#8221;par 3 &#8221; _builder_version=&#8221;4.26.1&#8243; global_colors_info=&#8221;{}&#8221;]<\/p>\n<p><a href=\"https:\/\/www.luigi-bevilacqua.com\/en\/project\/bianca\/\">Bianca Clutch<\/a>: ideal for any occasion, from day to evening, it is covered in <a href=\"https:\/\/www.luigi-bevilacqua.com\/en\/prodotto\/lance-3370s-heddle-velvet\/?attribute_pa_colore=black\">black Lanc\u00e9 silk velvet<\/a>, with flame motifs on a golden beige background. It is also available in <a href=\"https:\/\/www.luigi-bevilacqua.com\/en\/prodotto\/lune-3787s-heddle-velvet\/\">Lune velvet<\/a>, with an Art Deco motif, <a href=\"https:\/\/www.luigi-bevilacqua.com\/en\/prodotto\/coccodrillo-3886s-animal-velvet\/?attribute_pa_colore=black\">Coccodrillo velvet<\/a>, a sophisticated animalier, and Rinascimento velvet in black. The zipper closure and elegant design make it a must-have accessory. Sizes are: base 30 cm, height 12 cm, depth 4 cm.<\/p>\n<p>[\/et_pb_text][et_pb_gallery gallery_ids=&#8221;52971,61577,52975&#8243; fullwidth=&#8221;on&#8221; _builder_version=&#8221;4.26.1&#8243; _module_preset=&#8221;default&#8221; max_width=&#8221;400px&#8221; module_alignment=&#8221;center&#8221; global_colors_info=&#8221;{}&#8221;][\/et_pb_gallery][et_pb_text disabled_on=&#8221;off|off|off&#8221; admin_label=&#8221;didascalia&#8221; _builder_version=&#8221;4.26.1&#8243; text_font=&#8221;||on||&#8221; text_font_size=&#8221;12px&#8221; background_color=&#8221;rgba(218,221,221,0.52)&#8221; text_orientation=&#8221;center&#8221; max_width=&#8221;400px&#8221; module_alignment=&#8221;center&#8221; hover_enabled=&#8221;0&#8243; z_index_tablet=&#8221;500&#8243; text_text_shadow_horizontal_length_tablet=&#8221;0px&#8221; text_text_shadow_vertical_length_tablet=&#8221;0px&#8221; text_text_shadow_blur_strength_tablet=&#8221;1px&#8221; link_text_shadow_horizontal_length_tablet=&#8221;0px&#8221; link_text_shadow_vertical_length_tablet=&#8221;0px&#8221; link_text_shadow_blur_strength_tablet=&#8221;1px&#8221; ul_text_shadow_horizontal_length_tablet=&#8221;0px&#8221; ul_text_shadow_vertical_length_tablet=&#8221;0px&#8221; ul_text_shadow_blur_strength_tablet=&#8221;1px&#8221; ol_text_shadow_horizontal_length_tablet=&#8221;0px&#8221; ol_text_shadow_vertical_length_tablet=&#8221;0px&#8221; ol_text_shadow_blur_strength_tablet=&#8221;1px&#8221; quote_text_shadow_horizontal_length_tablet=&#8221;0px&#8221; quote_text_shadow_vertical_length_tablet=&#8221;0px&#8221; quote_text_shadow_blur_strength_tablet=&#8221;1px&#8221; header_text_shadow_horizontal_length_tablet=&#8221;0px&#8221; header_text_shadow_vertical_length_tablet=&#8221;0px&#8221; header_text_shadow_blur_strength_tablet=&#8221;1px&#8221; header_2_text_shadow_horizontal_length_tablet=&#8221;0px&#8221; header_2_text_shadow_vertical_length_tablet=&#8221;0px&#8221; header_2_text_shadow_blur_strength_tablet=&#8221;1px&#8221; header_3_text_shadow_horizontal_length_tablet=&#8221;0px&#8221; header_3_text_shadow_vertical_length_tablet=&#8221;0px&#8221; header_3_text_shadow_blur_strength_tablet=&#8221;1px&#8221; header_4_text_shadow_horizontal_length_tablet=&#8221;0px&#8221; header_4_text_shadow_vertical_length_tablet=&#8221;0px&#8221; header_4_text_shadow_blur_strength_tablet=&#8221;1px&#8221; header_5_text_shadow_horizontal_length_tablet=&#8221;0px&#8221; header_5_text_shadow_vertical_length_tablet=&#8221;0px&#8221; header_5_text_shadow_blur_strength_tablet=&#8221;1px&#8221; header_6_text_shadow_horizontal_length_tablet=&#8221;0px&#8221; header_6_text_shadow_vertical_length_tablet=&#8221;0px&#8221; header_6_text_shadow_blur_strength_tablet=&#8221;1px&#8221; box_shadow_horizontal_tablet=&#8221;0px&#8221; box_shadow_vertical_tablet=&#8221;0px&#8221; box_shadow_blur_tablet=&#8221;40px&#8221; box_shadow_spread_tablet=&#8221;0px&#8221; border_style=&#8221;solid&#8221; saved_tabs=&#8221;all&#8221; locked=&#8221;off&#8221; global_colors_info=&#8221;{}&#8221; sticky_enabled=&#8221;0&#8243;]<\/p>\n<p>Bianca Clutch in Lune, Coccodrillo, and Rinascimento Velvet<\/p>\n<p>[\/et_pb_text][et_pb_text admin_label=&#8221;par 3 &#8221; _builder_version=&#8221;4.26.1&#8243; global_colors_info=&#8221;{}&#8221;]<\/p>\n<p><a href=\"https:\/\/www.luigi-bevilacqua.com\/en\/project\/anna\/\">Anna Extra Large and Anna Mini<\/a>: geometric and minimalist shape, this rigid bag in <a href=\"https:\/\/www.luigi-bevilacqua.com\/en\/prodotto\/lance-3370s-heddle-velvet\/?attribute_pa_colore=black\">black Lanc\u00e9 velvet<\/a> and <a href=\"https:\/\/www.luigi-bevilacqua.com\/en\/prodotto\/rinascimento-39361s-heddle-velvet\/?attribute_pa_colore=black\">black Rinascimento velvet<\/a> is perfect for adding a touch of elegance to any outfit. Sizes: base 32 cm, height 15 cm, and base 21 cm, height 14 cm, and depth 9 cm for the mini version.<\/p>\n<p>[\/et_pb_text][\/et_pb_column][\/et_pb_row][et_pb_row column_structure=&#8221;1_2,1_2&#8243; _builder_version=&#8221;4.16&#8243; background_size=&#8221;initial&#8221; background_position=&#8221;top_left&#8221; background_repeat=&#8221;repeat&#8221; global_colors_info=&#8221;{}&#8221;][et_pb_column type=&#8221;1_2&#8243; _builder_version=&#8221;4.23.4&#8243; _module_preset=&#8221;default&#8221; global_colors_info=&#8221;{}&#8221;][et_pb_image src=&#8221;https:\/\/www.luigi-bevilacqua.com\/wp-content\/uploads\/2021\/06\/Anna-extra-large-velluto-lance-nero.jpg&#8221; alt=&#8221;Yellow Oval Room&#8221; title_text=&#8221;Anna &#8211; extra large -velluto lanc\u00e8 nero&#8221; show_in_lightbox=&#8221;on&#8221; align=&#8221;center&#8221; align_tablet=&#8221;center&#8221; align_phone=&#8221;&#8221; align_last_edited=&#8221;on|desktop&#8221; _builder_version=&#8221;4.26.1&#8243; max_width=&#8221;350px&#8221; global_colors_info=&#8221;{}&#8221;][\/et_pb_image][et_pb_text disabled_on=&#8221;off|off|off&#8221; admin_label=&#8221;didascalia&#8221; _builder_version=&#8221;4.26.1&#8243; text_font=&#8221;||on||&#8221; text_font_size=&#8221;12px&#8221; background_color=&#8221;rgba(218,221,221,0.52)&#8221; text_orientation=&#8221;center&#8221; max_width=&#8221;500px&#8221; module_alignment=&#8221;center&#8221; hover_enabled=&#8221;0&#8243; z_index_tablet=&#8221;500&#8243; text_text_shadow_horizontal_length_tablet=&#8221;0px&#8221; text_text_shadow_vertical_length_tablet=&#8221;0px&#8221; text_text_shadow_blur_strength_tablet=&#8221;1px&#8221; link_text_shadow_horizontal_length_tablet=&#8221;0px&#8221; link_text_shadow_vertical_length_tablet=&#8221;0px&#8221; link_text_shadow_blur_strength_tablet=&#8221;1px&#8221; ul_text_shadow_horizontal_length_tablet=&#8221;0px&#8221; ul_text_shadow_vertical_length_tablet=&#8221;0px&#8221; ul_text_shadow_blur_strength_tablet=&#8221;1px&#8221; ol_text_shadow_horizontal_length_tablet=&#8221;0px&#8221; ol_text_shadow_vertical_length_tablet=&#8221;0px&#8221; ol_text_shadow_blur_strength_tablet=&#8221;1px&#8221; quote_text_shadow_horizontal_length_tablet=&#8221;0px&#8221; quote_text_shadow_vertical_length_tablet=&#8221;0px&#8221; quote_text_shadow_blur_strength_tablet=&#8221;1px&#8221; header_text_shadow_horizontal_length_tablet=&#8221;0px&#8221; header_text_shadow_vertical_length_tablet=&#8221;0px&#8221; header_text_shadow_blur_strength_tablet=&#8221;1px&#8221; header_2_text_shadow_horizontal_length_tablet=&#8221;0px&#8221; header_2_text_shadow_vertical_length_tablet=&#8221;0px&#8221; header_2_text_shadow_blur_strength_tablet=&#8221;1px&#8221; header_3_text_shadow_horizontal_length_tablet=&#8221;0px&#8221; header_3_text_shadow_vertical_length_tablet=&#8221;0px&#8221; header_3_text_shadow_blur_strength_tablet=&#8221;1px&#8221; header_4_text_shadow_horizontal_length_tablet=&#8221;0px&#8221; header_4_text_shadow_vertical_length_tablet=&#8221;0px&#8221; header_4_text_shadow_blur_strength_tablet=&#8221;1px&#8221; header_5_text_shadow_horizontal_length_tablet=&#8221;0px&#8221; header_5_text_shadow_vertical_length_tablet=&#8221;0px&#8221; header_5_text_shadow_blur_strength_tablet=&#8221;1px&#8221; header_6_text_shadow_horizontal_length_tablet=&#8221;0px&#8221; header_6_text_shadow_vertical_length_tablet=&#8221;0px&#8221; header_6_text_shadow_blur_strength_tablet=&#8221;1px&#8221; box_shadow_horizontal_tablet=&#8221;0px&#8221; box_shadow_vertical_tablet=&#8221;0px&#8221; box_shadow_blur_tablet=&#8221;40px&#8221; box_shadow_spread_tablet=&#8221;0px&#8221; border_style=&#8221;solid&#8221; saved_tabs=&#8221;all&#8221; locked=&#8221;off&#8221; global_colors_info=&#8221;{}&#8221; sticky_enabled=&#8221;0&#8243;]<\/p>\n<p>Anna Extra Large in Lanc\u00e9 Velvet<\/p>\n<p>[\/et_pb_text][\/et_pb_column][et_pb_column type=&#8221;1_2&#8243; _builder_version=&#8221;4.23.4&#8243; _module_preset=&#8221;default&#8221; global_colors_info=&#8221;{}&#8221;][et_pb_image src=&#8221;https:\/\/www.luigi-bevilacqua.com\/wp-content\/uploads\/2018\/01\/Anna_Rinascimento-nero.jpg&#8221; alt=&#8221;Yellow Oval Room&#8221; title_text=&#8221;Anna_Rinascimento nero&#8221; show_in_lightbox=&#8221;on&#8221; align=&#8221;center&#8221; align_tablet=&#8221;center&#8221; align_phone=&#8221;&#8221; align_last_edited=&#8221;on|desktop&#8221; _builder_version=&#8221;4.26.1&#8243; max_width=&#8221;350px&#8221; global_colors_info=&#8221;{}&#8221;][\/et_pb_image][et_pb_text disabled_on=&#8221;off|off|off&#8221; admin_label=&#8221;didascalia&#8221; _builder_version=&#8221;4.26.1&#8243; text_font=&#8221;||on||&#8221; text_font_size=&#8221;12px&#8221; background_color=&#8221;rgba(218,221,221,0.52)&#8221; text_orientation=&#8221;center&#8221; max_width=&#8221;500px&#8221; module_alignment=&#8221;center&#8221; hover_enabled=&#8221;0&#8243; z_index_tablet=&#8221;500&#8243; text_text_shadow_horizontal_length_tablet=&#8221;0px&#8221; text_text_shadow_vertical_length_tablet=&#8221;0px&#8221; text_text_shadow_blur_strength_tablet=&#8221;1px&#8221; link_text_shadow_horizontal_length_tablet=&#8221;0px&#8221; link_text_shadow_vertical_length_tablet=&#8221;0px&#8221; link_text_shadow_blur_strength_tablet=&#8221;1px&#8221; ul_text_shadow_horizontal_length_tablet=&#8221;0px&#8221; ul_text_shadow_vertical_length_tablet=&#8221;0px&#8221; ul_text_shadow_blur_strength_tablet=&#8221;1px&#8221; ol_text_shadow_horizontal_length_tablet=&#8221;0px&#8221; ol_text_shadow_vertical_length_tablet=&#8221;0px&#8221; ol_text_shadow_blur_strength_tablet=&#8221;1px&#8221; quote_text_shadow_horizontal_length_tablet=&#8221;0px&#8221; quote_text_shadow_vertical_length_tablet=&#8221;0px&#8221; quote_text_shadow_blur_strength_tablet=&#8221;1px&#8221; header_text_shadow_horizontal_length_tablet=&#8221;0px&#8221; header_text_shadow_vertical_length_tablet=&#8221;0px&#8221; header_text_shadow_blur_strength_tablet=&#8221;1px&#8221; header_2_text_shadow_horizontal_length_tablet=&#8221;0px&#8221; header_2_text_shadow_vertical_length_tablet=&#8221;0px&#8221; header_2_text_shadow_blur_strength_tablet=&#8221;1px&#8221; header_3_text_shadow_horizontal_length_tablet=&#8221;0px&#8221; header_3_text_shadow_vertical_length_tablet=&#8221;0px&#8221; header_3_text_shadow_blur_strength_tablet=&#8221;1px&#8221; header_4_text_shadow_horizontal_length_tablet=&#8221;0px&#8221; header_4_text_shadow_vertical_length_tablet=&#8221;0px&#8221; header_4_text_shadow_blur_strength_tablet=&#8221;1px&#8221; header_5_text_shadow_horizontal_length_tablet=&#8221;0px&#8221; header_5_text_shadow_vertical_length_tablet=&#8221;0px&#8221; header_5_text_shadow_blur_strength_tablet=&#8221;1px&#8221; header_6_text_shadow_horizontal_length_tablet=&#8221;0px&#8221; header_6_text_shadow_vertical_length_tablet=&#8221;0px&#8221; header_6_text_shadow_blur_strength_tablet=&#8221;1px&#8221; box_shadow_horizontal_tablet=&#8221;0px&#8221; box_shadow_vertical_tablet=&#8221;0px&#8221; box_shadow_blur_tablet=&#8221;40px&#8221; box_shadow_spread_tablet=&#8221;0px&#8221; border_style=&#8221;solid&#8221; saved_tabs=&#8221;all&#8221; locked=&#8221;off&#8221; global_colors_info=&#8221;{}&#8221; sticky_enabled=&#8221;0&#8243;]<\/p>\n<p>Anna Mini in Rinascimento Velvet<\/p>\n<p>[\/et_pb_text][\/et_pb_column][\/et_pb_row][et_pb_row _builder_version=&#8221;4.23.4&#8243; _module_preset=&#8221;default&#8221; global_colors_info=&#8221;{}&#8221;][et_pb_column type=&#8221;4_4&#8243; _builder_version=&#8221;4.23.4&#8243; _module_preset=&#8221;default&#8221; global_colors_info=&#8221;{}&#8221;][et_pb_image src=&#8221;https:\/\/www.luigi-bevilacqua.com\/wp-content\/uploads\/2024\/07\/Bevilacqua-borse-velluto-Rinascimento-Marta-Formentello-Venezia-da-Vivere.jpg&#8221; alt=&#8221;Bevilacqua borse velluto Rinascimento &#8221; title_text=&#8221;Bevilacqua borse velluto Rinascimento Marta Formentello Venezia da Vivere&#8221; show_in_lightbox=&#8221;on&#8221; align=&#8221;center&#8221; align_tablet=&#8221;center&#8221; align_phone=&#8221;&#8221; align_last_edited=&#8221;on|desktop&#8221; _builder_version=&#8221;4.26.1&#8243; max_width=&#8221;350px&#8221; global_colors_info=&#8221;{}&#8221;][\/et_pb_image][et_pb_text admin_label=&#8221;par 3 &#8221; _builder_version=&#8221;4.26.1&#8243; global_colors_info=&#8221;{}&#8221;]<\/p>\n<p><a href=\"https:\/\/www.luigi-bevilacqua.com\/en\/project\/lavinia\/\">Lavinia Clutch Bag<\/a>: this elegant rigid clutch, with Italian leather trim and made with iconic <a href=\"https:\/\/www.luigi-bevilacqua.com\/en\/prodotto\/da-vinci-39243s-heddle-velvet\/?attribute_pa_colore=black\">black Da Vinci velvet<\/a>, is perfect for elegant evenings out. Size: base 30 cm, height 16 cm, depth 5 cm.<\/p>\n<p>[\/et_pb_text][et_pb_image src=&#8221;https:\/\/www.luigi-bevilacqua.com\/wp-content\/uploads\/2020\/02\/Lavinia_-da-vinci-nero_-30&#215;16-cm_900x600-evid_swtch.jpg&#8221; alt=&#8221;Yellow Oval Room&#8221; title_text=&#8221;Lavinia_ da vinci nero_ 30&#215;16 cm_900x600 evid_swtch&#8221; show_in_lightbox=&#8221;on&#8221; align=&#8221;center&#8221; align_tablet=&#8221;center&#8221; align_phone=&#8221;&#8221; align_last_edited=&#8221;on|desktop&#8221; _builder_version=&#8221;4.26.1&#8243; max_width=&#8221;500px&#8221; global_colors_info=&#8221;{}&#8221;][\/et_pb_image][et_pb_text admin_label=&#8221;par 3 &#8221; _builder_version=&#8221;4.26.1&#8243; global_colors_info=&#8221;{}&#8221;]<\/p>\n<p><a href=\"https:\/\/www.luigi-bevilacqua.com\/en\/project\/luna-hobo-bag\/\">Luna Hobo Bag<\/a>: is made from <a href=\"https:\/\/www.luigi-bevilacqua.com\/en\/prodotto\/rinascimento-39361s-heddle-velvet\/?attribute_pa_colore=black\">black Rinascimento silk velvet<\/a> with an oriental-inspired pattern that features thin shoots with leaves that alternately intertwine and separate to form an ogival grid. The leather handle and zipper closure make it comfortable and secure, a must-have for any wardrobe. Size: base 22 cm, height 12 cm.<\/p>\n<p>[\/et_pb_text][et_pb_image src=&#8221;https:\/\/www.luigi-bevilacqua.com\/wp-content\/uploads\/2024\/04\/LUNA-rinascimento-nero.jpg&#8221; alt=&#8221;Yellow Oval Room&#8221; title_text=&#8221;LUNA rinascimento nero&#8221; show_in_lightbox=&#8221;on&#8221; align=&#8221;center&#8221; align_tablet=&#8221;center&#8221; align_phone=&#8221;&#8221; align_last_edited=&#8221;on|desktop&#8221; _builder_version=&#8221;4.26.1&#8243; max_width=&#8221;500px&#8221; global_colors_info=&#8221;{}&#8221;][\/et_pb_image][\/et_pb_column][\/et_pb_row][et_pb_row _builder_version=&#8221;4.16&#8243; background_size=&#8221;initial&#8221; background_position=&#8221;top_left&#8221; background_repeat=&#8221;repeat&#8221; global_colors_info=&#8221;{}&#8221;][et_pb_column type=&#8221;4_4&#8243; _builder_version=&#8221;4.16&#8243; custom_padding=&#8221;|||&#8221; global_colors_info=&#8221;{}&#8221; custom_padding__hover=&#8221;|||&#8221;][et_pb_text admin_label=&#8221;intro + par. 1&#8243; _builder_version=&#8221;4.26.1&#8243; global_colors_info=&#8221;{}&#8221;]<\/p>\n<h2>Bevilacqua Cashmere Scarves<\/h2>\n<p><a href=\"https:\/\/www.luigi-bevilacqua.com\/en\/cashmere-scarves-bags\/\">Bevilacqua&#8217;s wide and versatile cashmere scarves<\/a> measure 188 cm x 40 cm, an ideal size for wearing in multiple ways. They can be used as scarves, capes, or even vests, and can be paired with a waistband. Made from a combination of soft cashmere and fine Bevilacqua velvets, these scarves offer an unparalleled experience of comfort and luxury. In this collection, we offer two versions.<\/p>\n<p>One design features two different colors on its two sides. It has patch pockets, made of velvet with unique patterns, a tribute to our historical archive of ornamental designs.<\/p>\n<p>[\/et_pb_text][et_pb_image src=&#8221;https:\/\/www.luigi-bevilacqua.com\/wp-content\/uploads\/2024\/07\/sciarpa-cashmere-broccatello-leopardo.jpg&#8221; alt=&#8221;sciarpa cashmere broccatello | Tessitura Bevilacqua&#8221; title_text=&#8221;sciarpa cashmere broccatello leopardo&#8221; show_in_lightbox=&#8221;on&#8221; align=&#8221;center&#8221; align_tablet=&#8221;center&#8221; align_phone=&#8221;&#8221; align_last_edited=&#8221;on|desktop&#8221; _builder_version=&#8221;4.26.1&#8243; max_width=&#8221;350px&#8221; global_colors_info=&#8221;{}&#8221;][\/et_pb_image][et_pb_text admin_label=&#8221;par. 1&#8243; _builder_version=&#8221;4.26.1&#8243; global_colors_info=&#8221;{}&#8221;]<\/p>\n<p>The combinations offered are:<\/p>\n<ul>\n<li>Gray-ivory with <a href=\"https:\/\/www.luigi-bevilacqua.com\/en\/prodotto\/rinascimento-39361s-heddle-velvet\/?attribute_pa_colore=black\">black Rinascimento silk velvet<\/a><\/li>\n<li>Gray-beige with <a href=\"https:\/\/www.luigi-bevilacqua.com\/en\/prodotto\/lance-3370s-heddle-velvet\/?attribute_pa_colore=black\">black Lanc\u00e9 silk velvet<\/a><\/li>\n<li>Black-gray with <a href=\"https:\/\/www.luigi-bevilacqua.com\/en\/prodotto\/coccodrillo-3886s-animal-velvet\/?attribute_pa_colore=black\">black Coccodrillo silk velvet<\/a><\/li>\n<\/ul>\n<p>[\/et_pb_text][et_pb_image src=&#8221;https:\/\/www.luigi-bevilacqua.com\/wp-content\/uploads\/2024\/03\/sciarpe-cashmere-varianti-colore-nero-e-grigio.jpg&#8221; alt=&#8221;Velluto_tagliato_casa_bianca_giallo_oro_dettaglio|Tessitura Bevilacqua&#8221; title_text=&#8221;sciarpe cashmere varianti colore nero e grigio&#8221; show_in_lightbox=&#8221;on&#8221; align=&#8221;center&#8221; align_tablet=&#8221;center&#8221; align_phone=&#8221;&#8221; align_last_edited=&#8221;on|desktop&#8221; _builder_version=&#8221;4.26.1&#8243; max_width=&#8221;350px&#8221; global_colors_info=&#8221;{}&#8221;][\/et_pb_image][et_pb_text admin_label=&#8221;p. 1&#8243; _builder_version=&#8221;4.26.1&#8243; _module_preset=&#8221;default&#8221; global_colors_info=&#8221;{}&#8221;]<\/p>\n<p>In addition to the patch pocket model, this season\u2019s refined novelty is a cashmere stole with a stunning <a href=\"https:\/\/www.luigi-bevilacqua.com\/en\/prodotto\/rinascimento-39361s-heddle-velvet\/?attribute_pa_colore=black\">black Rinascimento silk velvet<\/a> sleeve trim. This stole combines the luxury of cashmere with the sophistication of Rinascimento velvet, creating a garment that is not only warm and comfortable but also incredibly elegant.<\/p>\n<p>[\/et_pb_text][\/et_pb_column][\/et_pb_row][et_pb_row _builder_version=&#8221;4.23.4&#8243; _module_preset=&#8221;default&#8221; global_colors_info=&#8221;{}&#8221;][et_pb_column type=&#8221;4_4&#8243; _builder_version=&#8221;4.23.4&#8243; _module_preset=&#8221;default&#8221; global_colors_info=&#8221;{}&#8221;][et_pb_text admin_label=&#8221;conclusioni&#8221; _builder_version=&#8221;4.26.1&#8243; global_colors_info=&#8221;{}&#8221;]<\/p>\n<p>These accessories from our Fall-Winter collection are the essence of sophistication and elegance. Perfect for an elegant evening or to get ready for the upcoming season in style, these exclusive pieces are available at our Venice boutique or by contacting us directly at <a href=\"mailto:bevilacqua@luigi-bevilacqua.com\">bevilacqua@luigi-bevilacqua.com<\/a>.<\/p>\n<p>[\/et_pb_text][et_pb_image src=&#8221;https:\/\/www.luigi-bevilacqua.com\/wp-content\/uploads\/2024\/07\/borse-e-stola-velluti-neri.jpg&#8221; alt=&#8221;borse stola velluto nero | Tessitura Bevilacqua&#8221; title_text=&#8221;borse e stola velluti neri&#8221; show_in_lightbox=&#8221;on&#8221; align=&#8221;center&#8221; align_tablet=&#8221;center&#8221; align_phone=&#8221;&#8221; align_last_edited=&#8221;on|desktop&#8221; _builder_version=&#8221;4.26.1&#8243; max_width=&#8221;500px&#8221; global_colors_info=&#8221;{}&#8221;][\/et_pb_image][\/et_pb_column][\/et_pb_row][\/et_pb_section]<\/p>\n<span class=\"et_bloom_bottom_trigger\"><\/span>","protected":false},"excerpt":{"rendered":"<p>Discover Bevilacqua&#8217;s new collection of black velvet fashion accessories: cashmere scarves and luxury bags for timeless elegance.<\/p>\n","protected":false},"author":10,"featured_media":61567,"comment_status":"closed","ping_status":"closed","sticky":false,"template":"","format":"standard","meta":{"_et_pb_use_builder":"on","_et_pb_old_content":"<p>[et_pb_section fb_built=\"1\" _builder_version=\"4.16\" global_colors_info=\"{}\"][et_pb_row _builder_version=\"4.16\" background_size=\"initial\" background_position=\"top_left\" background_repeat=\"repeat\" global_colors_info=\"{}\"][et_pb_column type=\"4_4\" _builder_version=\"4.16\" custom_padding=\"|||\" global_colors_info=\"{}\" custom_padding__hover=\"|||\"][et_pb_text admin_label=\"intro + par. 1\" _builder_version=\"4.26.1\" global_colors_info=\"{}\"]<\/p><p>Vi presentiamo la nostra collezione autunno-inverno di accessori di lusso, pensata per chi ama distinguersi con eleganza e raffinatezza. Questa stagione, ci siamo concentrati su due elementi chiave: sciarpe in cashmere e borse in velluto, tutte in sofisticati velluti neri, perfette per ogni occasione.<\/p><p>[\/et_pb_text][et_pb_text admin_label=\"p. 1\" _builder_version=\"4.26.1\" _module_preset=\"default\" global_colors_info=\"{}\"]<\/p><h2>Borse Bevilacqua in velluto nero<\/h2><p>La <a href=\"https:\/\/www.luigi-bevilacqua.com\/accessori\/borse\/\">collezione di borse Bevilacqua<\/a> \u00e8 pensata per chi cerca un accessorio capace di coniugare praticit\u00e0 e stile. Ogni borsa \u00e8 realizzata a mano da maestri artigiani italiani, utilizzando i migliori materiali e gli esclusivi velluti Bevilacqua.<\/p><p><a href=\"https:\/\/www.luigi-bevilacqua.com\/project\/bevilacqua-tote-bag\/\">Bevilacqua Tote bag e Tote Bag Squared<\/a>: ampie e capienti, queste shopper sono perfette per portare con s\u00e9 tutto il necessario con grande stile. Il <a href=\"https:\/\/www.luigi-bevilacqua.com\/prodotto\/rinascimento-39361s-velluto-bacchetta\/?attribute_pa_colore=nero\">velluto Rinascimento nero<\/a>, con un elegante motivo rinascimentale e riflessi dorati, e il <a href=\"https:\/\/www.luigi-bevilacqua.com\/prodotto\/leoni-bizantini-32173s-velluto-bacchetta\/?attribute_pa_colore=nero\">velluto Leoni Bizantini<\/a>, simbolo medievale anche logo della nostra Tessitura, impreziosiscono queste borse iconiche. Le misure sono: base 31 cm, altezza 34 cm, profondit\u00e0 13 cm per l'una e base 29 cm, altezza 25 cm, profondit\u00e0 13 cm per l\u2019altra.<\/p><p>[\/et_pb_text][\/et_pb_column][\/et_pb_row][et_pb_row column_structure=\"1_2,1_2\" _builder_version=\"4.16\" background_size=\"initial\" background_position=\"top_left\" background_repeat=\"repeat\" global_colors_info=\"{}\"][et_pb_column type=\"1_2\" _builder_version=\"4.23.4\" _module_preset=\"default\" global_colors_info=\"{}\"][et_pb_image src=\"https:\/\/www.luigi-bevilacqua.com\/wp-content\/uploads\/2018\/01\/Bevilacqua-Tote-Bag-nera.jpg\" alt=\"Yellow Oval Room\" title_text=\"Bevilacqua Tote Bag nera\" show_in_lightbox=\"on\" align=\"center\" align_tablet=\"center\" align_phone=\"\" align_last_edited=\"on|desktop\" _builder_version=\"4.26.1\" max_width=\"500px\" global_colors_info=\"{}\"][\/et_pb_image][et_pb_text disabled_on=\"off|off|off\" admin_label=\"didascalia\" _builder_version=\"4.26.1\" text_font=\"||on||\" text_font_size=\"12px\" background_color=\"rgba(218,221,221,0.52)\" text_orientation=\"center\" max_width=\"500px\" module_alignment=\"center\" z_index_tablet=\"500\" text_text_shadow_horizontal_length_tablet=\"0px\" text_text_shadow_vertical_length_tablet=\"0px\" text_text_shadow_blur_strength_tablet=\"1px\" link_text_shadow_horizontal_length_tablet=\"0px\" link_text_shadow_vertical_length_tablet=\"0px\" link_text_shadow_blur_strength_tablet=\"1px\" ul_text_shadow_horizontal_length_tablet=\"0px\" ul_text_shadow_vertical_length_tablet=\"0px\" ul_text_shadow_blur_strength_tablet=\"1px\" ol_text_shadow_horizontal_length_tablet=\"0px\" ol_text_shadow_vertical_length_tablet=\"0px\" ol_text_shadow_blur_strength_tablet=\"1px\" quote_text_shadow_horizontal_length_tablet=\"0px\" quote_text_shadow_vertical_length_tablet=\"0px\" quote_text_shadow_blur_strength_tablet=\"1px\" header_text_shadow_horizontal_length_tablet=\"0px\" header_text_shadow_vertical_length_tablet=\"0px\" header_text_shadow_blur_strength_tablet=\"1px\" header_2_text_shadow_horizontal_length_tablet=\"0px\" header_2_text_shadow_vertical_length_tablet=\"0px\" header_2_text_shadow_blur_strength_tablet=\"1px\" header_3_text_shadow_horizontal_length_tablet=\"0px\" header_3_text_shadow_vertical_length_tablet=\"0px\" header_3_text_shadow_blur_strength_tablet=\"1px\" header_4_text_shadow_horizontal_length_tablet=\"0px\" header_4_text_shadow_vertical_length_tablet=\"0px\" header_4_text_shadow_blur_strength_tablet=\"1px\" header_5_text_shadow_horizontal_length_tablet=\"0px\" header_5_text_shadow_vertical_length_tablet=\"0px\" header_5_text_shadow_blur_strength_tablet=\"1px\" header_6_text_shadow_horizontal_length_tablet=\"0px\" header_6_text_shadow_vertical_length_tablet=\"0px\" header_6_text_shadow_blur_strength_tablet=\"1px\" box_shadow_horizontal_tablet=\"0px\" box_shadow_vertical_tablet=\"0px\" box_shadow_blur_tablet=\"40px\" box_shadow_spread_tablet=\"0px\" border_style=\"solid\" saved_tabs=\"all\" locked=\"off\" global_colors_info=\"{}\"]<\/p><p>Bevilacqua Tote Bag in velluto Leoni Bizantini<\/p><p>[\/et_pb_text][\/et_pb_column][et_pb_column type=\"1_2\" _builder_version=\"4.23.4\" _module_preset=\"default\" global_colors_info=\"{}\"][et_pb_image src=\"https:\/\/www.luigi-bevilacqua.com\/wp-content\/uploads\/2023\/02\/003-BEVILACQUA-TOTE-BAG-squared_-velluto-rinascimento-nero.jpg\" alt=\"Yellow Oval Room\" title_text=\"003 BEVILACQUA TOTE BAG squared_ velluto rinascimento nero\" show_in_lightbox=\"on\" align=\"center\" align_tablet=\"center\" align_phone=\"\" align_last_edited=\"on|desktop\" _builder_version=\"4.26.1\" max_width=\"500px\" global_colors_info=\"{}\"][\/et_pb_image][et_pb_text disabled_on=\"off|off|off\" admin_label=\"didascalia\" _builder_version=\"4.26.1\" text_font=\"||on||\" text_font_size=\"12px\" background_color=\"rgba(218,221,221,0.52)\" text_orientation=\"center\" max_width=\"500px\" module_alignment=\"center\" z_index_tablet=\"500\" text_text_shadow_horizontal_length_tablet=\"0px\" text_text_shadow_vertical_length_tablet=\"0px\" text_text_shadow_blur_strength_tablet=\"1px\" link_text_shadow_horizontal_length_tablet=\"0px\" link_text_shadow_vertical_length_tablet=\"0px\" link_text_shadow_blur_strength_tablet=\"1px\" ul_text_shadow_horizontal_length_tablet=\"0px\" ul_text_shadow_vertical_length_tablet=\"0px\" ul_text_shadow_blur_strength_tablet=\"1px\" ol_text_shadow_horizontal_length_tablet=\"0px\" ol_text_shadow_vertical_length_tablet=\"0px\" ol_text_shadow_blur_strength_tablet=\"1px\" quote_text_shadow_horizontal_length_tablet=\"0px\" quote_text_shadow_vertical_length_tablet=\"0px\" quote_text_shadow_blur_strength_tablet=\"1px\" header_text_shadow_horizontal_length_tablet=\"0px\" header_text_shadow_vertical_length_tablet=\"0px\" header_text_shadow_blur_strength_tablet=\"1px\" header_2_text_shadow_horizontal_length_tablet=\"0px\" header_2_text_shadow_vertical_length_tablet=\"0px\" header_2_text_shadow_blur_strength_tablet=\"1px\" header_3_text_shadow_horizontal_length_tablet=\"0px\" header_3_text_shadow_vertical_length_tablet=\"0px\" header_3_text_shadow_blur_strength_tablet=\"1px\" header_4_text_shadow_horizontal_length_tablet=\"0px\" header_4_text_shadow_vertical_length_tablet=\"0px\" header_4_text_shadow_blur_strength_tablet=\"1px\" header_5_text_shadow_horizontal_length_tablet=\"0px\" header_5_text_shadow_vertical_length_tablet=\"0px\" header_5_text_shadow_blur_strength_tablet=\"1px\" header_6_text_shadow_horizontal_length_tablet=\"0px\" header_6_text_shadow_vertical_length_tablet=\"0px\" header_6_text_shadow_blur_strength_tablet=\"1px\" box_shadow_horizontal_tablet=\"0px\" box_shadow_vertical_tablet=\"0px\" box_shadow_blur_tablet=\"40px\" box_shadow_spread_tablet=\"0px\" border_style=\"solid\" saved_tabs=\"all\" locked=\"off\" global_colors_info=\"{}\"]<\/p><p>Bevilacqua Tote Bag Squared in velluto Rinascimento<\/p><p>[\/et_pb_text][\/et_pb_column][\/et_pb_row][et_pb_row _builder_version=\"4.23.4\" _module_preset=\"default\" global_colors_info=\"{}\"][et_pb_column type=\"4_4\" _builder_version=\"4.23.4\" _module_preset=\"default\" global_colors_info=\"{}\"][et_pb_image src=\"https:\/\/www.luigi-bevilacqua.com\/wp-content\/uploads\/2024\/07\/Bevilacqua-Tote-Bag-by-Marta-Formentello-@itsmartaeffe-Venezia-da-vivere.jpg\" alt=\"Bevilacqua Tote Bag \" title_text=\"Bevilacqua Tote Bag by Marta Formentello @itsmartaeffe-Venezia da vivere\" show_in_lightbox=\"on\" align=\"center\" align_tablet=\"center\" align_phone=\"\" align_last_edited=\"on|desktop\" _builder_version=\"4.26.1\" max_width=\"350px\" global_colors_info=\"{}\"][\/et_pb_image][et_pb_text admin_label=\"par 3 \" _builder_version=\"4.26.1\" global_colors_info=\"{}\"]<\/p><p><a href=\"https:\/\/www.luigi-bevilacqua.com\/project\/veronica\/\">Veronica Mini-Bag<\/a>: versatile ed estrosa, con tracolla removibile e cinturino per indossarla in vita, questa mini-bag realizzata nel <a href=\"https:\/\/www.luigi-bevilacqua.com\/prodotto\/da-vinci-39243s-velluto-bacchetta\/?attribute_pa_colore=nero\">velluto in seta Da Vinci nero<\/a>, con motivi ispirati ai nodi vinciani, \u00e8 perfetta per un look di tendenza. Misure: base 18 cm, altezza 10 cm, profondit\u00e0 4 cm.<\/p><p>[\/et_pb_text][et_pb_image src=\"https:\/\/www.luigi-bevilacqua.com\/wp-content\/uploads\/2024\/07\/Veronica-extra-large-Velluto-Da-Vinci-nero.jpg\" alt=\"Yellow Oval Room\" title_text=\"Veronica extra large Velluto Da Vinci nero\" show_in_lightbox=\"on\" align=\"center\" align_tablet=\"center\" align_phone=\"\" align_last_edited=\"on|desktop\" _builder_version=\"4.26.1\" max_width=\"500px\" global_colors_info=\"{}\"][\/et_pb_image][et_pb_text admin_label=\"par 3 \" _builder_version=\"4.26.1\" global_colors_info=\"{}\"]<\/p><p><a href=\"https:\/\/www.luigi-bevilacqua.com\/project\/bianca\/\">Bianca Pochette<\/a>: ideale per ogni occasione, dal giorno alla sera, si riveste di <a href=\"https:\/\/www.luigi-bevilacqua.com\/prodotto\/lance-3370s-velluto-bacchetta\/?attribute_pa_colore=nero\">velluto in seta Lanc\u00e9 nero<\/a>, con motivi a fiamma su sfondo beige dorato. \u00c8 disponibile anche in <a href=\"https:\/\/www.luigi-bevilacqua.com\/prodotto\/lune-3787s-velluto-bacchetta\/\">velluto Lune<\/a>, dal motivo Art D\u00e9co, <a href=\"https:\/\/www.luigi-bevilacqua.com\/prodotto\/coccodrillo-3886s-velluto-animalier\/?attribute_pa_colore=nero\">velluto Coccodrillo<\/a>, un sofisticato animalier, e velluto Rinascimento in nero. La chiusura a cerniera e il design elegante la rendono un accessorio indispensabile. Le misure sono: base 30 cm, altezza 12 cm, profondit\u00e0 4 cm.<\/p><p>[\/et_pb_text][et_pb_gallery gallery_ids=\"52970,61576,52974\" fullwidth=\"on\" _builder_version=\"4.26.1\" _module_preset=\"default\" max_width=\"400px\" module_alignment=\"center\" global_colors_info=\"{}\"][\/et_pb_gallery][et_pb_text disabled_on=\"off|off|off\" admin_label=\"didascalia\" _builder_version=\"4.26.1\" text_font=\"||on||\" text_font_size=\"12px\" background_color=\"rgba(218,221,221,0.52)\" text_orientation=\"center\" max_width=\"400px\" module_alignment=\"center\" z_index_tablet=\"500\" text_text_shadow_horizontal_length_tablet=\"0px\" text_text_shadow_vertical_length_tablet=\"0px\" text_text_shadow_blur_strength_tablet=\"1px\" link_text_shadow_horizontal_length_tablet=\"0px\" link_text_shadow_vertical_length_tablet=\"0px\" link_text_shadow_blur_strength_tablet=\"1px\" ul_text_shadow_horizontal_length_tablet=\"0px\" ul_text_shadow_vertical_length_tablet=\"0px\" ul_text_shadow_blur_strength_tablet=\"1px\" ol_text_shadow_horizontal_length_tablet=\"0px\" ol_text_shadow_vertical_length_tablet=\"0px\" ol_text_shadow_blur_strength_tablet=\"1px\" quote_text_shadow_horizontal_length_tablet=\"0px\" quote_text_shadow_vertical_length_tablet=\"0px\" quote_text_shadow_blur_strength_tablet=\"1px\" header_text_shadow_horizontal_length_tablet=\"0px\" header_text_shadow_vertical_length_tablet=\"0px\" header_text_shadow_blur_strength_tablet=\"1px\" header_2_text_shadow_horizontal_length_tablet=\"0px\" header_2_text_shadow_vertical_length_tablet=\"0px\" header_2_text_shadow_blur_strength_tablet=\"1px\" header_3_text_shadow_horizontal_length_tablet=\"0px\" header_3_text_shadow_vertical_length_tablet=\"0px\" header_3_text_shadow_blur_strength_tablet=\"1px\" header_4_text_shadow_horizontal_length_tablet=\"0px\" header_4_text_shadow_vertical_length_tablet=\"0px\" header_4_text_shadow_blur_strength_tablet=\"1px\" header_5_text_shadow_horizontal_length_tablet=\"0px\" header_5_text_shadow_vertical_length_tablet=\"0px\" header_5_text_shadow_blur_strength_tablet=\"1px\" header_6_text_shadow_horizontal_length_tablet=\"0px\" header_6_text_shadow_vertical_length_tablet=\"0px\" header_6_text_shadow_blur_strength_tablet=\"1px\" box_shadow_horizontal_tablet=\"0px\" box_shadow_vertical_tablet=\"0px\" box_shadow_blur_tablet=\"40px\" box_shadow_spread_tablet=\"0px\" border_style=\"solid\" saved_tabs=\"all\" locked=\"off\" global_colors_info=\"{}\"]<\/p><p>Bianca Pochette in velluto Lune, Coccodrillo e Rinascimento<\/p><p>[\/et_pb_text][et_pb_text admin_label=\"par 3 \" _builder_version=\"4.26.1\" global_colors_info=\"{}\"]<\/p><p><a href=\"https:\/\/www.luigi-bevilacqua.com\/project\/anna\/\">Anna Extra Large e Anna Mini<\/a>: forma geometrica e minimalista, questa borsa rigida \u00e8 perfetta <a href=\"https:\/\/www.luigi-bevilacqua.com\/prodotto\/lance-3370s-velluto-bacchetta\/?attribute_pa_colore=nero\">nel velluto Lanc\u00e9 nero<\/a> e nel <a href=\"https:\/\/www.luigi-bevilacqua.com\/prodotto\/rinascimento-39361s-velluto-bacchetta\/?attribute_pa_colore=nero\">velluto Rinascimento<\/a> per aggiungere un tocco di eleganza ad ogni outfit. Misure: base 32 cm, altezza 15 cm e base 21 cm, altezza 14 cm e profondit\u00e0 9 cm per la versione mini.<\/p><p>[\/et_pb_text][\/et_pb_column][\/et_pb_row][et_pb_row column_structure=\"1_2,1_2\" _builder_version=\"4.16\" background_size=\"initial\" background_position=\"top_left\" background_repeat=\"repeat\" global_colors_info=\"{}\"][et_pb_column type=\"1_2\" _builder_version=\"4.23.4\" _module_preset=\"default\" global_colors_info=\"{}\"][et_pb_image src=\"https:\/\/www.luigi-bevilacqua.com\/wp-content\/uploads\/2021\/06\/Anna-extra-large-velluto-lance-nero.jpg\" alt=\"Yellow Oval Room\" title_text=\"Anna - extra large -velluto lanc\u00e8 nero\" show_in_lightbox=\"on\" align=\"center\" align_tablet=\"center\" align_phone=\"\" align_last_edited=\"on|desktop\" _builder_version=\"4.26.1\" max_width=\"350px\" global_colors_info=\"{}\"][\/et_pb_image][et_pb_text disabled_on=\"off|off|off\" admin_label=\"didascalia\" _builder_version=\"4.26.1\" text_font=\"||on||\" text_font_size=\"12px\" background_color=\"rgba(218,221,221,0.52)\" text_orientation=\"center\" max_width=\"500px\" module_alignment=\"center\" z_index_tablet=\"500\" text_text_shadow_horizontal_length_tablet=\"0px\" text_text_shadow_vertical_length_tablet=\"0px\" text_text_shadow_blur_strength_tablet=\"1px\" link_text_shadow_horizontal_length_tablet=\"0px\" link_text_shadow_vertical_length_tablet=\"0px\" link_text_shadow_blur_strength_tablet=\"1px\" ul_text_shadow_horizontal_length_tablet=\"0px\" ul_text_shadow_vertical_length_tablet=\"0px\" ul_text_shadow_blur_strength_tablet=\"1px\" ol_text_shadow_horizontal_length_tablet=\"0px\" ol_text_shadow_vertical_length_tablet=\"0px\" ol_text_shadow_blur_strength_tablet=\"1px\" quote_text_shadow_horizontal_length_tablet=\"0px\" quote_text_shadow_vertical_length_tablet=\"0px\" quote_text_shadow_blur_strength_tablet=\"1px\" header_text_shadow_horizontal_length_tablet=\"0px\" header_text_shadow_vertical_length_tablet=\"0px\" header_text_shadow_blur_strength_tablet=\"1px\" header_2_text_shadow_horizontal_length_tablet=\"0px\" header_2_text_shadow_vertical_length_tablet=\"0px\" header_2_text_shadow_blur_strength_tablet=\"1px\" header_3_text_shadow_horizontal_length_tablet=\"0px\" header_3_text_shadow_vertical_length_tablet=\"0px\" header_3_text_shadow_blur_strength_tablet=\"1px\" header_4_text_shadow_horizontal_length_tablet=\"0px\" header_4_text_shadow_vertical_length_tablet=\"0px\" header_4_text_shadow_blur_strength_tablet=\"1px\" header_5_text_shadow_horizontal_length_tablet=\"0px\" header_5_text_shadow_vertical_length_tablet=\"0px\" header_5_text_shadow_blur_strength_tablet=\"1px\" header_6_text_shadow_horizontal_length_tablet=\"0px\" header_6_text_shadow_vertical_length_tablet=\"0px\" header_6_text_shadow_blur_strength_tablet=\"1px\" box_shadow_horizontal_tablet=\"0px\" box_shadow_vertical_tablet=\"0px\" box_shadow_blur_tablet=\"40px\" box_shadow_spread_tablet=\"0px\" border_style=\"solid\" saved_tabs=\"all\" locked=\"off\" global_colors_info=\"{}\"]<\/p><p>Anna Extra Large in velluto Lanc\u00e9<\/p><p>[\/et_pb_text][\/et_pb_column][et_pb_column type=\"1_2\" _builder_version=\"4.23.4\" _module_preset=\"default\" global_colors_info=\"{}\"][et_pb_image src=\"https:\/\/www.luigi-bevilacqua.com\/wp-content\/uploads\/2018\/01\/Anna_Rinascimento-nero.jpg\" alt=\"Yellow Oval Room\" title_text=\"Anna_Rinascimento nero\" show_in_lightbox=\"on\" align=\"center\" align_tablet=\"center\" align_phone=\"\" align_last_edited=\"on|desktop\" _builder_version=\"4.26.1\" max_width=\"350px\" global_colors_info=\"{}\"][\/et_pb_image][et_pb_text disabled_on=\"off|off|off\" admin_label=\"didascalia\" _builder_version=\"4.26.1\" text_font=\"||on||\" text_font_size=\"12px\" background_color=\"rgba(218,221,221,0.52)\" text_orientation=\"center\" max_width=\"500px\" module_alignment=\"center\" z_index_tablet=\"500\" text_text_shadow_horizontal_length_tablet=\"0px\" text_text_shadow_vertical_length_tablet=\"0px\" text_text_shadow_blur_strength_tablet=\"1px\" link_text_shadow_horizontal_length_tablet=\"0px\" link_text_shadow_vertical_length_tablet=\"0px\" link_text_shadow_blur_strength_tablet=\"1px\" ul_text_shadow_horizontal_length_tablet=\"0px\" ul_text_shadow_vertical_length_tablet=\"0px\" ul_text_shadow_blur_strength_tablet=\"1px\" ol_text_shadow_horizontal_length_tablet=\"0px\" ol_text_shadow_vertical_length_tablet=\"0px\" ol_text_shadow_blur_strength_tablet=\"1px\" quote_text_shadow_horizontal_length_tablet=\"0px\" quote_text_shadow_vertical_length_tablet=\"0px\" quote_text_shadow_blur_strength_tablet=\"1px\" header_text_shadow_horizontal_length_tablet=\"0px\" header_text_shadow_vertical_length_tablet=\"0px\" header_text_shadow_blur_strength_tablet=\"1px\" header_2_text_shadow_horizontal_length_tablet=\"0px\" header_2_text_shadow_vertical_length_tablet=\"0px\" header_2_text_shadow_blur_strength_tablet=\"1px\" header_3_text_shadow_horizontal_length_tablet=\"0px\" header_3_text_shadow_vertical_length_tablet=\"0px\" header_3_text_shadow_blur_strength_tablet=\"1px\" header_4_text_shadow_horizontal_length_tablet=\"0px\" header_4_text_shadow_vertical_length_tablet=\"0px\" header_4_text_shadow_blur_strength_tablet=\"1px\" header_5_text_shadow_horizontal_length_tablet=\"0px\" header_5_text_shadow_vertical_length_tablet=\"0px\" header_5_text_shadow_blur_strength_tablet=\"1px\" header_6_text_shadow_horizontal_length_tablet=\"0px\" header_6_text_shadow_vertical_length_tablet=\"0px\" header_6_text_shadow_blur_strength_tablet=\"1px\" box_shadow_horizontal_tablet=\"0px\" box_shadow_vertical_tablet=\"0px\" box_shadow_blur_tablet=\"40px\" box_shadow_spread_tablet=\"0px\" border_style=\"solid\" saved_tabs=\"all\" locked=\"off\" global_colors_info=\"{}\"]<\/p><p>Anna Mini in velluto Rinascimento<\/p><p>[\/et_pb_text][\/et_pb_column][\/et_pb_row][et_pb_row _builder_version=\"4.23.4\" _module_preset=\"default\" global_colors_info=\"{}\"][et_pb_column type=\"4_4\" _builder_version=\"4.23.4\" _module_preset=\"default\" global_colors_info=\"{}\"][et_pb_image src=\"https:\/\/www.luigi-bevilacqua.com\/wp-content\/uploads\/2024\/07\/Bevilacqua-borse-velluto-Rinascimento-Marta-Formentello-Venezia-da-Vivere.jpg\" alt=\"Bevilacqua borse velluto Rinascimento \" title_text=\"Bevilacqua borse velluto Rinascimento Marta Formentello Venezia da Vivere\" show_in_lightbox=\"on\" align=\"center\" align_tablet=\"center\" align_phone=\"\" align_last_edited=\"on|desktop\" _builder_version=\"4.26.1\" max_width=\"350px\" global_colors_info=\"{}\"][\/et_pb_image][et_pb_text admin_label=\"par 3 \" _builder_version=\"4.26.1\" global_colors_info=\"{}\"]<\/p><p><a href=\"https:\/\/www.luigi-bevilacqua.com\/project\/lavinia\/\">Lavinia Pochette<\/a>: questa elegante pochette rigida, con finiture in pelle italiana e realizzata nell\u2019iconico <a href=\"https:\/\/www.luigi-bevilacqua.com\/prodotto\/da-vinci-39243s-velluto-bacchetta\/?attribute_pa_colore=nero\">velluto Da Vinci nero<\/a>, \u00e8 perfetta per serate eleganti. Misura: base 30 cm, altezza 16 cm, profondit\u00e0 5 cm.<\/p><p>[\/et_pb_text][et_pb_image src=\"https:\/\/www.luigi-bevilacqua.com\/wp-content\/uploads\/2020\/02\/Lavinia_-da-vinci-nero_-30x16-cm_900x600-evid_swtch.jpg\" alt=\"Yellow Oval Room\" title_text=\"Lavinia_ da vinci nero_ 30x16 cm_900x600 evid_swtch\" show_in_lightbox=\"on\" align=\"center\" align_tablet=\"center\" align_phone=\"\" align_last_edited=\"on|desktop\" _builder_version=\"4.26.1\" max_width=\"500px\" global_colors_info=\"{}\"][\/et_pb_image][et_pb_text admin_label=\"par 3 \" _builder_version=\"4.26.1\" global_colors_info=\"{}\"]<\/p><p><a href=\"https:\/\/www.luigi-bevilacqua.com\/project\/luna-hobo-bag\/\">Luna Hobo Bag<\/a>: \u00e8 realizzata con il <a href=\"https:\/\/www.luigi-bevilacqua.com\/prodotto\/rinascimento-39361s-velluto-bacchetta\/?attribute_pa_colore=nero\">velluto in seta Rinascimento<\/a>, dal motivo di ispirazione orientale, che presenta sottili tralci con foglie che si intrecciano e si separano alternativamente formando una rete a maglie ogivali. Il manico in pelle e la chiusura a zip, la rendono comoda e sicura, un must-have per ogni guardaroba. Misure: base 22 cm, altezza 12 cm.<\/p><p>[\/et_pb_text][et_pb_image src=\"https:\/\/www.luigi-bevilacqua.com\/wp-content\/uploads\/2024\/04\/LUNA-rinascimento-nero.jpg\" alt=\"Yellow Oval Room\" title_text=\"LUNA rinascimento nero\" show_in_lightbox=\"on\" align=\"center\" align_tablet=\"center\" align_phone=\"\" align_last_edited=\"on|desktop\" _builder_version=\"4.26.1\" max_width=\"500px\" global_colors_info=\"{}\"][\/et_pb_image][\/et_pb_column][\/et_pb_row][et_pb_row _builder_version=\"4.16\" background_size=\"initial\" background_position=\"top_left\" background_repeat=\"repeat\" global_colors_info=\"{}\"][et_pb_column type=\"4_4\" _builder_version=\"4.16\" custom_padding=\"|||\" global_colors_info=\"{}\" custom_padding__hover=\"|||\"][et_pb_text admin_label=\"intro + par. 1\" _builder_version=\"4.26.1\" global_colors_info=\"{}\"]<\/p><h2>Sciarpe in cashmere Bevilacqua<\/h2><p>Le <a href=\"https:\/\/www.luigi-bevilacqua.com\/sciarpe-cashmere-borse\/\">sciarpe in cashmere Bevilacqua<\/a>, ampie e versatili, misurano 188 cm x 40 cm, una dimensione ideale per essere indossate in molteplici modi. Possono fungere da sciarpe, mantelle o addirittura gilet, magari abbinate a un cinturino in vita. Realizzate con una combinazione di morbido cashmere e pregiati velluti Bevilacqua, queste sciarpe offrono un'esperienza di comfort e lusso senza pari. In questa collezione le proponiamo in due versioni.<\/p><p>Un modello presenta sui due lati due colori diversi. Ha tasche applicate, realizzate con velluti dai motivi unici, omaggio al nostro archivio storico di disegni ornamentali.<\/p><p>[\/et_pb_text][et_pb_image src=\"https:\/\/www.luigi-bevilacqua.com\/wp-content\/uploads\/2024\/07\/sciarpa-cashmere-broccatello-leopardo.jpg\" alt=\"sciarpa cashmere broccatello | Tessitura Bevilacqua\" title_text=\"sciarpa cashmere broccatello leopardo\" show_in_lightbox=\"on\" align=\"center\" align_tablet=\"center\" align_phone=\"\" align_last_edited=\"on|desktop\" _builder_version=\"4.26.1\" max_width=\"350px\" global_colors_info=\"{}\"][\/et_pb_image][et_pb_text admin_label=\"par. 1\" _builder_version=\"4.26.1\" global_colors_info=\"{}\"]<\/p><p>Le combinazioni offerte sono:<\/p><ul><li>Grigio-avorio con tasche in <a href=\"https:\/\/www.luigi-bevilacqua.com\/prodotto\/rinascimento-39361s-velluto-bacchetta\/?attribute_pa_colore=nero\">velluto di seta Rinascimento nero<\/a>.<\/li><li>Grigio-\u00e9cru con tasche in <a href=\"https:\/\/www.luigi-bevilacqua.com\/prodotto\/lance-3370s-velluto-bacchetta\/?attribute_pa_colore=nero\">velluto di seta Lanc\u00e9 nero<\/a>.<\/li><li>Nero-grigio con tasche in velluto di seta Coccodrillo nero.<\/li><\/ul><p>[\/et_pb_text][et_pb_image src=\"https:\/\/www.luigi-bevilacqua.com\/wp-content\/uploads\/2024\/03\/sciarpe-cashmere-varianti-colore-nero-e-grigio.jpg\" alt=\"Velluto_tagliato_casa_bianca_giallo_oro_dettaglio|Tessitura Bevilacqua\" title_text=\"sciarpe cashmere varianti colore nero e grigio\" show_in_lightbox=\"on\" align=\"center\" align_tablet=\"center\" align_phone=\"\" align_last_edited=\"on|desktop\" _builder_version=\"4.26.1\" max_width=\"350px\" global_colors_info=\"{}\"][\/et_pb_image][et_pb_text admin_label=\"p. 1\" _builder_version=\"4.26.1\" _module_preset=\"default\" global_colors_info=\"{}\"]<\/p><p>Oltre al modello con tasche applicate, questa stagione prevede una raffinata novit\u00e0, una stola in cashmere con una splendida bordatura delle maniche in <a href=\"https:\/\/www.luigi-bevilacqua.com\/prodotto\/rinascimento-39361s-velluto-bacchetta\/?attribute_pa_colore=nero\">velluto di seta Rinascimento nero<\/a>. Questa stola combina il lusso del cashmere con la raffinatezza del velluto Rinascimento, creando un capo che non \u00e8 solo caldo e confortevole, ma anche incredibilmente elegante.<\/p><p>[\/et_pb_text][\/et_pb_column][\/et_pb_row][et_pb_row _builder_version=\"4.23.4\" _module_preset=\"default\" global_colors_info=\"{}\"][et_pb_column type=\"4_4\" _builder_version=\"4.23.4\" _module_preset=\"default\" global_colors_info=\"{}\"][et_pb_text admin_label=\"conclusioni\" _builder_version=\"4.26.1\" global_colors_info=\"{}\"]<\/p><p>Gli accessori della nostra collezione autunno-inverno rappresentano l'essenza della raffinatezza e dell'eleganza. Perfetti per una serata elegante o per prepararsi alla prossima stagione con stile, questi pezzi esclusivi sono disponibili presso la nostra boutique a Venezia o contattandoci direttamente: <a href=\"mailto:bevilacqua@luigi-bevilacqua.com\">bevilacqua@luigi-bevilacqua.com<\/a>.<\/p><p>[\/et_pb_text][et_pb_image src=\"https:\/\/www.luigi-bevilacqua.com\/wp-content\/uploads\/2024\/07\/borse-e-stola-velluti-neri.jpg\" alt=\"borse stola velluto nero | Tessitura Bevilacqua\" title_text=\"borse e stola velluti neri\" show_in_lightbox=\"on\" align=\"center\" align_tablet=\"center\" align_phone=\"\" align_last_edited=\"on|desktop\" _builder_version=\"4.26.1\" max_width=\"500px\" global_colors_info=\"{}\"][\/et_pb_image][\/et_pb_column][\/et_pb_row][\/et_pb_section]<\/p>","_et_gb_content_width":"","footnotes":""},"categories":[182],"tags":[],"class_list":["post-61682","post","type-post","status-publish","format-standard","has-post-thumbnail","hentry","category-fashion"],"yoast_head":"<!-- This site is optimized with the Yoast SEO plugin v27.5 - https:\/\/yoast.com\/product\/yoast-seo-wordpress\/ -->\n<title>Black Velvet Bags and Scarves 2024 Collection by Bevilacqua<\/title>\n<meta name=\"description\" content=\"Discover Bevilacqua&#039;s new collection of black velvet fashion accessories: cashmere scarves and luxury bags for timeless elegance.\" \/>\n<meta name=\"robots\" content=\"index, follow, max-snippet:-1, max-image-preview:large, max-video-preview:-1\" \/>\n<link rel=\"canonical\" href=\"https:\/\/www.luigi-bevilacqua.com\/en\/black-velvet-bags-and-scarves-2024\/\" \/>\n<meta property=\"og:locale\" content=\"en_US\" \/>\n<meta property=\"og:type\" content=\"article\" \/>\n<meta property=\"og:title\" content=\"Black Velvet Bags and Scarves 2024 Collection by Bevilacqua\" \/>\n<meta property=\"og:description\" content=\"Discover Bevilacqua&#039;s new collection of black velvet fashion accessories: cashmere scarves and luxury bags for timeless elegance.\" \/>\n<meta property=\"og:url\" content=\"https:\/\/www.luigi-bevilacqua.com\/en\/black-velvet-bags-and-scarves-2024\/\" \/>\n<meta property=\"og:site_name\" content=\"Tessitura Luigi Bevilaqua\" \/>\n<meta property=\"article:publisher\" content=\"https:\/\/www.facebook.com\/TessituraLuigiBevilacqua\" \/>\n<meta property=\"article:published_time\" content=\"2024-07-25T07:00:22+00:00\" \/>\n<meta property=\"og:image\" content=\"https:\/\/www.luigi-bevilacqua.com\/wp-content\/uploads\/2010\/07\/accessori-velluto-nero-boutique-borse-stola.jpg\" \/>\n\t<meta property=\"og:image:width\" content=\"1080\" \/>\n\t<meta property=\"og:image:height\" content=\"675\" \/>\n\t<meta property=\"og:image:type\" content=\"image\/jpeg\" \/>\n<meta name=\"author\" content=\"Laura Fuser\" \/>\n<script type=\"application\/ld+json\" class=\"yoast-schema-graph\">{\"@context\":\"https:\\\/\\\/schema.org\",\"@graph\":[{\"@type\":\"Article\",\"@id\":\"https:\\\/\\\/www.luigi-bevilacqua.com\\\/en\\\/black-velvet-bags-and-scarves-2024\\\/#article\",\"isPartOf\":{\"@id\":\"https:\\\/\\\/www.luigi-bevilacqua.com\\\/en\\\/black-velvet-bags-and-scarves-2024\\\/\"},\"author\":{\"name\":\"Laura Fuser\",\"@id\":\"https:\\\/\\\/www.luigi-bevilacqua.com\\\/en\\\/#\\\/schema\\\/person\\\/6a99297ba99b9f66e527716bdae7c2df\"},\"headline\":\"Timeless Elegance: Black Velvet Fashion Accessories by Bevilacqua\",\"datePublished\":\"2024-07-25T07:00:22+00:00\",\"mainEntityOfPage\":{\"@id\":\"https:\\\/\\\/www.luigi-bevilacqua.com\\\/en\\\/black-velvet-bags-and-scarves-2024\\\/\"},\"wordCount\":3281,\"publisher\":{\"@id\":\"https:\\\/\\\/www.luigi-bevilacqua.com\\\/en\\\/#organization\"},\"image\":{\"@id\":\"https:\\\/\\\/www.luigi-bevilacqua.com\\\/en\\\/black-velvet-bags-and-scarves-2024\\\/#primaryimage\"},\"thumbnailUrl\":\"https:\\\/\\\/www.luigi-bevilacqua.com\\\/wp-content\\\/uploads\\\/2010\\\/07\\\/accessori-velluto-nero-boutique-borse-stola.jpg\",\"articleSection\":[\"Fashion\"],\"inLanguage\":\"en-US\"},{\"@type\":\"WebPage\",\"@id\":\"https:\\\/\\\/www.luigi-bevilacqua.com\\\/en\\\/black-velvet-bags-and-scarves-2024\\\/\",\"url\":\"https:\\\/\\\/www.luigi-bevilacqua.com\\\/en\\\/black-velvet-bags-and-scarves-2024\\\/\",\"name\":\"Black Velvet Bags and Scarves 2024 Collection by Bevilacqua\",\"isPartOf\":{\"@id\":\"https:\\\/\\\/www.luigi-bevilacqua.com\\\/en\\\/#website\"},\"primaryImageOfPage\":{\"@id\":\"https:\\\/\\\/www.luigi-bevilacqua.com\\\/en\\\/black-velvet-bags-and-scarves-2024\\\/#primaryimage\"},\"image\":{\"@id\":\"https:\\\/\\\/www.luigi-bevilacqua.com\\\/en\\\/black-velvet-bags-and-scarves-2024\\\/#primaryimage\"},\"thumbnailUrl\":\"https:\\\/\\\/www.luigi-bevilacqua.com\\\/wp-content\\\/uploads\\\/2010\\\/07\\\/accessori-velluto-nero-boutique-borse-stola.jpg\",\"datePublished\":\"2024-07-25T07:00:22+00:00\",\"description\":\"Discover Bevilacqua's new collection of black velvet fashion accessories: cashmere scarves and luxury bags for timeless elegance.\",\"breadcrumb\":{\"@id\":\"https:\\\/\\\/www.luigi-bevilacqua.com\\\/en\\\/black-velvet-bags-and-scarves-2024\\\/#breadcrumb\"},\"inLanguage\":\"en-US\",\"potentialAction\":[{\"@type\":\"ReadAction\",\"target\":[\"https:\\\/\\\/www.luigi-bevilacqua.com\\\/en\\\/black-velvet-bags-and-scarves-2024\\\/\"]}]},{\"@type\":\"ImageObject\",\"inLanguage\":\"en-US\",\"@id\":\"https:\\\/\\\/www.luigi-bevilacqua.com\\\/en\\\/black-velvet-bags-and-scarves-2024\\\/#primaryimage\",\"url\":\"https:\\\/\\\/www.luigi-bevilacqua.com\\\/wp-content\\\/uploads\\\/2010\\\/07\\\/accessori-velluto-nero-boutique-borse-stola.jpg\",\"contentUrl\":\"https:\\\/\\\/www.luigi-bevilacqua.com\\\/wp-content\\\/uploads\\\/2010\\\/07\\\/accessori-velluto-nero-boutique-borse-stola.jpg\",\"width\":1080,\"height\":675,\"caption\":\"accessori velluto nero boutique borse stola|Tessitura Bevilacqua\"},{\"@type\":\"BreadcrumbList\",\"@id\":\"https:\\\/\\\/www.luigi-bevilacqua.com\\\/en\\\/black-velvet-bags-and-scarves-2024\\\/#breadcrumb\",\"itemListElement\":[{\"@type\":\"ListItem\",\"position\":1,\"name\":\"Home\",\"item\":\"https:\\\/\\\/www.luigi-bevilacqua.com\\\/en\\\/home\\\/\"},{\"@type\":\"ListItem\",\"position\":2,\"name\":\"Timeless Elegance: Black Velvet Fashion Accessories by Bevilacqua\"}]},{\"@type\":\"WebSite\",\"@id\":\"https:\\\/\\\/www.luigi-bevilacqua.com\\\/en\\\/#website\",\"url\":\"https:\\\/\\\/www.luigi-bevilacqua.com\\\/en\\\/\",\"name\":\"Tessitura Luigi Bevilaqua\",\"description\":\"Tessitura Bevilaqua\",\"publisher\":{\"@id\":\"https:\\\/\\\/www.luigi-bevilacqua.com\\\/en\\\/#organization\"},\"potentialAction\":[{\"@type\":\"SearchAction\",\"target\":{\"@type\":\"EntryPoint\",\"urlTemplate\":\"https:\\\/\\\/www.luigi-bevilacqua.com\\\/en\\\/?s={search_term_string}\"},\"query-input\":{\"@type\":\"PropertyValueSpecification\",\"valueRequired\":true,\"valueName\":\"search_term_string\"}}],\"inLanguage\":\"en-US\"},{\"@type\":\"Organization\",\"@id\":\"https:\\\/\\\/www.luigi-bevilacqua.com\\\/en\\\/#organization\",\"name\":\"Tessitura Luigi Bevilacqua\",\"url\":\"https:\\\/\\\/www.luigi-bevilacqua.com\\\/en\\\/\",\"logo\":{\"@type\":\"ImageObject\",\"inLanguage\":\"en-US\",\"@id\":\"https:\\\/\\\/www.luigi-bevilacqua.com\\\/en\\\/#\\\/schema\\\/logo\\\/image\\\/\",\"url\":\"https:\\\/\\\/www.luigi-bevilacqua.com\\\/wp-content\\\/uploads\\\/2017\\\/04\\\/logo-bevilacqua-home.png\",\"contentUrl\":\"https:\\\/\\\/www.luigi-bevilacqua.com\\\/wp-content\\\/uploads\\\/2017\\\/04\\\/logo-bevilacqua-home.png\",\"width\":272,\"height\":156,\"caption\":\"Tessitura Luigi Bevilacqua\"},\"image\":{\"@id\":\"https:\\\/\\\/www.luigi-bevilacqua.com\\\/en\\\/#\\\/schema\\\/logo\\\/image\\\/\"},\"sameAs\":[\"https:\\\/\\\/www.facebook.com\\\/TessituraLuigiBevilacqua\",\"https:\\\/\\\/x.com\\\/tessiturebevilc\",\"https:\\\/\\\/www.instagram.com\\\/tessiturebevilacqua\\\/\",\"https:\\\/\\\/www.linkedin.com\\\/company\\\/bevilacqua\\\/\",\"https:\\\/\\\/it.pinterest.com\\\/luigibevilacqua\\\/\",\"https:\\\/\\\/www.youtube.com\\\/channel\\\/UCvKX4HKDdjyoJIztAzEekkQ\"]},{\"@type\":\"Person\",\"@id\":\"https:\\\/\\\/www.luigi-bevilacqua.com\\\/en\\\/#\\\/schema\\\/person\\\/6a99297ba99b9f66e527716bdae7c2df\",\"name\":\"Laura Fuser\",\"sameAs\":[\"https:\\\/\\\/strategika.es\\\/\"]}]}<\/script>\n<!-- \/ Yoast SEO plugin. -->","yoast_head_json":{"title":"Black Velvet Bags and Scarves 2024 Collection by Bevilacqua","description":"Discover Bevilacqua's new collection of black velvet fashion accessories: cashmere scarves and luxury bags for timeless elegance.","robots":{"index":"index","follow":"follow","max-snippet":"max-snippet:-1","max-image-preview":"max-image-preview:large","max-video-preview":"max-video-preview:-1"},"canonical":"https:\/\/www.luigi-bevilacqua.com\/en\/black-velvet-bags-and-scarves-2024\/","og_locale":"en_US","og_type":"article","og_title":"Black Velvet Bags and Scarves 2024 Collection by Bevilacqua","og_description":"Discover Bevilacqua's new collection of black velvet fashion accessories: cashmere scarves and luxury bags for timeless elegance.","og_url":"https:\/\/www.luigi-bevilacqua.com\/en\/black-velvet-bags-and-scarves-2024\/","og_site_name":"Tessitura Luigi Bevilaqua","article_publisher":"https:\/\/www.facebook.com\/TessituraLuigiBevilacqua","article_published_time":"2024-07-25T07:00:22+00:00","og_image":[{"width":1080,"height":675,"url":"https:\/\/www.luigi-bevilacqua.com\/wp-content\/uploads\/2010\/07\/accessori-velluto-nero-boutique-borse-stola.jpg","type":"image\/jpeg"}],"author":"Laura Fuser","schema":{"@context":"https:\/\/schema.org","@graph":[{"@type":"Article","@id":"https:\/\/www.luigi-bevilacqua.com\/en\/black-velvet-bags-and-scarves-2024\/#article","isPartOf":{"@id":"https:\/\/www.luigi-bevilacqua.com\/en\/black-velvet-bags-and-scarves-2024\/"},"author":{"name":"Laura Fuser","@id":"https:\/\/www.luigi-bevilacqua.com\/en\/#\/schema\/person\/6a99297ba99b9f66e527716bdae7c2df"},"headline":"Timeless Elegance: Black Velvet Fashion Accessories by Bevilacqua","datePublished":"2024-07-25T07:00:22+00:00","mainEntityOfPage":{"@id":"https:\/\/www.luigi-bevilacqua.com\/en\/black-velvet-bags-and-scarves-2024\/"},"wordCount":3281,"publisher":{"@id":"https:\/\/www.luigi-bevilacqua.com\/en\/#organization"},"image":{"@id":"https:\/\/www.luigi-bevilacqua.com\/en\/black-velvet-bags-and-scarves-2024\/#primaryimage"},"thumbnailUrl":"https:\/\/www.luigi-bevilacqua.com\/wp-content\/uploads\/2010\/07\/accessori-velluto-nero-boutique-borse-stola.jpg","articleSection":["Fashion"],"inLanguage":"en-US"},{"@type":"WebPage","@id":"https:\/\/www.luigi-bevilacqua.com\/en\/black-velvet-bags-and-scarves-2024\/","url":"https:\/\/www.luigi-bevilacqua.com\/en\/black-velvet-bags-and-scarves-2024\/","name":"Black Velvet Bags and Scarves 2024 Collection by Bevilacqua","isPartOf":{"@id":"https:\/\/www.luigi-bevilacqua.com\/en\/#website"},"primaryImageOfPage":{"@id":"https:\/\/www.luigi-bevilacqua.com\/en\/black-velvet-bags-and-scarves-2024\/#primaryimage"},"image":{"@id":"https:\/\/www.luigi-bevilacqua.com\/en\/black-velvet-bags-and-scarves-2024\/#primaryimage"},"thumbnailUrl":"https:\/\/www.luigi-bevilacqua.com\/wp-content\/uploads\/2010\/07\/accessori-velluto-nero-boutique-borse-stola.jpg","datePublished":"2024-07-25T07:00:22+00:00","description":"Discover Bevilacqua's new collection of black velvet fashion accessories: cashmere scarves and luxury bags for timeless elegance.","breadcrumb":{"@id":"https:\/\/www.luigi-bevilacqua.com\/en\/black-velvet-bags-and-scarves-2024\/#breadcrumb"},"inLanguage":"en-US","potentialAction":[{"@type":"ReadAction","target":["https:\/\/www.luigi-bevilacqua.com\/en\/black-velvet-bags-and-scarves-2024\/"]}]},{"@type":"ImageObject","inLanguage":"en-US","@id":"https:\/\/www.luigi-bevilacqua.com\/en\/black-velvet-bags-and-scarves-2024\/#primaryimage","url":"https:\/\/www.luigi-bevilacqua.com\/wp-content\/uploads\/2010\/07\/accessori-velluto-nero-boutique-borse-stola.jpg","contentUrl":"https:\/\/www.luigi-bevilacqua.com\/wp-content\/uploads\/2010\/07\/accessori-velluto-nero-boutique-borse-stola.jpg","width":1080,"height":675,"caption":"accessori velluto nero boutique borse stola|Tessitura Bevilacqua"},{"@type":"BreadcrumbList","@id":"https:\/\/www.luigi-bevilacqua.com\/en\/black-velvet-bags-and-scarves-2024\/#breadcrumb","itemListElement":[{"@type":"ListItem","position":1,"name":"Home","item":"https:\/\/www.luigi-bevilacqua.com\/en\/home\/"},{"@type":"ListItem","position":2,"name":"Timeless Elegance: Black Velvet Fashion Accessories by Bevilacqua"}]},{"@type":"WebSite","@id":"https:\/\/www.luigi-bevilacqua.com\/en\/#website","url":"https:\/\/www.luigi-bevilacqua.com\/en\/","name":"Tessitura Luigi Bevilaqua","description":"Tessitura Bevilaqua","publisher":{"@id":"https:\/\/www.luigi-bevilacqua.com\/en\/#organization"},"potentialAction":[{"@type":"SearchAction","target":{"@type":"EntryPoint","urlTemplate":"https:\/\/www.luigi-bevilacqua.com\/en\/?s={search_term_string}"},"query-input":{"@type":"PropertyValueSpecification","valueRequired":true,"valueName":"search_term_string"}}],"inLanguage":"en-US"},{"@type":"Organization","@id":"https:\/\/www.luigi-bevilacqua.com\/en\/#organization","name":"Tessitura Luigi Bevilacqua","url":"https:\/\/www.luigi-bevilacqua.com\/en\/","logo":{"@type":"ImageObject","inLanguage":"en-US","@id":"https:\/\/www.luigi-bevilacqua.com\/en\/#\/schema\/logo\/image\/","url":"https:\/\/www.luigi-bevilacqua.com\/wp-content\/uploads\/2017\/04\/logo-bevilacqua-home.png","contentUrl":"https:\/\/www.luigi-bevilacqua.com\/wp-content\/uploads\/2017\/04\/logo-bevilacqua-home.png","width":272,"height":156,"caption":"Tessitura Luigi Bevilacqua"},"image":{"@id":"https:\/\/www.luigi-bevilacqua.com\/en\/#\/schema\/logo\/image\/"},"sameAs":["https:\/\/www.facebook.com\/TessituraLuigiBevilacqua","https:\/\/x.com\/tessiturebevilc","https:\/\/www.instagram.com\/tessiturebevilacqua\/","https:\/\/www.linkedin.com\/company\/bevilacqua\/","https:\/\/it.pinterest.com\/luigibevilacqua\/","https:\/\/www.youtube.com\/channel\/UCvKX4HKDdjyoJIztAzEekkQ"]},{"@type":"Person","@id":"https:\/\/www.luigi-bevilacqua.com\/en\/#\/schema\/person\/6a99297ba99b9f66e527716bdae7c2df","name":"Laura Fuser","sameAs":["https:\/\/strategika.es\/"]}]}},"_links":{"self":[{"href":"https:\/\/www.luigi-bevilacqua.com\/en\/wp-json\/wp\/v2\/posts\/61682","targetHints":{"allow":["GET"]}}],"collection":[{"href":"https:\/\/www.luigi-bevilacqua.com\/en\/wp-json\/wp\/v2\/posts"}],"about":[{"href":"https:\/\/www.luigi-bevilacqua.com\/en\/wp-json\/wp\/v2\/types\/post"}],"author":[{"embeddable":true,"href":"https:\/\/www.luigi-bevilacqua.com\/en\/wp-json\/wp\/v2\/users\/10"}],"replies":[{"embeddable":true,"href":"https:\/\/www.luigi-bevilacqua.com\/en\/wp-json\/wp\/v2\/comments?post=61682"}],"version-history":[{"count":0,"href":"https:\/\/www.luigi-bevilacqua.com\/en\/wp-json\/wp\/v2\/posts\/61682\/revisions"}],"wp:featuredmedia":[{"embeddable":true,"href":"https:\/\/www.luigi-bevilacqua.com\/en\/wp-json\/wp\/v2\/media\/61567"}],"wp:attachment":[{"href":"https:\/\/www.luigi-bevilacqua.com\/en\/wp-json\/wp\/v2\/media?parent=61682"}],"wp:term":[{"taxonomy":"category","embeddable":true,"href":"https:\/\/www.luigi-bevilacqua.com\/en\/wp-json\/wp\/v2\/categories?post=61682"},{"taxonomy":"post_tag","embeddable":true,"href":"https:\/\/www.luigi-bevilacqua.com\/en\/wp-json\/wp\/v2\/tags?post=61682"}],"curies":[{"name":"wp","href":"https:\/\/api.w.org\/{rel}","templated":true}]}}