{"id":59784,"date":"2024-02-15T14:00:50","date_gmt":"2024-02-15T13:00:50","guid":{"rendered":"https:\/\/www.luigi-bevilacqua.com\/?p=59784"},"modified":"2024-02-19T14:57:30","modified_gmt":"2024-02-19T13:57:30","slug":"shine-strie-lame-lance-craquele-fabrics","status":"publish","type":"post","link":"https:\/\/www.luigi-bevilacqua.com\/en\/shine-strie-lame-lance-craquele-fabrics\/","title":{"rendered":"Decoding Fabrics: Shin\u00e9, Stri\u00e9, Lam\u00e9, Lanc\u00e9, and Craquel\u00e9"},"content":{"rendered":"<p>[et_pb_section fb_built=&#8221;1&#8243; _builder_version=&#8221;4.16&#8243; global_colors_info=&#8221;{}&#8221;][et_pb_row _builder_version=&#8221;4.16&#8243; background_size=&#8221;initial&#8221; background_position=&#8221;top_left&#8221; background_repeat=&#8221;repeat&#8221; global_colors_info=&#8221;{}&#8221;][et_pb_column type=&#8221;4_4&#8243; _builder_version=&#8221;4.16&#8243; custom_padding=&#8221;|||&#8221; global_colors_info=&#8221;{}&#8221; custom_padding__hover=&#8221;|||&#8221;][et_pb_text _builder_version=&#8221;4.23.4&#8243; background_size=&#8221;initial&#8221; background_position=&#8221;top_left&#8221; background_repeat=&#8221;repeat&#8221; hover_enabled=&#8221;0&#8243; global_colors_info=&#8221;{}&#8221; sticky_enabled=&#8221;0&#8243;]<\/p>\n<p>In the descriptions of our fabrics, you will often find technical terms referring to specific processes: <em>shin\u00e9, stri\u00e9, lam\u00e9, lanc\u00e9<\/em>, and<em> craquel\u00e9<\/em>. These techniques have been developed to give our products unique characteristics. The purpose of this article is to clarify the meaning of these terms.<\/p>\n<h2>Shin\u00e9 Velvets<\/h2>\n<p><em>Shin\u00e9<\/em> velvets are characterized by their irregular shades. This effect is achieved by using a yarn dyed with different shades of the same color. The weaving of this variable-colored yarn creates velvets with irregular coloration and distinctive shading that enriches the pile and adds three-dimensionality to the design.<\/p>\n<p>Our range of <em>shin\u00e9<\/em> fabrics includes <a href=\"https:\/\/www.luigi-bevilacqua.com\/en\/category\/heddle-velvets\/\"><em>heddle velvets<\/em><\/a> in olive green and those in the <a href=\"https:\/\/www.luigi-bevilacqua.com\/en\/category\/velvets\/\"><em>velvets<\/em><\/a> category.<\/p>\n<p>It is important to note that the term &#8220;<em>shin\u00e9<\/em>&#8221; is not always explicitly mentioned in fabric descriptions, as is the case with the other special processes discussed in this article.<\/p>\n<p>[\/et_pb_text][\/et_pb_column][\/et_pb_row][et_pb_row column_structure=&#8221;1_2,1_2&#8243; _builder_version=&#8221;4.22.1&#8243; _module_preset=&#8221;default&#8221; global_colors_info=&#8221;{}&#8221;][et_pb_column type=&#8221;1_2&#8243; _builder_version=&#8221;4.22.1&#8243; _module_preset=&#8221;default&#8221; global_colors_info=&#8221;{}&#8221;][et_pb_image src=&#8221;https:\/\/www.luigi-bevilacqua.com\/wp-content\/uploads\/2022\/05\/Velluto-Bacchetta-Caccia-verde-oliva-059-3349S.jpg&#8221; title_text=&#8221;Velluto Bacchetta Caccia verde oliva 059-3349S&#8221; show_in_lightbox=&#8221;on&#8221; align=&#8221;center&#8221; _builder_version=&#8221;4.23.4&#8243; _module_preset=&#8221;default&#8221; max_width=&#8221;600px&#8221; module_alignment=&#8221;center&#8221; global_colors_info=&#8221;{}&#8221;][\/et_pb_image][et_pb_text disabled_on=&#8221;off|off|off&#8221; admin_label=&#8221;didascalia&#8221; _builder_version=&#8221;4.23.4&#8243; text_font=&#8221;||on||&#8221; text_font_size=&#8221;12&#8243; background_color=&#8221;rgba(218,221,221,0.52)&#8221; text_orientation=&#8221;center&#8221; max_width=&#8221;600px&#8221; module_alignment=&#8221;center&#8221; locked=&#8221;off&#8221; global_colors_info=&#8221;{}&#8221;]<\/p>\n<p>Caccia Heddle Velvet in Olive Green<\/p>\n<p>[\/et_pb_text][\/et_pb_column][et_pb_column type=&#8221;1_2&#8243; _builder_version=&#8221;4.22.1&#8243; _module_preset=&#8221;default&#8221; global_colors_info=&#8221;{}&#8221;][et_pb_image src=&#8221;https:\/\/www.luigi-bevilacqua.com\/wp-content\/uploads\/2022\/05\/Velluto-Palmyra-rosa-antico-668-3949.jpg&#8221; title_text=&#8221;Velluto Palmyra rosa antico 668-3949&#8243; show_in_lightbox=&#8221;on&#8221; align=&#8221;center&#8221; _builder_version=&#8221;4.23.4&#8243; _module_preset=&#8221;default&#8221; max_width=&#8221;600px&#8221; module_alignment=&#8221;center&#8221; global_colors_info=&#8221;{}&#8221;][\/et_pb_image][et_pb_text disabled_on=&#8221;off|off|off&#8221; admin_label=&#8221;didascalia&#8221; _builder_version=&#8221;4.23.4&#8243; text_font=&#8221;||on||&#8221; text_font_size=&#8221;12&#8243; background_color=&#8221;rgba(218,221,221,0.52)&#8221; text_orientation=&#8221;center&#8221; max_width=&#8221;600px&#8221; module_alignment=&#8221;center&#8221; locked=&#8221;off&#8221; global_colors_info=&#8221;{}&#8221;]<\/p>\n<p>Palmyra Velvet in Antique Pink<\/p>\n<p>[\/et_pb_text][\/et_pb_column][\/et_pb_row][et_pb_row _builder_version=&#8221;4.16&#8243; background_size=&#8221;initial&#8221; background_position=&#8221;top_left&#8221; background_repeat=&#8221;repeat&#8221; global_colors_info=&#8221;{}&#8221;][et_pb_column type=&#8221;4_4&#8243; _builder_version=&#8221;4.16&#8243; custom_padding=&#8221;|||&#8221; global_colors_info=&#8221;{}&#8221; custom_padding__hover=&#8221;|||&#8221;][et_pb_text _builder_version=&#8221;4.23.4&#8243; background_size=&#8221;initial&#8221; background_position=&#8221;top_left&#8221; background_repeat=&#8221;repeat&#8221; global_colors_info=&#8221;{}&#8221;]<\/p>\n<h2>Stri\u00e9 Fabrics<\/h2>\n<p><em>Stri\u00e9<\/em> fabrics are characterized by the presence of regular stripes in different shades. These sharply defined vertical stripes are not the result of a single yarn dyed in several gradations, but of yarns of different colors. The precision of the stripes is the result of combining bobbins, some with darker yarns, and others with lighter yarns, each creating a specific color stripe along the entire length of the fabric.<\/p>\n<p>This technique gives the fabric more depth and richness than a plain fabric, which may appear simpler. Stripes can be created in the pile of velvets, as well as in the satin and taffeta backgrounds that are characteristic of satins, lampas, and damasks.<\/p>\n<p>Our range of <em>stri\u00e9<\/em> fabrics includes all <a href=\"https:\/\/www.luigi-bevilacqua.com\/en\/category\/heddle-velvets\/\">heddle velvets<\/a> except olive green velvets, which are <em>shin\u00e9<\/em>, and satins, lampas, brocades, and damasks in several colors. In addition, most of our plain velvets are <em>stri\u00e9<\/em> or <em>shin\u00e9<\/em>.<\/p>\n<p>[\/et_pb_text][\/et_pb_column][\/et_pb_row][et_pb_row column_structure=&#8221;1_3,1_3,1_3&#8243; _builder_version=&#8221;4.22.1&#8243; _module_preset=&#8221;default&#8221; global_colors_info=&#8221;{}&#8221;][et_pb_column type=&#8221;1_3&#8243; _builder_version=&#8221;4.22.1&#8243; _module_preset=&#8221;default&#8221; global_colors_info=&#8221;{}&#8221;][et_pb_image src=&#8221;https:\/\/www.luigi-bevilacqua.com\/wp-content\/uploads\/2024\/02\/Velluto-Bacchetta-Cardi-avorio.jpg&#8221; alt=&#8221;Velluto-Bacchetta-Cardi-avorio|Tessitura Bevilacqua&#8221; title_text=&#8221;Velluto-Bacchetta-Cardi-avorio&#8221; show_in_lightbox=&#8221;on&#8221; align=&#8221;center&#8221; _builder_version=&#8221;4.23.4&#8243; _module_preset=&#8221;default&#8221; max_width=&#8221;500px&#8221; module_alignment=&#8221;center&#8221; global_colors_info=&#8221;{}&#8221;][\/et_pb_image][et_pb_text disabled_on=&#8221;off|off|off&#8221; admin_label=&#8221;didascalia&#8221; _builder_version=&#8221;4.23.4&#8243; text_font=&#8221;||on||&#8221; text_font_size=&#8221;12&#8243; background_color=&#8221;rgba(218,221,221,0.52)&#8221; text_orientation=&#8221;center&#8221; max_width=&#8221;500px&#8221; module_alignment=&#8221;center&#8221; locked=&#8221;off&#8221; global_colors_info=&#8221;{}&#8221;]<\/p>\n<p>Cardi Heddle Velvet in Ivory<\/p>\n<p>[\/et_pb_text][\/et_pb_column][et_pb_column type=&#8221;1_3&#8243; _builder_version=&#8221;4.23.4&#8243; _module_preset=&#8221;default&#8221; global_colors_info=&#8221;{}&#8221;][et_pb_image src=&#8221;https:\/\/www.luigi-bevilacqua.com\/wp-content\/uploads\/2024\/02\/Damasco-Fenice-azzurro-strie.jpg&#8221; alt=&#8221;Damasco-Fenice-azzurro-strie!Tessitura Bevilacqua&#8221; title_text=&#8221;Damasco-Fenice-azzurro-strie&#8221; show_in_lightbox=&#8221;on&#8221; align=&#8221;center&#8221; _builder_version=&#8221;4.23.4&#8243; _module_preset=&#8221;default&#8221; max_width=&#8221;500px&#8221; module_alignment=&#8221;center&#8221; global_colors_info=&#8221;{}&#8221;][\/et_pb_image][et_pb_text disabled_on=&#8221;off|off|off&#8221; admin_label=&#8221;didascalia&#8221; _builder_version=&#8221;4.23.4&#8243; text_font=&#8221;||on||&#8221; text_font_size=&#8221;12&#8243; background_color=&#8221;rgba(218,221,221,0.52)&#8221; text_orientation=&#8221;center&#8221; max_width=&#8221;500px&#8221; module_alignment=&#8221;center&#8221; locked=&#8221;off&#8221; global_colors_info=&#8221;{}&#8221;]<\/p>\n<p>Fenice Damask in Light Blue Stri\u00e9<\/p>\n<p>[\/et_pb_text][\/et_pb_column][et_pb_column type=&#8221;1_3&#8243; _builder_version=&#8221;4.22.1&#8243; _module_preset=&#8221;default&#8221; global_colors_info=&#8221;{}&#8221;][et_pb_image src=&#8221;https:\/\/www.luigi-bevilacqua.com\/wp-content\/uploads\/2022\/05\/Velluto-Bacchetta-Taccheggiato.jpg&#8221; title_text=&#8221;Velluto Bacchetta Taccheggiato&#8221; show_in_lightbox=&#8221;on&#8221; align=&#8221;center&#8221; _builder_version=&#8221;4.23.4&#8243; _module_preset=&#8221;default&#8221; max_width=&#8221;500px&#8221; module_alignment=&#8221;center&#8221; global_colors_info=&#8221;{}&#8221;][\/et_pb_image][et_pb_text disabled_on=&#8221;off|off|off&#8221; admin_label=&#8221;didascalia&#8221; _builder_version=&#8221;4.23.4&#8243; text_font=&#8221;||on||&#8221; text_font_size=&#8221;12&#8243; background_color=&#8221;rgba(218,221,221,0.52)&#8221; text_orientation=&#8221;center&#8221; max_width=&#8221;500px&#8221; module_alignment=&#8221;center&#8221; locked=&#8221;off&#8221; global_colors_info=&#8221;{}&#8221;]<\/p>\n<p>Taccheggiato Heddle Velvet in Antique Pink<\/p>\n<p>[\/et_pb_text][\/et_pb_column][\/et_pb_row][et_pb_row _builder_version=&#8221;4.16&#8243; background_size=&#8221;initial&#8221; background_position=&#8221;top_left&#8221; background_repeat=&#8221;repeat&#8221; global_colors_info=&#8221;{}&#8221;][et_pb_column type=&#8221;4_4&#8243; _builder_version=&#8221;4.16&#8243; custom_padding=&#8221;|||&#8221; global_colors_info=&#8221;{}&#8221; custom_padding__hover=&#8221;|||&#8221;][et_pb_text _builder_version=&#8221;4.23.4&#8243; background_size=&#8221;initial&#8221; background_position=&#8221;top_left&#8221; background_repeat=&#8221;repeat&#8221; global_colors_info=&#8221;{}&#8221;]<\/p>\n<h2>Lam\u00e9 Fabrics<\/h2>\n<p>The term <em>lam\u00e9<\/em> refers to a fabric embellished with metallic threads. These may be threads or thin foils of precious metals, such as gold and silver, wrapped around silk thread, as found in <a href=\"https:\/\/www.luigi-bevilacqua.com\/en\/cloth-of-gold\/\">cloth of gold<\/a>. Alternatively, metallic or Lurex yarns can be used to add brightness and preciousness to the fabrics.<\/p>\n<p>In our collection, examples of fabrics with metallic yarns are <a href=\"https:\/\/www.luigi-bevilacqua.com\/en\/prodotto\/lampasso-broccato-35139-lampas\/\">Broccato Lampas<\/a> and <a href=\"https:\/\/www.luigi-bevilacqua.com\/en\/prodotto\/bizar-3937-lampas\/\">Bizar Lampas<\/a>.<\/p>\n<p>[\/et_pb_text][\/et_pb_column][\/et_pb_row][et_pb_row column_structure=&#8221;1_2,1_2&#8243; _builder_version=&#8221;4.22.1&#8243; _module_preset=&#8221;default&#8221; global_colors_info=&#8221;{}&#8221;][et_pb_column type=&#8221;1_2&#8243; _builder_version=&#8221;4.22.1&#8243; _module_preset=&#8221;default&#8221; global_colors_info=&#8221;{}&#8221;][et_pb_image src=&#8221;https:\/\/www.luigi-bevilacqua.com\/wp-content\/uploads\/2022\/05\/broccato-smeraldo-web.jpg&#8221; title_text=&#8221;broccato smeraldo web&#8221; show_in_lightbox=&#8221;on&#8221; align=&#8221;center&#8221; _builder_version=&#8221;4.23.4&#8243; _module_preset=&#8221;default&#8221; max_width=&#8221;600px&#8221; module_alignment=&#8221;center&#8221; global_colors_info=&#8221;{}&#8221;][\/et_pb_image][et_pb_text disabled_on=&#8221;off|off|off&#8221; admin_label=&#8221;didascalia&#8221; _builder_version=&#8221;4.23.4&#8243; text_font=&#8221;||on||&#8221; text_font_size=&#8221;12&#8243; background_color=&#8221;rgba(218,221,221,0.52)&#8221; text_orientation=&#8221;center&#8221; max_width=&#8221;600px&#8221; module_alignment=&#8221;center&#8221; locked=&#8221;off&#8221; global_colors_info=&#8221;{}&#8221;]<\/p>\n<p>Broccato Lampas in Emerald Green<\/p>\n<p>[\/et_pb_text][\/et_pb_column][et_pb_column type=&#8221;1_2&#8243; _builder_version=&#8221;4.22.1&#8243; _module_preset=&#8221;default&#8221; global_colors_info=&#8221;{}&#8221;][et_pb_image src=&#8221;https:\/\/www.luigi-bevilacqua.com\/wp-content\/uploads\/2022\/05\/Lampasso-Bizar-oro-lame-180-3937.jpg&#8221; title_text=&#8221;Lampasso Bizar oro lam\u00e9 180-3937&#8243; show_in_lightbox=&#8221;on&#8221; align=&#8221;center&#8221; _builder_version=&#8221;4.23.4&#8243; _module_preset=&#8221;default&#8221; max_width=&#8221;600px&#8221; module_alignment=&#8221;center&#8221; global_colors_info=&#8221;{}&#8221;][\/et_pb_image][et_pb_text disabled_on=&#8221;off|off|off&#8221; admin_label=&#8221;didascalia&#8221; _builder_version=&#8221;4.23.4&#8243; text_font=&#8221;||on||&#8221; text_font_size=&#8221;12&#8243; background_color=&#8221;rgba(218,221,221,0.52)&#8221; text_orientation=&#8221;center&#8221; max_width=&#8221;600px&#8221; module_alignment=&#8221;center&#8221; locked=&#8221;off&#8221; global_colors_info=&#8221;{}&#8221;]<\/p>\n<p>Bizar Lampas in Gold Lam\u00e9<\/p>\n<p>[\/et_pb_text][\/et_pb_column][\/et_pb_row][et_pb_row _builder_version=&#8221;4.16&#8243; background_size=&#8221;initial&#8221; background_position=&#8221;top_left&#8221; background_repeat=&#8221;repeat&#8221; global_colors_info=&#8221;{}&#8221;][et_pb_column type=&#8221;4_4&#8243; _builder_version=&#8221;4.16&#8243; custom_padding=&#8221;|||&#8221; global_colors_info=&#8221;{}&#8221; custom_padding__hover=&#8221;|||&#8221;][et_pb_text _builder_version=&#8221;4.23.4&#8243; background_size=&#8221;initial&#8221; background_position=&#8221;top_left&#8221; background_repeat=&#8221;repeat&#8221; global_colors_info=&#8221;{}&#8221;]<\/p>\n<p>As for handmade velvets, it is possible to notice golden or silver reflections on the background due to the presence of <em>lam\u00e9<\/em>. This effect can be seen in <a href=\"https:\/\/www.luigi-bevilacqua.com\/en\/prodotto\/pavoni-3904-o1-soprarizzo-velvet\/\">Pavoni soprarizzo velvet<\/a>, <a href=\"https:\/\/www.luigi-bevilacqua.com\/en\/prodotto\/ornato-3741o1-soprarizzo-velvet\/\">Ornato soprarizzo velvet<\/a> and <a href=\"https:\/\/www.luigi-bevilacqua.com\/en\/prodotto\/maraja-3573-soprarizzo-velvet\/\">Maraja soprarizzo velvet<\/a>.<\/p>\n<p>[\/et_pb_text][\/et_pb_column][\/et_pb_row][et_pb_row column_structure=&#8221;1_3,1_3,1_3&#8243; _builder_version=&#8221;4.22.1&#8243; _module_preset=&#8221;default&#8221; global_colors_info=&#8221;{}&#8221;][et_pb_column type=&#8221;1_3&#8243; _builder_version=&#8221;4.22.1&#8243; _module_preset=&#8221;default&#8221; global_colors_info=&#8221;{}&#8221;][et_pb_image src=&#8221;https:\/\/www.luigi-bevilacqua.com\/wp-content\/uploads\/2023\/01\/036_3904-O1-velluto-soprarizzo-_pavoni_-rosa-antico-lame-oro.jpg&#8221; alt=&#8221;Velluto soprarizzo Basilisco | Tessitura Luigi Bevilacqua&#8221; title_text=&#8221;036_3904-O1 velluto soprarizzo _pavoni_ rosa antico lam\u00e9 oro&#8221; show_in_lightbox=&#8221;on&#8221; align=&#8221;center&#8221; _builder_version=&#8221;4.23.4&#8243; _module_preset=&#8221;default&#8221; max_width=&#8221;500px&#8221; module_alignment=&#8221;center&#8221; global_colors_info=&#8221;{}&#8221;][\/et_pb_image][et_pb_text disabled_on=&#8221;off|off|off&#8221; admin_label=&#8221;didascalia&#8221; _builder_version=&#8221;4.23.4&#8243; text_font=&#8221;||on||&#8221; text_font_size=&#8221;12&#8243; background_color=&#8221;rgba(218,221,221,0.52)&#8221; text_orientation=&#8221;center&#8221; max_width=&#8221;500px&#8221; module_alignment=&#8221;center&#8221; locked=&#8221;off&#8221; global_colors_info=&#8221;{}&#8221;]<\/p>\n<p>Pavoni Soprarizzo Velvet in Antique Pink-Gold Lam\u00e9<\/p>\n<p>[\/et_pb_text][\/et_pb_column][et_pb_column type=&#8221;1_3&#8243; _builder_version=&#8221;4.23.4&#8243; _module_preset=&#8221;default&#8221; global_colors_info=&#8221;{}&#8221;][et_pb_image src=&#8221;https:\/\/www.luigi-bevilacqua.com\/wp-content\/uploads\/2018\/05\/Velluto-Soprarizzo-Ornato-rosso-antico-oro-027-3741.jpg&#8221; alt=&#8221;Velluto Soprarizzo Ornato rosso antico oro 027-3741 | Tessitura Bevilacqua&#8221; title_text=&#8221;Velluto Soprarizzo Ornato rosso antico oro 027-3741 | Tessitura Bevilacqua&#8221; show_in_lightbox=&#8221;on&#8221; align=&#8221;center&#8221; _builder_version=&#8221;4.23.4&#8243; _module_preset=&#8221;default&#8221; max_width=&#8221;600px&#8221; module_alignment=&#8221;center&#8221; global_colors_info=&#8221;{}&#8221;][\/et_pb_image][et_pb_text disabled_on=&#8221;off|off|off&#8221; admin_label=&#8221;didascalia&#8221; _builder_version=&#8221;4.23.4&#8243; text_font=&#8221;||on||&#8221; text_font_size=&#8221;12&#8243; background_color=&#8221;rgba(218,221,221,0.52)&#8221; text_orientation=&#8221;center&#8221; max_width=&#8221;600px&#8221; module_alignment=&#8221;center&#8221; locked=&#8221;off&#8221; global_colors_info=&#8221;{}&#8221;]<\/p>\n<p>Ornato Soprarizzo Velvet in Bordeaux-Gold Lam\u00e9<\/p>\n<p>[\/et_pb_text][\/et_pb_column][et_pb_column type=&#8221;1_3&#8243; _builder_version=&#8221;4.22.1&#8243; _module_preset=&#8221;default&#8221; global_colors_info=&#8221;{}&#8221;][et_pb_image src=&#8221;https:\/\/www.luigi-bevilacqua.com\/wp-content\/uploads\/2020\/06\/Maraja.jpg&#8221; title_text=&#8221;Maraja&#8221; show_in_lightbox=&#8221;on&#8221; align=&#8221;center&#8221; _builder_version=&#8221;4.23.4&#8243; _module_preset=&#8221;default&#8221; max_width=&#8221;600px&#8221; module_alignment=&#8221;center&#8221; global_colors_info=&#8221;{}&#8221;][\/et_pb_image][et_pb_text disabled_on=&#8221;off|off|off&#8221; admin_label=&#8221;didascalia&#8221; _builder_version=&#8221;4.23.4&#8243; text_font=&#8221;||on||&#8221; text_font_size=&#8221;12&#8243; background_color=&#8221;rgba(218,221,221,0.52)&#8221; text_orientation=&#8221;center&#8221; max_width=&#8221;600px&#8221; module_alignment=&#8221;center&#8221; locked=&#8221;off&#8221; global_colors_info=&#8221;{}&#8221;]<\/p>\n<p>Maraja Soprarizzo Velvet<\/p>\n<p>[\/et_pb_text][\/et_pb_column][\/et_pb_row][et_pb_row _builder_version=&#8221;4.16&#8243; background_size=&#8221;initial&#8221; background_position=&#8221;top_left&#8221; background_repeat=&#8221;repeat&#8221; global_colors_info=&#8221;{}&#8221;][et_pb_column type=&#8221;4_4&#8243; _builder_version=&#8221;4.16&#8243; custom_padding=&#8221;|||&#8221; global_colors_info=&#8221;{}&#8221; custom_padding__hover=&#8221;|||&#8221;][et_pb_text _builder_version=&#8221;4.23.4&#8243; background_size=&#8221;initial&#8221; background_position=&#8221;top_left&#8221; background_repeat=&#8221;repeat&#8221; global_colors_info=&#8221;{}&#8221;]<\/p>\n<h2>Lanc\u00e9 Velvets<\/h2>\n<p><em>Lanc\u00e9<\/em> velvets are characterized by the presence of a <em>lanc\u00e9 weft<\/em>, an additional element to the basic weft that helps to structure the fabric. This feature is achieved through the use of an additional <em>shuttle<\/em>.<\/p>\n<p>In the context of handmade velvets, <em>lam\u00e9<\/em> also takes on a <em>lanc\u00e9<\/em> connotation. This is due to the weaver&#8217;s use of a complementary weft intended for the metallic yarn component of the design. An emblematic example is the <a href=\"https:\/\/www.luigi-bevilacqua.com\/en\/prodotto\/rinascimento-3361-soprarizzo-velvet\/\">Rinascimento soprarizzo velvet<\/a>, which has untied wefts, an effect that can be defined as <em>lanc\u00e9<\/em>.<\/p>\n<p>[\/et_pb_text][et_pb_image src=&#8221;https:\/\/www.luigi-bevilacqua.com\/wp-content\/uploads\/2023\/05\/velluto-soprarizzo-rinascimento-blu-091-3361.jpg&#8221; alt=&#8221;Visita Patriarca Roncalli | Tessitura Bevilacqua&#8221; title_text=&#8221;velluto soprarizzo rinascimento blu 091-3361&#8243; show_in_lightbox=&#8221;on&#8221; align=&#8221;center&#8221; _builder_version=&#8221;4.23.4&#8243; _module_preset=&#8221;default&#8221; max_width=&#8221;350px&#8221; module_alignment=&#8221;center&#8221; global_colors_info=&#8221;{}&#8221;][\/et_pb_image][et_pb_text disabled_on=&#8221;off|off|off&#8221; admin_label=&#8221;didascalia&#8221; _builder_version=&#8221;4.23.4&#8243; text_font=&#8221;||on||&#8221; text_font_size=&#8221;12&#8243; background_color=&#8221;rgba(218,221,221,0.52)&#8221; text_orientation=&#8221;center&#8221; max_width=&#8221;350px&#8221; module_alignment=&#8221;center&#8221; locked=&#8221;off&#8221; global_colors_info=&#8221;{}&#8221;]<\/p>\n<p>Rinascimento Soprarizzo Velvet in Blue<\/p>\n<p>[\/et_pb_text][\/et_pb_column][\/et_pb_row][et_pb_row _builder_version=&#8221;4.16&#8243; background_size=&#8221;initial&#8221; background_position=&#8221;top_left&#8221; background_repeat=&#8221;repeat&#8221; global_colors_info=&#8221;{}&#8221;][et_pb_column type=&#8221;4_4&#8243; _builder_version=&#8221;4.16&#8243; custom_padding=&#8221;|||&#8221; global_colors_info=&#8221;{}&#8221; custom_padding__hover=&#8221;|||&#8221;][et_pb_text _builder_version=&#8221;4.23.4&#8243; background_size=&#8221;initial&#8221; background_position=&#8221;top_left&#8221; background_repeat=&#8221;repeat&#8221; global_colors_info=&#8221;{}&#8221;]<\/p>\n<p><a href=\"https:\/\/www.luigi-bevilacqua.com\/en\/prodotto\/lance-3370s-heddle-velvet\/\">Lanc\u00e9 heddle velvet<\/a> is characterized by the presence of a flare around the decorative motifs, which makes them stand out against the golden yellow background, giving them greater depth and contrast. This texture can be described as <em>lanc\u00e9<\/em>.<\/p>\n<p><a href=\"https:\/\/www.luigi-bevilacqua.com\/en\/prodotto\/mosaico-lance-3587s-heddle-velvet\/\">Mosaico Lanc\u00e9 heddle velvet<\/a> has <em>lanc\u00e9 wefts<\/em>, or additional wefts that contribute to the pattern. This is especially evident in the animals and other subjects that are characterized by a pattern that mimics mosaic tiles, made precisely from the thrown wefts.<\/p>\n<p>[\/et_pb_text][\/et_pb_column][\/et_pb_row][et_pb_row column_structure=&#8221;1_2,1_2&#8243; _builder_version=&#8221;4.22.1&#8243; _module_preset=&#8221;default&#8221; global_colors_info=&#8221;{}&#8221;][et_pb_column type=&#8221;1_2&#8243; _builder_version=&#8221;4.22.1&#8243; _module_preset=&#8221;default&#8221; global_colors_info=&#8221;{}&#8221;][et_pb_image src=&#8221;https:\/\/www.luigi-bevilacqua.com\/wp-content\/uploads\/2023\/08\/Velluto-Bacchetta-Lance-rosa-antico-018-3370S.jpg&#8221; title_text=&#8221;Velluto Bacchetta Lanc\u00e8 rosa antico 018-3370S&#8221; show_in_lightbox=&#8221;on&#8221; align=&#8221;center&#8221; _builder_version=&#8221;4.23.4&#8243; _module_preset=&#8221;default&#8221; max_width=&#8221;350px&#8221; module_alignment=&#8221;center&#8221; global_colors_info=&#8221;{}&#8221;][\/et_pb_image][et_pb_text disabled_on=&#8221;off|off|off&#8221; admin_label=&#8221;didascalia&#8221; _builder_version=&#8221;4.23.4&#8243; text_font=&#8221;||on||&#8221; text_font_size=&#8221;12&#8243; background_color=&#8221;rgba(218,221,221,0.52)&#8221; text_orientation=&#8221;center&#8221; max_width=&#8221;350px&#8221; module_alignment=&#8221;center&#8221; locked=&#8221;off&#8221; global_colors_info=&#8221;{}&#8221;]<\/p>\n<p>Lanc\u00e9 Heddle Velvet in Antique Pink<\/p>\n<p>[\/et_pb_text][\/et_pb_column][et_pb_column type=&#8221;1_2&#8243; _builder_version=&#8221;4.22.1&#8243; _module_preset=&#8221;default&#8221; global_colors_info=&#8221;{}&#8221;][et_pb_image src=&#8221;https:\/\/www.luigi-bevilacqua.com\/wp-content\/uploads\/2023\/08\/Velluto-Bacchetta-Mosaico-Lance-rosa-antico-408-3587.jpg&#8221; title_text=&#8221;Velluto Bacchetta Mosaico Lanc\u00e9 rosa antico 408-3587&#8243; show_in_lightbox=&#8221;on&#8221; align=&#8221;center&#8221; _builder_version=&#8221;4.23.4&#8243; _module_preset=&#8221;default&#8221; max_width=&#8221;350px&#8221; module_alignment=&#8221;center&#8221; global_colors_info=&#8221;{}&#8221;][\/et_pb_image][et_pb_text disabled_on=&#8221;off|off|off&#8221; admin_label=&#8221;didascalia&#8221; _builder_version=&#8221;4.23.4&#8243; text_font=&#8221;||on||&#8221; text_font_size=&#8221;12&#8243; background_color=&#8221;rgba(218,221,221,0.52)&#8221; text_orientation=&#8221;center&#8221; max_width=&#8221;350px&#8221; module_alignment=&#8221;center&#8221; locked=&#8221;off&#8221; global_colors_info=&#8221;{}&#8221;]<\/p>\n<p>Mosaico Heddle Velvet in Multicolor Antique Pink<\/p>\n<p>[\/et_pb_text][\/et_pb_column][\/et_pb_row][et_pb_row _builder_version=&#8221;4.16&#8243; background_size=&#8221;initial&#8221; background_position=&#8221;top_left&#8221; background_repeat=&#8221;repeat&#8221; global_colors_info=&#8221;{}&#8221;][et_pb_column type=&#8221;4_4&#8243; _builder_version=&#8221;4.16&#8243; custom_padding=&#8221;|||&#8221; global_colors_info=&#8221;{}&#8221; custom_padding__hover=&#8221;|||&#8221;][et_pb_text _builder_version=&#8221;4.23.4&#8243; background_size=&#8221;initial&#8221; background_position=&#8221;top_left&#8221; background_repeat=&#8221;repeat&#8221; hover_enabled=&#8221;0&#8243; global_colors_info=&#8221;{}&#8221; sticky_enabled=&#8221;0&#8243;]<\/p>\n<p><a href=\"https:\/\/www.luigi-bevilacqua.com\/en\/prodotto\/gotico-3945s-heddle-velvet\/\">Gotico heddle velvet<\/a> and <a href=\"https:\/\/www.luigi-bevilacqua.com\/en\/prodotto\/ca-doro-3283s-heddle-velvet\/\">Ca d&#8217;Oro heddle velvet<\/a> also have <em>lanc\u00e9<\/em> <em>wefts<\/em> that add detail to the design, although this feature is not specified in the description.<\/p>\n<p>In general, any velvet that has an additional weave as well as the basic weave that creates a decorative effect can be described as <em>lanc\u00e9<\/em>.<\/p>\n<p>[\/et_pb_text][\/et_pb_column][\/et_pb_row][et_pb_row column_structure=&#8221;1_2,1_2&#8243; _builder_version=&#8221;4.22.1&#8243; _module_preset=&#8221;default&#8221; global_colors_info=&#8221;{}&#8221;][et_pb_column type=&#8221;1_2&#8243; _builder_version=&#8221;4.22.1&#8243; _module_preset=&#8221;default&#8221; global_colors_info=&#8221;{}&#8221;][et_pb_image src=&#8221;https:\/\/www.luigi-bevilacqua.com\/wp-content\/uploads\/2022\/05\/Velluto-Bacchetta-Gotico-azzurro-331-3945S.jpg&#8221; title_text=&#8221;Velluto Bacchetta Gotico azzurro 331-3945S&#8221; show_in_lightbox=&#8221;on&#8221; align=&#8221;center&#8221; _builder_version=&#8221;4.23.4&#8243; _module_preset=&#8221;default&#8221; max_width=&#8221;500px&#8221; module_alignment=&#8221;center&#8221; global_colors_info=&#8221;{}&#8221;][\/et_pb_image][et_pb_text disabled_on=&#8221;off|off|off&#8221; admin_label=&#8221;didascalia&#8221; _builder_version=&#8221;4.23.4&#8243; text_font=&#8221;||on||&#8221; text_font_size=&#8221;12&#8243; background_color=&#8221;rgba(218,221,221,0.52)&#8221; text_orientation=&#8221;center&#8221; max_width=&#8221;500px&#8221; module_alignment=&#8221;center&#8221; locked=&#8221;off&#8221; global_colors_info=&#8221;{}&#8221;]<\/p>\n<p>Gotico Heddle Velvet in Light Blue<\/p>\n<p>[\/et_pb_text][\/et_pb_column][et_pb_column type=&#8221;1_2&#8243; _builder_version=&#8221;4.22.1&#8243; _module_preset=&#8221;default&#8221; global_colors_info=&#8221;{}&#8221;][et_pb_image src=&#8221;https:\/\/www.luigi-bevilacqua.com\/wp-content\/uploads\/2022\/05\/Velluto-Bacchetta-Ca-D_Oro-nero-005-3283S.jpg&#8221; title_text=&#8221;Velluto Bacchetta C\u00e0 D_Oro nero 005-3283S&#8221; show_in_lightbox=&#8221;on&#8221; align=&#8221;center&#8221; _builder_version=&#8221;4.23.4&#8243; _module_preset=&#8221;default&#8221; max_width=&#8221;500px&#8221; module_alignment=&#8221;center&#8221; global_colors_info=&#8221;{}&#8221;][\/et_pb_image][et_pb_text disabled_on=&#8221;off|off|off&#8221; admin_label=&#8221;didascalia&#8221; _builder_version=&#8221;4.23.4&#8243; text_font=&#8221;||on||&#8221; text_font_size=&#8221;12&#8243; background_color=&#8221;rgba(218,221,221,0.52)&#8221; text_orientation=&#8221;center&#8221; max_width=&#8221;500px&#8221; module_alignment=&#8221;center&#8221; locked=&#8221;off&#8221; global_colors_info=&#8221;{}&#8221;]<\/p>\n<p>Ca&#8217; d&#8217;Oro Heddle Velvet in Black<\/p>\n<p>[\/et_pb_text][\/et_pb_column][\/et_pb_row][et_pb_row _builder_version=&#8221;4.16&#8243; background_size=&#8221;initial&#8221; background_position=&#8221;top_left&#8221; background_repeat=&#8221;repeat&#8221; global_colors_info=&#8221;{}&#8221;][et_pb_column type=&#8221;4_4&#8243; _builder_version=&#8221;4.16&#8243; custom_padding=&#8221;|||&#8221; global_colors_info=&#8221;{}&#8221; custom_padding__hover=&#8221;|||&#8221;][et_pb_text _builder_version=&#8221;4.23.4&#8243; background_size=&#8221;initial&#8221; background_position=&#8221;top_left&#8221; background_repeat=&#8221;repeat&#8221; global_colors_info=&#8221;{}&#8221;]<\/p>\n<h2>Craquel\u00e9 Fabrics<\/h2>\n<p>The term <em>craquel\u00e9<\/em>, which is of French origin, can be translated into English as &#8220;cracking&#8221; or &#8220;textured.&#8221; <em>Craquel\u00e9<\/em> fabrics do not have a smooth, uniform appearance, but rather a texture reminiscent of hammered leather.<\/p>\n<p>This technique gives silk fabrics a superior depth and three-dimensionality as light is reflected more richly, creating a subtle effect that distinguishes the fabric from a plain satin.<\/p>\n<p>This textural characteristic is the result of the weaving process, not the use of different colored yarns. In the past, a special tool was used to achieve this effect by pulling a weft thread to slightly curl the bottom of the fabric. Today, it is achieved with different techniques.<\/p>\n<p>Our <em>craquel\u00e9<\/em> fabrics with a textured effect include <a href=\"https:\/\/www.luigi-bevilacqua.com\/en\/prodotto\/31089-r-craquele-damask\/\">31089 R Craquel\u00e9 Damask<\/a>, <a href=\"https:\/\/www.luigi-bevilacqua.com\/en\/prodotto\/giardino-33077-craquele-damask\/\">Giardino 33077 Craquel\u00e9 Damask<\/a>, <a href=\"https:\/\/www.luigi-bevilacqua.com\/en\/prodotto\/grottesche-31035-craquele-damask\/\">Grottesche 31035 Craquel\u00e9 Damask<\/a>, and <a href=\"https:\/\/www.luigi-bevilacqua.com\/en\/prodotto\/paradiso-31214-damask\/\">Paradiso 31214 Damask<\/a>.<\/p>\n<p>[\/et_pb_text][\/et_pb_column][\/et_pb_row][et_pb_row column_structure=&#8221;1_3,1_3,1_3&#8243; _builder_version=&#8221;4.22.1&#8243; _module_preset=&#8221;default&#8221; global_colors_info=&#8221;{}&#8221;][et_pb_column type=&#8221;1_3&#8243; _builder_version=&#8221;4.22.1&#8243; _module_preset=&#8221;default&#8221; global_colors_info=&#8221;{}&#8221;][et_pb_image src=&#8221;https:\/\/www.luigi-bevilacqua.com\/wp-content\/uploads\/2022\/05\/Damasco-_31089R_-Craquele\u0301-edera-192-31089R.jpg&#8221; alt=&#8221;Velluto soprarizzo Basilisco | Tessitura Luigi Bevilacqua&#8221; title_text=&#8221;Damasco _31089R_ Craquele\u0301 edera 192-31089R&#8221; show_in_lightbox=&#8221;on&#8221; align=&#8221;center&#8221; _builder_version=&#8221;4.23.4&#8243; _module_preset=&#8221;default&#8221; max_width=&#8221;500px&#8221; module_alignment=&#8221;center&#8221; global_colors_info=&#8221;{}&#8221;][\/et_pb_image][et_pb_text disabled_on=&#8221;off|off|off&#8221; admin_label=&#8221;didascalia&#8221; _builder_version=&#8221;4.23.4&#8243; text_font=&#8221;||on||&#8221; text_font_size=&#8221;12&#8243; background_color=&#8221;rgba(218,221,221,0.52)&#8221; text_orientation=&#8221;center&#8221; max_width=&#8221;500px&#8221; module_alignment=&#8221;center&#8221; locked=&#8221;off&#8221; global_colors_info=&#8221;{}&#8221;]<\/p>\n<p>31089 R Craquel\u00e9 Damask in Ivy Green<\/p>\n<p>[\/et_pb_text][\/et_pb_column][et_pb_column type=&#8221;1_3&#8243; _builder_version=&#8221;4.23.4&#8243; _module_preset=&#8221;default&#8221; global_colors_info=&#8221;{}&#8221;][et_pb_image src=&#8221;https:\/\/www.luigi-bevilacqua.com\/wp-content\/uploads\/2023\/08\/Damasco-_33077_-Craquele-mauve-002-33077.jpeg&#8221; alt=&#8221;Velluto Soprarizzo Ornato rosso antico oro 027-3741 | Tessitura Bevilacqua&#8221; title_text=&#8221;Damasco _33077_ Craquel\u00e9 mauve 002-33077&#8243; show_in_lightbox=&#8221;on&#8221; align=&#8221;center&#8221; _builder_version=&#8221;4.23.4&#8243; _module_preset=&#8221;default&#8221; max_width=&#8221;500px&#8221; module_alignment=&#8221;center&#8221; global_colors_info=&#8221;{}&#8221;][\/et_pb_image][et_pb_text disabled_on=&#8221;off|off|off&#8221; admin_label=&#8221;didascalia&#8221; _builder_version=&#8221;4.23.4&#8243; text_font=&#8221;||on||&#8221; text_font_size=&#8221;12&#8243; background_color=&#8221;rgba(218,221,221,0.52)&#8221; text_orientation=&#8221;center&#8221; max_width=&#8221;500px&#8221; module_alignment=&#8221;center&#8221; locked=&#8221;off&#8221; global_colors_info=&#8221;{}&#8221;]<\/p>\n<p>Giardino 33077 Craquel\u00e9 Damask in Mauve<\/p>\n<p>[\/et_pb_text][\/et_pb_column][et_pb_column type=&#8221;1_3&#8243; _builder_version=&#8221;4.22.1&#8243; _module_preset=&#8221;default&#8221; global_colors_info=&#8221;{}&#8221;][et_pb_image src=&#8221;https:\/\/www.luigi-bevilacqua.com\/wp-content\/uploads\/2022\/05\/Damasco-Grottesche-31035-Craquele\u0301-blu-oro-359-31035.jpg&#8221; title_text=&#8221;Damasco Grottesche 31035 Craquele\u0301 blu oro 359-31035&#8243; show_in_lightbox=&#8221;on&#8221; align=&#8221;center&#8221; _builder_version=&#8221;4.23.4&#8243; _module_preset=&#8221;default&#8221; max_width=&#8221;500px&#8221; module_alignment=&#8221;center&#8221; global_colors_info=&#8221;{}&#8221;][\/et_pb_image][et_pb_text disabled_on=&#8221;off|off|off&#8221; admin_label=&#8221;didascalia&#8221; _builder_version=&#8221;4.23.4&#8243; text_font=&#8221;||on||&#8221; text_font_size=&#8221;12&#8243; background_color=&#8221;rgba(218,221,221,0.52)&#8221; text_orientation=&#8221;center&#8221; max_width=&#8221;500px&#8221; module_alignment=&#8221;center&#8221; locked=&#8221;off&#8221; global_colors_info=&#8221;{}&#8221;]<\/p>\n<p>Grottesche 31035 Craquel\u00e9 Damask in Blue-Gold<\/p>\n<p>[\/et_pb_text][\/et_pb_column][\/et_pb_row][et_pb_row _builder_version=&#8221;4.16&#8243; background_size=&#8221;initial&#8221; background_position=&#8221;top_left&#8221; background_repeat=&#8221;repeat&#8221; global_colors_info=&#8221;{}&#8221;][et_pb_column type=&#8221;4_4&#8243; _builder_version=&#8221;4.16&#8243; custom_padding=&#8221;|||&#8221; global_colors_info=&#8221;{}&#8221; custom_padding__hover=&#8221;|||&#8221;][et_pb_image src=&#8221;https:\/\/www.luigi-bevilacqua.com\/wp-content\/uploads\/2023\/06\/Damasco-Paradiso-azzurro-polvere-093-31214-1.jpg&#8221; alt=&#8221;Visita Patriarca Roncalli | Tessitura Bevilacqua&#8221; title_text=&#8221;Damasco Paradiso azzurro polvere 093-31214&#8243; show_in_lightbox=&#8221;on&#8221; align=&#8221;center&#8221; _builder_version=&#8221;4.23.4&#8243; _module_preset=&#8221;default&#8221; max_width=&#8221;350px&#8221; module_alignment=&#8221;center&#8221; global_colors_info=&#8221;{}&#8221;][\/et_pb_image][et_pb_text disabled_on=&#8221;off|off|off&#8221; admin_label=&#8221;didascalia&#8221; _builder_version=&#8221;4.23.4&#8243; text_font=&#8221;||on||&#8221; text_font_size=&#8221;12&#8243; background_color=&#8221;rgba(218,221,221,0.52)&#8221; text_orientation=&#8221;center&#8221; max_width=&#8221;350px&#8221; module_alignment=&#8221;center&#8221; locked=&#8221;off&#8221; global_colors_info=&#8221;{}&#8221;]<\/p>\n<p>Craquel\u00e9 Detail &#8211; Paradiso 31214 Damask in Light Blue<\/p>\n<p>[\/et_pb_text][\/et_pb_column][\/et_pb_row][et_pb_row disabled_on=&#8221;on|on|on&#8221; _builder_version=&#8221;4.16&#8243; disabled=&#8221;on&#8221; global_colors_info=&#8221;{}&#8221;][et_pb_column type=&#8221;4_4&#8243; _builder_version=&#8221;4.16&#8243; custom_padding=&#8221;|||&#8221; global_colors_info=&#8221;{}&#8221; custom_padding__hover=&#8221;|||&#8221;][et_pb_text admin_label=&#8221;Cover photo credit: &#8221; _builder_version=&#8221;4.23.4&#8243; locked=&#8221;off&#8221; global_colors_info=&#8221;{}&#8221;]<\/p>\n<pre>Foto di copertina: damasco Giardino Craquel\u00e9 nel colore Pesca<\/pre>\n<p>[\/et_pb_text][\/et_pb_column][\/et_pb_row][\/et_pb_section]<\/p>\n<span class=\"et_bloom_bottom_trigger\"><\/span>","protected":false},"excerpt":{"rendered":"<p>Discover the characteristics of our Venetian fabrics made with special techniques: shin\u00e9, stri\u00e9, lam\u00e9, lanc\u00e9 and craquel\u00e9.<\/p>\n","protected":false},"author":10,"featured_media":45747,"comment_status":"open","ping_status":"closed","sticky":false,"template":"","format":"standard","meta":{"_et_pb_use_builder":"on","_et_pb_old_content":"<p>[et_pb_section fb_built=\"1\" _builder_version=\"4.16\" global_colors_info=\"{}\"][et_pb_row _builder_version=\"4.16\" background_size=\"initial\" background_position=\"top_left\" background_repeat=\"repeat\" global_colors_info=\"{}\"][et_pb_column type=\"4_4\" _builder_version=\"4.16\" custom_padding=\"|||\" global_colors_info=\"{}\" custom_padding__hover=\"|||\"][et_pb_text _builder_version=\"4.23.4\" background_size=\"initial\" background_position=\"top_left\" background_repeat=\"repeat\" global_colors_info=\"{}\"]<\/p><p>Nelle descrizioni dei nostri tessuti, si incontrano spesso termini tecnici che indicano specifiche lavorazioni: <em>shin\u00e9, stri\u00e9, lam\u00e9, lanc\u00e9, craquel\u00e9<\/em>. Queste tecniche sono state sviluppate per conferire ai prodotti caratteristiche uniche. In questo articolo, intendiamo chiarire il significato di questi termini.<\/p><h2>Velluti Shin\u00e9<\/h2><p>I velluti <em>shin\u00e9<\/em> si distinguono per le loro sfumature irregolari. Questo effetto \u00e8 ottenuto utilizzando un filo tinto con diverse gradazioni dello stesso colore. La tessitura di questo filato dal colore variabile produce velluti con una colorazione non uniforme e sfumature particolari, che arricchiscono il pelo e conferiscono tridimensionalit\u00e0 al disegno.<\/p><p>La nostra gamma di tessuti shinati include i <a href=\"https:\/\/www.luigi-bevilacqua.com\/categoria\/velluti-bacchetta\/\">velluti bacchetta<\/a> in verde oliva e quelli appartenenti alla <a href=\"https:\/\/www.luigi-bevilacqua.com\/categoria\/velluti\/\">categoria velluti<\/a>.<\/p><p>\u00c8 importante notare che, nelle descrizioni dei tessuti, la dicitura <em>shin\u00e9<\/em>, cos\u00ec come quelle delle altre lavorazioni particolari di cui discutiamo in questo articolo, non sempre \u00e8 esplicitamente riportata.<\/p><p>[\/et_pb_text][\/et_pb_column][\/et_pb_row][et_pb_row column_structure=\"1_2,1_2\" _builder_version=\"4.22.1\" _module_preset=\"default\" global_colors_info=\"{}\"][et_pb_column type=\"1_2\" _builder_version=\"4.22.1\" _module_preset=\"default\" global_colors_info=\"{}\"][et_pb_image src=\"https:\/\/www.luigi-bevilacqua.com\/wp-content\/uploads\/2022\/05\/Velluto-Bacchetta-Caccia-verde-oliva-059-3349S.jpg\" title_text=\"Velluto Bacchetta Caccia verde oliva 059-3349S\" show_in_lightbox=\"on\" align=\"center\" _builder_version=\"4.23.4\" _module_preset=\"default\" max_width=\"600px\" module_alignment=\"center\" global_colors_info=\"{}\"][\/et_pb_image][et_pb_text disabled_on=\"off|off|off\" admin_label=\"didascalia\" _builder_version=\"4.23.4\" text_font=\"||on||\" text_font_size=\"12\" background_color=\"rgba(218,221,221,0.52)\" text_orientation=\"center\" max_width=\"600px\" module_alignment=\"center\" locked=\"off\" global_colors_info=\"{}\"]<\/p><p>Velluto bacchetta Caccia in verde oliva<\/p><p>[\/et_pb_text][\/et_pb_column][et_pb_column type=\"1_2\" _builder_version=\"4.22.1\" _module_preset=\"default\" global_colors_info=\"{}\"][et_pb_image src=\"https:\/\/www.luigi-bevilacqua.com\/wp-content\/uploads\/2022\/05\/Velluto-Palmyra-rosa-antico-668-3949.jpg\" title_text=\"Velluto Palmyra rosa antico 668-3949\" show_in_lightbox=\"on\" align=\"center\" _builder_version=\"4.23.4\" _module_preset=\"default\" max_width=\"600px\" module_alignment=\"center\" global_colors_info=\"{}\"][\/et_pb_image][et_pb_text disabled_on=\"off|off|off\" admin_label=\"didascalia\" _builder_version=\"4.23.4\" text_font=\"||on||\" text_font_size=\"12\" background_color=\"rgba(218,221,221,0.52)\" text_orientation=\"center\" max_width=\"600px\" module_alignment=\"center\" locked=\"off\" global_colors_info=\"{}\"]<\/p><p>Velluto Palmyra in rosa antico<\/p><p>[\/et_pb_text][\/et_pb_column][\/et_pb_row][et_pb_row _builder_version=\"4.16\" background_size=\"initial\" background_position=\"top_left\" background_repeat=\"repeat\" global_colors_info=\"{}\"][et_pb_column type=\"4_4\" _builder_version=\"4.16\" custom_padding=\"|||\" global_colors_info=\"{}\" custom_padding__hover=\"|||\"][et_pb_text _builder_version=\"4.23.4\" background_size=\"initial\" background_position=\"top_left\" background_repeat=\"repeat\" global_colors_info=\"{}\"]<\/p><h2>Tessuti stri\u00e9<\/h2><p>I tessuti <em>stri\u00e9<\/em> si caratterizzano per la presenza di rigature regolari in tonalit\u00e0 diverse. Queste righe verticali, nitidamente definite, derivano non da un singolo filo tinto con gradazioni multiple, ma da fili di colori diversi. La precisione delle righe \u00e8 il risultato della combinazione di bobine, alcune con filati pi\u00f9 scuri, altre con filati pi\u00f9 chiari, ciascuna delle quali genera una riga di colore specifico lungo l\u2019intera lunghezza del tessuto.<\/p><p>Questa tecnica conferisce al tessuto una profondit\u00e0 e una ricchezza superiori rispetto a un tessuto monocolore, che potrebbe apparire pi\u00f9 semplice. La striatura pu\u00f2 essere creata sia sul pelo del velluto che sul fondo raso e taffet\u00e0, caratteristica distintiva dei rasi, lampassi e damaschi.<\/p><p>La nostra gamma di tessuti striati include tutti i <a href=\"https:\/\/www.luigi-bevilacqua.com\/categoria\/velluti-bacchetta\/\">velluti bacchetta<\/a>, ad eccezione di quelli di colore verde oliva che sono <em>shin\u00e9<\/em>, cos\u00ec come i rasi, i lampassi, i broccatelli e i damaschi in alcuni colori. Inoltre, la maggior parte dei nostri velluti in tinta unita sono striati o shinati.<\/p><p>\u00a0<\/p><p>[\/et_pb_text][\/et_pb_column][\/et_pb_row][et_pb_row column_structure=\"1_3,1_3,1_3\" _builder_version=\"4.22.1\" _module_preset=\"default\" global_colors_info=\"{}\"][et_pb_column type=\"1_3\" _builder_version=\"4.22.1\" _module_preset=\"default\" global_colors_info=\"{}\"][et_pb_image src=\"https:\/\/www.luigi-bevilacqua.com\/wp-content\/uploads\/2024\/02\/Velluto-Bacchetta-Cardi-avorio.jpg\" alt=\"Velluto-Bacchetta-Cardi-avorio|Tessitura Bevilacqua\" title_text=\"Velluto-Bacchetta-Cardi-avorio\" show_in_lightbox=\"on\" align=\"center\" _builder_version=\"4.23.4\" _module_preset=\"default\" max_width=\"500px\" module_alignment=\"center\" global_colors_info=\"{}\"][\/et_pb_image][et_pb_text disabled_on=\"off|off|off\" admin_label=\"didascalia\" _builder_version=\"4.23.4\" text_font=\"||on||\" text_font_size=\"12\" background_color=\"rgba(218,221,221,0.52)\" text_orientation=\"center\" max_width=\"500px\" module_alignment=\"center\" locked=\"off\" global_colors_info=\"{}\"]<\/p><p>Velluto bacchetta Cardi in avorio<\/p><p>[\/et_pb_text][\/et_pb_column][et_pb_column type=\"1_3\" _builder_version=\"4.23.4\" _module_preset=\"default\" global_colors_info=\"{}\"][et_pb_image src=\"https:\/\/www.luigi-bevilacqua.com\/wp-content\/uploads\/2024\/02\/Damasco-Fenice-azzurro-strie.jpg\" alt=\"Damasco-Fenice-azzurro-strie!Tessitura Bevilacqua\" title_text=\"Damasco-Fenice-azzurro-strie\" show_in_lightbox=\"on\" align=\"center\" _builder_version=\"4.23.4\" _module_preset=\"default\" max_width=\"500px\" module_alignment=\"center\" global_colors_info=\"{}\"][\/et_pb_image][et_pb_text disabled_on=\"off|off|off\" admin_label=\"didascalia\" _builder_version=\"4.23.4\" text_font=\"||on||\" text_font_size=\"12\" background_color=\"rgba(218,221,221,0.52)\" text_orientation=\"center\" max_width=\"500px\" module_alignment=\"center\" locked=\"off\" global_colors_info=\"{}\"]<\/p><p>Damasco Fenice in azzurro stri\u00e9<\/p><p>[\/et_pb_text][\/et_pb_column][et_pb_column type=\"1_3\" _builder_version=\"4.22.1\" _module_preset=\"default\" global_colors_info=\"{}\"][et_pb_image src=\"https:\/\/www.luigi-bevilacqua.com\/wp-content\/uploads\/2022\/05\/Velluto-Bacchetta-Taccheggiato.jpg\" title_text=\"Velluto Bacchetta Taccheggiato\" show_in_lightbox=\"on\" align=\"center\" _builder_version=\"4.23.4\" _module_preset=\"default\" max_width=\"500px\" module_alignment=\"center\" global_colors_info=\"{}\"][\/et_pb_image][et_pb_text disabled_on=\"off|off|off\" admin_label=\"didascalia\" _builder_version=\"4.23.4\" text_font=\"||on||\" text_font_size=\"12\" background_color=\"rgba(218,221,221,0.52)\" text_orientation=\"center\" max_width=\"500px\" module_alignment=\"center\" locked=\"off\" global_colors_info=\"{}\"]<\/p><p>Velluto bacchetta Taccheggiato in rosa antico<\/p><p>[\/et_pb_text][\/et_pb_column][\/et_pb_row][et_pb_row _builder_version=\"4.16\" background_size=\"initial\" background_position=\"top_left\" background_repeat=\"repeat\" global_colors_info=\"{}\"][et_pb_column type=\"4_4\" _builder_version=\"4.16\" custom_padding=\"|||\" global_colors_info=\"{}\" custom_padding__hover=\"|||\"][et_pb_text _builder_version=\"4.23.4\" background_size=\"initial\" background_position=\"top_left\" background_repeat=\"repeat\" global_colors_info=\"{}\"]<\/p><h2>Tessuti lam\u00e9<\/h2><p>Il termine <em>lam\u00e9<\/em> si riferisce a un tessuto arricchito da filati metallici. Questi possono essere fili o sottili lamine di metalli preziosi come l\u2019oro e l\u2019argento, avvolti attorno al filo di seta, come si riscontra nei <a href=\"https:\/\/www.luigi-bevilacqua.com\/tessitura-auroserica\/\">tessuti auroserici<\/a>. In alternativa, si possono utilizzare filati metallici o di Lurex, che donano luminosit\u00e0 e preziosit\u00e0 ai tessuti.<\/p><p>Nella nostra collezione, esempi di tessuti con filati metallici includono il <a href=\"https:\/\/www.luigi-bevilacqua.com\/prodotto\/lampasso-broccato-35139-lampasso\/\">lampasso Broccato<\/a> e il <a href=\"https:\/\/www.luigi-bevilacqua.com\/prodotto\/bizar-3937-lampasso\/\">lampasso Bizar<\/a>.<\/p><p>[\/et_pb_text][\/et_pb_column][\/et_pb_row][et_pb_row column_structure=\"1_2,1_2\" _builder_version=\"4.22.1\" _module_preset=\"default\" global_colors_info=\"{}\"][et_pb_column type=\"1_2\" _builder_version=\"4.22.1\" _module_preset=\"default\" global_colors_info=\"{}\"][et_pb_image src=\"https:\/\/www.luigi-bevilacqua.com\/wp-content\/uploads\/2022\/05\/broccato-smeraldo-web.jpg\" title_text=\"broccato smeraldo web\" show_in_lightbox=\"on\" align=\"center\" _builder_version=\"4.23.4\" _module_preset=\"default\" max_width=\"600px\" module_alignment=\"center\" global_colors_info=\"{}\"][\/et_pb_image][et_pb_text disabled_on=\"off|off|off\" admin_label=\"didascalia\" _builder_version=\"4.23.4\" text_font=\"||on||\" text_font_size=\"12\" background_color=\"rgba(218,221,221,0.52)\" text_orientation=\"center\" max_width=\"600px\" module_alignment=\"center\" locked=\"off\" global_colors_info=\"{}\"]<\/p><p>Lampasso Broccato in smeraldo<\/p><p>[\/et_pb_text][\/et_pb_column][et_pb_column type=\"1_2\" _builder_version=\"4.22.1\" _module_preset=\"default\" global_colors_info=\"{}\"][et_pb_image src=\"https:\/\/www.luigi-bevilacqua.com\/wp-content\/uploads\/2022\/05\/Lampasso-Bizar-oro-lame-180-3937.jpg\" title_text=\"Lampasso Bizar oro lam\u00e9 180-3937\" show_in_lightbox=\"on\" align=\"center\" _builder_version=\"4.23.4\" _module_preset=\"default\" max_width=\"600px\" module_alignment=\"center\" global_colors_info=\"{}\"][\/et_pb_image][et_pb_text disabled_on=\"off|off|off\" admin_label=\"didascalia\" _builder_version=\"4.23.4\" text_font=\"||on||\" text_font_size=\"12\" background_color=\"rgba(218,221,221,0.52)\" text_orientation=\"center\" max_width=\"600px\" module_alignment=\"center\" locked=\"off\" global_colors_info=\"{}\"]<\/p><p>Lampasso Bizar in oro lam\u00e9<\/p><p>[\/et_pb_text][\/et_pb_column][\/et_pb_row][et_pb_row _builder_version=\"4.16\" background_size=\"initial\" background_position=\"top_left\" background_repeat=\"repeat\" global_colors_info=\"{}\"][et_pb_column type=\"4_4\" _builder_version=\"4.16\" custom_padding=\"|||\" global_colors_info=\"{}\" custom_padding__hover=\"|||\"][et_pb_text _builder_version=\"4.23.4\" background_size=\"initial\" background_position=\"top_left\" background_repeat=\"repeat\" global_colors_info=\"{}\"]<\/p><p>Per quanto riguarda i velluti realizzati a mano, \u00e8 possibile notare riflessi dorati o argentei sul fondo, dovuti alla presenza del <em>lam\u00e9<\/em>. Questo effetto \u00e8 evidente nel <a href=\"https:\/\/www.luigi-bevilacqua.com\/prodotto\/pavoni-3904-o1-velluto-soprarizzo\/\">velluto soprarizzo Pavoni<\/a>, nel <a href=\"https:\/\/www.luigi-bevilacqua.com\/prodotto\/ornato-3741-velluto-soprarizzo\/\">velluto soprarizzo Ornato<\/a> e nel <a href=\"https:\/\/www.luigi-bevilacqua.com\/prodotto\/maraja-3573-velluto-soprarizzo\/\">velluto soprarizzo Maraja<\/a>.<\/p><p>[\/et_pb_text][\/et_pb_column][\/et_pb_row][et_pb_row column_structure=\"1_3,1_3,1_3\" _builder_version=\"4.22.1\" _module_preset=\"default\" global_colors_info=\"{}\"][et_pb_column type=\"1_3\" _builder_version=\"4.22.1\" _module_preset=\"default\" global_colors_info=\"{}\"][et_pb_image src=\"https:\/\/www.luigi-bevilacqua.com\/wp-content\/uploads\/2023\/01\/036_3904-O1-velluto-soprarizzo-_pavoni_-rosa-antico-lame-oro.jpg\" alt=\"Velluto soprarizzo Basilisco | Tessitura Luigi Bevilacqua\" title_text=\"036_3904-O1 velluto soprarizzo _pavoni_ rosa antico lam\u00e9 oro\" show_in_lightbox=\"on\" align=\"center\" _builder_version=\"4.23.4\" _module_preset=\"default\" max_width=\"500px\" module_alignment=\"center\" global_colors_info=\"{}\"][\/et_pb_image][et_pb_text disabled_on=\"off|off|off\" admin_label=\"didascalia\" _builder_version=\"4.23.4\" text_font=\"||on||\" text_font_size=\"12\" background_color=\"rgba(218,221,221,0.52)\" text_orientation=\"center\" max_width=\"500px\" module_alignment=\"center\" locked=\"off\" global_colors_info=\"{}\"]<\/p><p>Velluto soprarizzo Pavoni in rosa antico-lam\u00e9 oro<\/p><p>[\/et_pb_text][\/et_pb_column][et_pb_column type=\"1_3\" _builder_version=\"4.23.4\" _module_preset=\"default\" global_colors_info=\"{}\"][et_pb_image src=\"https:\/\/www.luigi-bevilacqua.com\/wp-content\/uploads\/2018\/05\/Velluto-Soprarizzo-Ornato-rosso-antico-oro-027-3741.jpg\" alt=\"Velluto Soprarizzo Ornato rosso antico oro 027-3741 | Tessitura Bevilacqua\" title_text=\"Velluto Soprarizzo Ornato rosso antico oro 027-3741 | Tessitura Bevilacqua\" show_in_lightbox=\"on\" align=\"center\" _builder_version=\"4.23.4\" _module_preset=\"default\" max_width=\"600px\" module_alignment=\"center\" global_colors_info=\"{}\"][\/et_pb_image][et_pb_text disabled_on=\"off|off|off\" admin_label=\"didascalia\" _builder_version=\"4.23.4\" text_font=\"||on||\" text_font_size=\"12\" background_color=\"rgba(218,221,221,0.52)\" text_orientation=\"center\" max_width=\"600px\" module_alignment=\"center\" locked=\"off\" global_colors_info=\"{}\"]<\/p><p>Velluto soprarizzo Ornato in bordeaux-lam\u00e9 dorato<\/p><p>[\/et_pb_text][\/et_pb_column][et_pb_column type=\"1_3\" _builder_version=\"4.22.1\" _module_preset=\"default\" global_colors_info=\"{}\"][et_pb_image src=\"https:\/\/www.luigi-bevilacqua.com\/wp-content\/uploads\/2020\/06\/Maraja.jpg\" title_text=\"Maraja\" show_in_lightbox=\"on\" align=\"center\" _builder_version=\"4.23.4\" _module_preset=\"default\" max_width=\"600px\" module_alignment=\"center\" global_colors_info=\"{}\"][\/et_pb_image][et_pb_text disabled_on=\"off|off|off\" admin_label=\"didascalia\" _builder_version=\"4.23.4\" text_font=\"||on||\" text_font_size=\"12\" background_color=\"rgba(218,221,221,0.52)\" text_orientation=\"center\" max_width=\"600px\" module_alignment=\"center\" locked=\"off\" global_colors_info=\"{}\"]<\/p><p>Velluto soprarizzo Maraja<\/p><p>[\/et_pb_text][\/et_pb_column][\/et_pb_row][et_pb_row _builder_version=\"4.16\" background_size=\"initial\" background_position=\"top_left\" background_repeat=\"repeat\" global_colors_info=\"{}\"][et_pb_column type=\"4_4\" _builder_version=\"4.16\" custom_padding=\"|||\" global_colors_info=\"{}\" custom_padding__hover=\"|||\"][et_pb_text _builder_version=\"4.23.4\" background_size=\"initial\" background_position=\"top_left\" background_repeat=\"repeat\" global_colors_info=\"{}\"]<\/p><h2>Velluti lanc\u00e9<\/h2><p>I velluti <em>lanc\u00e9<\/em> si distinguono per la presenza di una <em>trama lanciata<\/em>, un elemento aggiuntivo rispetto alla trama di base che contribuisce a strutturare il tessuto. Questa caratteristica si realizza mediante l\u2019uso di una spoletta supplementare.\u00a0<\/p><p>Nel contesto dei velluti manuali, la lavorazione <em>lam\u00e9<\/em> assume anche una connotazione <em>lanc\u00e9<\/em>. Ci\u00f2 \u00e8 dovuto all\u2019impiego, da parte della tessitrice, di una trama complementare destinata alla componente in filato metallico del disegno. Un esempio emblematico \u00e8 rappresentato dal <a href=\"https:\/\/www.luigi-bevilacqua.com\/prodotto\/rinascimento-3361-velluto-soprarizzo\/\">velluto soprarizzo Rinascimento<\/a>, che presenta delle tramette slegate, effetto che pu\u00f2 essere definito come <em>lanc\u00e9<\/em>.<\/p><p>\u00a0<\/p><p>[\/et_pb_text][et_pb_image src=\"https:\/\/www.luigi-bevilacqua.com\/wp-content\/uploads\/2023\/05\/velluto-soprarizzo-rinascimento-blu-091-3361.jpg\" alt=\"Visita Patriarca Roncalli | Tessitura Bevilacqua\" title_text=\"velluto soprarizzo rinascimento blu 091-3361\" show_in_lightbox=\"on\" align=\"center\" _builder_version=\"4.23.4\" _module_preset=\"default\" max_width=\"350px\" module_alignment=\"center\" global_colors_info=\"{}\"][\/et_pb_image][et_pb_text disabled_on=\"off|off|off\" admin_label=\"didascalia\" _builder_version=\"4.23.4\" text_font=\"||on||\" text_font_size=\"12\" background_color=\"rgba(218,221,221,0.52)\" text_orientation=\"center\" max_width=\"350px\" module_alignment=\"center\" locked=\"off\" global_colors_info=\"{}\"]<\/p><p>Velluto soprarizzo Rinascimento in blu<\/p><p>[\/et_pb_text][\/et_pb_column][\/et_pb_row][et_pb_row _builder_version=\"4.16\" background_size=\"initial\" background_position=\"top_left\" background_repeat=\"repeat\" global_colors_info=\"{}\"][et_pb_column type=\"4_4\" _builder_version=\"4.16\" custom_padding=\"|||\" global_colors_info=\"{}\" custom_padding__hover=\"|||\"][et_pb_text _builder_version=\"4.23.4\" background_size=\"initial\" background_position=\"top_left\" background_repeat=\"repeat\" global_colors_info=\"{}\"]<\/p><p>Il <a href=\"https:\/\/www.luigi-bevilacqua.com\/prodotto\/lance-3370s-velluto-bacchetta\/\">velluto bacchetta Lanc\u00e9<\/a> si distingue per la presenza di una fiammatura attorno ai motivi decorativi che li fa risaltare sul fondo giallo dorato, dando loro maggiore profondit\u00e0 e contrasto. Questa trama si pu\u00f2 definire come <em>lanc\u00e9<\/em>.<\/p><p>Il <a href=\"https:\/\/www.luigi-bevilacqua.com\/prodotto\/mosaico-lance-3587s-velluto-bacchetta\/\">velluto bacchetta Mosaico Lanc\u00e9<\/a> presenta trame lanciate, ovvero trame supplementari che contribuiscono a formare il disegno. Questo \u00e8 particolarmente evidente osservando gli animali e gli altri soggetti caratterizzati da un intreccio che imita le tessere del mosaico, realizzato proprio con le trame lanciate.<\/p><p>[\/et_pb_text][\/et_pb_column][\/et_pb_row][et_pb_row column_structure=\"1_2,1_2\" _builder_version=\"4.22.1\" _module_preset=\"default\" global_colors_info=\"{}\"][et_pb_column type=\"1_2\" _builder_version=\"4.22.1\" _module_preset=\"default\" global_colors_info=\"{}\"][et_pb_image src=\"https:\/\/www.luigi-bevilacqua.com\/wp-content\/uploads\/2023\/08\/Velluto-Bacchetta-Lance-rosa-antico-018-3370S.jpg\" title_text=\"Velluto Bacchetta Lanc\u00e8 rosa antico 018-3370S\" show_in_lightbox=\"on\" align=\"center\" _builder_version=\"4.23.4\" _module_preset=\"default\" max_width=\"350px\" module_alignment=\"center\" global_colors_info=\"{}\"][\/et_pb_image][et_pb_text disabled_on=\"off|off|off\" admin_label=\"didascalia\" _builder_version=\"4.23.4\" text_font=\"||on||\" text_font_size=\"12\" background_color=\"rgba(218,221,221,0.52)\" text_orientation=\"center\" max_width=\"350px\" module_alignment=\"center\" locked=\"off\" global_colors_info=\"{}\"]<\/p><p>Velluto bacchetta Lanc\u00e9 in rosa antico<\/p><p>[\/et_pb_text][\/et_pb_column][et_pb_column type=\"1_2\" _builder_version=\"4.22.1\" _module_preset=\"default\" global_colors_info=\"{}\"][et_pb_image src=\"https:\/\/www.luigi-bevilacqua.com\/wp-content\/uploads\/2023\/08\/Velluto-Bacchetta-Mosaico-Lance-rosa-antico-408-3587.jpg\" title_text=\"Velluto Bacchetta Mosaico Lanc\u00e9 rosa antico 408-3587\" show_in_lightbox=\"on\" align=\"center\" _builder_version=\"4.23.4\" _module_preset=\"default\" max_width=\"350px\" module_alignment=\"center\" global_colors_info=\"{}\"][\/et_pb_image][et_pb_text disabled_on=\"off|off|off\" admin_label=\"didascalia\" _builder_version=\"4.23.4\" text_font=\"||on||\" text_font_size=\"12\" background_color=\"rgba(218,221,221,0.52)\" text_orientation=\"center\" max_width=\"350px\" module_alignment=\"center\" locked=\"off\" global_colors_info=\"{}\"]<\/p><p>Velluto bacchetta Mosaico in multicolore rosa antico<\/p><p>[\/et_pb_text][\/et_pb_column][\/et_pb_row][et_pb_row _builder_version=\"4.16\" background_size=\"initial\" background_position=\"top_left\" background_repeat=\"repeat\" global_colors_info=\"{}\"][et_pb_column type=\"4_4\" _builder_version=\"4.16\" custom_padding=\"|||\" global_colors_info=\"{}\" custom_padding__hover=\"|||\"][et_pb_text _builder_version=\"4.23.4\" background_size=\"initial\" background_position=\"top_left\" background_repeat=\"repeat\" global_colors_info=\"{}\"]<\/p><p>Anche il <a href=\"https:\/\/www.luigi-bevilacqua.com\/prodotto\/gotico-3945s-velluto-bacchetta\/\">velluto bacchetta Gotico<\/a> e il <a href=\"https:\/\/www.luigi-bevilacqua.com\/prodotto\/ca-doro-3283s-velluto-bacchetta\/\">velluto bacchetta Ca d\u2019Oro<\/a> presentano trame lanciate, che contribuiscono a creare i dettagli del disegno.<\/p><p>In generale, tutti i velluti che, oltre alla trama di base, presentano una trama aggiuntiva che crea un effetto decorativo, possono essere descritti come <em>lanc\u00e9<\/em>.<\/p><p>[\/et_pb_text][\/et_pb_column][\/et_pb_row][et_pb_row column_structure=\"1_2,1_2\" _builder_version=\"4.22.1\" _module_preset=\"default\" global_colors_info=\"{}\"][et_pb_column type=\"1_2\" _builder_version=\"4.22.1\" _module_preset=\"default\" global_colors_info=\"{}\"][et_pb_image src=\"https:\/\/www.luigi-bevilacqua.com\/wp-content\/uploads\/2022\/05\/Velluto-Bacchetta-Gotico-azzurro-331-3945S.jpg\" title_text=\"Velluto Bacchetta Gotico azzurro 331-3945S\" show_in_lightbox=\"on\" align=\"center\" _builder_version=\"4.23.4\" _module_preset=\"default\" max_width=\"500px\" module_alignment=\"center\" global_colors_info=\"{}\"][\/et_pb_image][et_pb_text disabled_on=\"off|off|off\" admin_label=\"didascalia\" _builder_version=\"4.23.4\" text_font=\"||on||\" text_font_size=\"12\" background_color=\"rgba(218,221,221,0.52)\" text_orientation=\"center\" max_width=\"500px\" module_alignment=\"center\" locked=\"off\" global_colors_info=\"{}\"]<\/p><p>Velluto bacchetta Gotico in azzurro<\/p><p>[\/et_pb_text][\/et_pb_column][et_pb_column type=\"1_2\" _builder_version=\"4.22.1\" _module_preset=\"default\" global_colors_info=\"{}\"][et_pb_image src=\"https:\/\/www.luigi-bevilacqua.com\/wp-content\/uploads\/2022\/05\/Velluto-Bacchetta-Ca-D_Oro-nero-005-3283S.jpg\" title_text=\"Velluto Bacchetta C\u00e0 D_Oro nero 005-3283S\" show_in_lightbox=\"on\" align=\"center\" _builder_version=\"4.23.4\" _module_preset=\"default\" max_width=\"500px\" module_alignment=\"center\" global_colors_info=\"{}\"][\/et_pb_image][et_pb_text disabled_on=\"off|off|off\" admin_label=\"didascalia\" _builder_version=\"4.23.4\" text_font=\"||on||\" text_font_size=\"12\" background_color=\"rgba(218,221,221,0.52)\" text_orientation=\"center\" max_width=\"500px\" module_alignment=\"center\" locked=\"off\" global_colors_info=\"{}\"]<\/p><p>Velluto bacchetta Ca' d'Oro in nero<\/p><p>[\/et_pb_text][\/et_pb_column][\/et_pb_row][et_pb_row _builder_version=\"4.16\" background_size=\"initial\" background_position=\"top_left\" background_repeat=\"repeat\" global_colors_info=\"{}\"][et_pb_column type=\"4_4\" _builder_version=\"4.16\" custom_padding=\"|||\" global_colors_info=\"{}\" custom_padding__hover=\"|||\"][et_pb_text _builder_version=\"4.23.4\" background_size=\"initial\" background_position=\"top_left\" background_repeat=\"repeat\" global_colors_info=\"{}\"]<\/p><h2>Tessuti craquel\u00e9<\/h2><p>Il termine <em>craquel\u00e9<\/em>, di origine francese, pu\u00f2 essere tradotto in italiano come \u201ccrettatura\u201d o \u201cgoffratura\u201d. I tessuti <em>craquel\u00e9<\/em> non presentano un aspetto liscio e uniforme, ma piuttosto una texture che evoca la pelle martellata.<\/p><p>Questa tecnica conferisce ai tessuti di seta una profondit\u00e0 e una tridimensionalit\u00e0 superiori, poich\u00e9 la luce viene riflessa in modo pi\u00f9 ricco, creando un effetto di pregio che distingue il tessuto da un semplice raso liscio.<\/p><p>Questa caratteristica materica \u00e8 il risultato della lavorazione in fase di tessitura e non dell\u2019uso di filati di colori diversi. Un tempo, si utilizzava uno strumento specifico per ottenerla, tirando un filo della trama per arricciare leggermente il fondo del tessuto. Oggi, si ottiene con tecniche diverse.<\/p><p>Tra i nostri tessuti <em>craquel\u00e9<\/em>, con effetto goffrato, troviamo il <a href=\"https:\/\/www.luigi-bevilacqua.com\/prodotto\/31089-r-craquele-damasco\/\">damasco 31089 R Craquel\u00e9<\/a>, il <a href=\"https:\/\/www.luigi-bevilacqua.com\/prodotto\/giardino-33077-craquele-damasco\/\">damasco Giardino 33077 Craquel\u00e9<\/a>, il <a href=\"https:\/\/www.luigi-bevilacqua.com\/prodotto\/grottesche-31035-craquele-damasco\/\">damasco Grottesche 31035 Craquel\u00e9<\/a> e il <a href=\"https:\/\/www.luigi-bevilacqua.com\/prodotto\/paradiso-31214-damasco\/\">damasco Paradiso 31214<\/a>.<\/p><p>[\/et_pb_text][\/et_pb_column][\/et_pb_row][et_pb_row column_structure=\"1_3,1_3,1_3\" _builder_version=\"4.22.1\" _module_preset=\"default\" global_colors_info=\"{}\"][et_pb_column type=\"1_3\" _builder_version=\"4.22.1\" _module_preset=\"default\" global_colors_info=\"{}\"][et_pb_image src=\"https:\/\/www.luigi-bevilacqua.com\/wp-content\/uploads\/2022\/05\/Damasco-_31089R_-Craquele\u0301-edera-192-31089R.jpg\" alt=\"Velluto soprarizzo Basilisco | Tessitura Luigi Bevilacqua\" title_text=\"Damasco _31089R_ Craquele\u0301 edera 192-31089R\" show_in_lightbox=\"on\" align=\"center\" _builder_version=\"4.23.4\" _module_preset=\"default\" max_width=\"500px\" module_alignment=\"center\" global_colors_info=\"{}\"][\/et_pb_image][et_pb_text disabled_on=\"off|off|off\" admin_label=\"didascalia\" _builder_version=\"4.23.4\" text_font=\"||on||\" text_font_size=\"12\" background_color=\"rgba(218,221,221,0.52)\" text_orientation=\"center\" max_width=\"500px\" module_alignment=\"center\" locked=\"off\" global_colors_info=\"{}\"]<\/p><p>Damasco 31089 R Craquel\u00e9 in edera<\/p><p>[\/et_pb_text][\/et_pb_column][et_pb_column type=\"1_3\" _builder_version=\"4.23.4\" _module_preset=\"default\" global_colors_info=\"{}\"][et_pb_image src=\"https:\/\/www.luigi-bevilacqua.com\/wp-content\/uploads\/2023\/08\/Damasco-_33077_-Craquele-mauve-002-33077.jpeg\" alt=\"Velluto Soprarizzo Ornato rosso antico oro 027-3741 | Tessitura Bevilacqua\" title_text=\"Damasco _33077_ Craquel\u00e9 mauve 002-33077\" show_in_lightbox=\"on\" align=\"center\" _builder_version=\"4.23.4\" _module_preset=\"default\" max_width=\"500px\" module_alignment=\"center\" global_colors_info=\"{}\"][\/et_pb_image][et_pb_text disabled_on=\"off|off|off\" admin_label=\"didascalia\" _builder_version=\"4.23.4\" text_font=\"||on||\" text_font_size=\"12\" background_color=\"rgba(218,221,221,0.52)\" text_orientation=\"center\" max_width=\"500px\" module_alignment=\"center\" locked=\"off\" global_colors_info=\"{}\"]<\/p><p>Damasco Giardino 33077 Craquel\u00e9 in mauve<\/p><p>[\/et_pb_text][\/et_pb_column][et_pb_column type=\"1_3\" _builder_version=\"4.22.1\" _module_preset=\"default\" global_colors_info=\"{}\"][et_pb_image src=\"https:\/\/www.luigi-bevilacqua.com\/wp-content\/uploads\/2022\/05\/Damasco-Grottesche-31035-Craquele\u0301-blu-oro-359-31035.jpg\" title_text=\"Damasco Grottesche 31035 Craquele\u0301 blu oro 359-31035\" show_in_lightbox=\"on\" align=\"center\" _builder_version=\"4.23.4\" _module_preset=\"default\" max_width=\"500px\" module_alignment=\"center\" global_colors_info=\"{}\"][\/et_pb_image][et_pb_text disabled_on=\"off|off|off\" admin_label=\"didascalia\" _builder_version=\"4.23.4\" text_font=\"||on||\" text_font_size=\"12\" background_color=\"rgba(218,221,221,0.52)\" text_orientation=\"center\" max_width=\"500px\" module_alignment=\"center\" locked=\"off\" global_colors_info=\"{}\"]<\/p><p>Damasco Grottesche 31035 Craquel\u00e9 in blu-oro<\/p><p>[\/et_pb_text][\/et_pb_column][\/et_pb_row][et_pb_row _builder_version=\"4.16\" background_size=\"initial\" background_position=\"top_left\" background_repeat=\"repeat\" global_colors_info=\"{}\"][et_pb_column type=\"4_4\" _builder_version=\"4.16\" custom_padding=\"|||\" global_colors_info=\"{}\" custom_padding__hover=\"|||\"][et_pb_image src=\"https:\/\/www.luigi-bevilacqua.com\/wp-content\/uploads\/2023\/06\/Damasco-Paradiso-azzurro-polvere-093-31214-1.jpg\" alt=\"Visita Patriarca Roncalli | Tessitura Bevilacqua\" title_text=\"Damasco Paradiso azzurro polvere 093-31214\" show_in_lightbox=\"on\" align=\"center\" _builder_version=\"4.23.4\" _module_preset=\"default\" max_width=\"350px\" module_alignment=\"center\" global_colors_info=\"{}\"][\/et_pb_image][et_pb_text disabled_on=\"off|off|off\" admin_label=\"didascalia\" _builder_version=\"4.23.4\" text_font=\"||on||\" text_font_size=\"12\" background_color=\"rgba(218,221,221,0.52)\" text_orientation=\"center\" max_width=\"350px\" module_alignment=\"center\" locked=\"off\" global_colors_info=\"{}\"]<\/p><p>Dettaglio craquel\u00e9 - Damasco Paradiso 31214 in azzurro<\/p><p>[\/et_pb_text][\/et_pb_column][\/et_pb_row][et_pb_row disabled_on=\"on|on|on\" _builder_version=\"4.16\" disabled=\"on\" global_colors_info=\"{}\"][et_pb_column type=\"4_4\" _builder_version=\"4.16\" custom_padding=\"|||\" global_colors_info=\"{}\" custom_padding__hover=\"|||\"][et_pb_text admin_label=\"Cover photo credit: \" _builder_version=\"4.23.4\" locked=\"off\" global_colors_info=\"{}\"]<\/p><pre>Foto di copertina: damasco Giardino Craquel\u00e9 nel colore Pesca<\/pre><p>[\/et_pb_text][\/et_pb_column][\/et_pb_row][\/et_pb_section]<\/p>","_et_gb_content_width":"","footnotes":""},"categories":[4],"tags":[],"class_list":["post-59784","post","type-post","status-publish","format-standard","has-post-thumbnail","hentry","category-fabrics"],"yoast_head":"<!-- This site is optimized with the Yoast SEO plugin v27.5 - https:\/\/yoast.com\/product\/yoast-seo-wordpress\/ -->\n<title>Decoding Fabrics: Shin\u00e9, Stri\u00e9, Lam\u00e9, Lanc\u00e9, and Craquel\u00e9<\/title>\n<meta name=\"description\" content=\"Discover the characteristics of our Venetian fabrics made with special techniques: shin\u00e9, stri\u00e9, lam\u00e9, lanc\u00e9 and craquel\u00e9.\" \/>\n<meta name=\"robots\" content=\"index, follow, max-snippet:-1, max-image-preview:large, max-video-preview:-1\" \/>\n<link rel=\"canonical\" href=\"https:\/\/www.luigi-bevilacqua.com\/en\/shine-strie-lame-lance-craquele-fabrics\/\" \/>\n<meta property=\"og:locale\" content=\"en_US\" \/>\n<meta property=\"og:type\" content=\"article\" \/>\n<meta property=\"og:title\" content=\"Decoding Fabrics: Shin\u00e9, Stri\u00e9, Lam\u00e9, Lanc\u00e9, and Craquel\u00e9\" \/>\n<meta property=\"og:description\" content=\"Discover the characteristics of our Venetian fabrics made with special techniques: shin\u00e9, stri\u00e9, lam\u00e9, lanc\u00e9 and craquel\u00e9.\" \/>\n<meta property=\"og:url\" content=\"https:\/\/www.luigi-bevilacqua.com\/en\/shine-strie-lame-lance-craquele-fabrics\/\" \/>\n<meta property=\"og:site_name\" content=\"Tessitura Luigi Bevilaqua\" \/>\n<meta property=\"article:publisher\" content=\"https:\/\/www.facebook.com\/TessituraLuigiBevilacqua\" \/>\n<meta property=\"article:published_time\" content=\"2024-02-15T13:00:50+00:00\" \/>\n<meta property=\"article:modified_time\" content=\"2024-02-19T13:57:30+00:00\" \/>\n<meta property=\"og:image\" content=\"https:\/\/www.luigi-bevilacqua.com\/wp-content\/uploads\/2022\/05\/giardino-craquele\u2560C-damasco-PARTICOLARE-web.jpg\" \/>\n\t<meta property=\"og:image:width\" content=\"1080\" \/>\n\t<meta property=\"og:image:height\" content=\"720\" \/>\n\t<meta property=\"og:image:type\" content=\"image\/jpeg\" \/>\n<meta name=\"author\" content=\"Laura Fuser\" \/>\n<script type=\"application\/ld+json\" class=\"yoast-schema-graph\">{\"@context\":\"https:\\\/\\\/schema.org\",\"@graph\":[{\"@type\":\"Article\",\"@id\":\"https:\\\/\\\/www.luigi-bevilacqua.com\\\/en\\\/shine-strie-lame-lance-craquele-fabrics\\\/#article\",\"isPartOf\":{\"@id\":\"https:\\\/\\\/www.luigi-bevilacqua.com\\\/en\\\/shine-strie-lame-lance-craquele-fabrics\\\/\"},\"author\":{\"name\":\"Laura Fuser\",\"@id\":\"https:\\\/\\\/www.luigi-bevilacqua.com\\\/en\\\/#\\\/schema\\\/person\\\/6a99297ba99b9f66e527716bdae7c2df\"},\"headline\":\"Decoding Fabrics: Shin\u00e9, Stri\u00e9, Lam\u00e9, Lanc\u00e9, and Craquel\u00e9\",\"datePublished\":\"2024-02-15T13:00:50+00:00\",\"dateModified\":\"2024-02-19T13:57:30+00:00\",\"mainEntityOfPage\":{\"@id\":\"https:\\\/\\\/www.luigi-bevilacqua.com\\\/en\\\/shine-strie-lame-lance-craquele-fabrics\\\/\"},\"wordCount\":3448,\"commentCount\":0,\"publisher\":{\"@id\":\"https:\\\/\\\/www.luigi-bevilacqua.com\\\/en\\\/#organization\"},\"image\":{\"@id\":\"https:\\\/\\\/www.luigi-bevilacqua.com\\\/en\\\/shine-strie-lame-lance-craquele-fabrics\\\/#primaryimage\"},\"thumbnailUrl\":\"https:\\\/\\\/www.luigi-bevilacqua.com\\\/wp-content\\\/uploads\\\/2022\\\/05\\\/giardino-craquele\u2560C-damasco-PARTICOLARE-web.jpg\",\"articleSection\":[\"Fabrics\"],\"inLanguage\":\"en-US\",\"potentialAction\":[{\"@type\":\"CommentAction\",\"name\":\"Comment\",\"target\":[\"https:\\\/\\\/www.luigi-bevilacqua.com\\\/en\\\/shine-strie-lame-lance-craquele-fabrics\\\/#respond\"]}]},{\"@type\":\"WebPage\",\"@id\":\"https:\\\/\\\/www.luigi-bevilacqua.com\\\/en\\\/shine-strie-lame-lance-craquele-fabrics\\\/\",\"url\":\"https:\\\/\\\/www.luigi-bevilacqua.com\\\/en\\\/shine-strie-lame-lance-craquele-fabrics\\\/\",\"name\":\"Decoding Fabrics: Shin\u00e9, Stri\u00e9, Lam\u00e9, Lanc\u00e9, and Craquel\u00e9\",\"isPartOf\":{\"@id\":\"https:\\\/\\\/www.luigi-bevilacqua.com\\\/en\\\/#website\"},\"primaryImageOfPage\":{\"@id\":\"https:\\\/\\\/www.luigi-bevilacqua.com\\\/en\\\/shine-strie-lame-lance-craquele-fabrics\\\/#primaryimage\"},\"image\":{\"@id\":\"https:\\\/\\\/www.luigi-bevilacqua.com\\\/en\\\/shine-strie-lame-lance-craquele-fabrics\\\/#primaryimage\"},\"thumbnailUrl\":\"https:\\\/\\\/www.luigi-bevilacqua.com\\\/wp-content\\\/uploads\\\/2022\\\/05\\\/giardino-craquele\u2560C-damasco-PARTICOLARE-web.jpg\",\"datePublished\":\"2024-02-15T13:00:50+00:00\",\"dateModified\":\"2024-02-19T13:57:30+00:00\",\"description\":\"Discover the characteristics of our Venetian fabrics made with special techniques: shin\u00e9, stri\u00e9, lam\u00e9, lanc\u00e9 and craquel\u00e9.\",\"breadcrumb\":{\"@id\":\"https:\\\/\\\/www.luigi-bevilacqua.com\\\/en\\\/shine-strie-lame-lance-craquele-fabrics\\\/#breadcrumb\"},\"inLanguage\":\"en-US\",\"potentialAction\":[{\"@type\":\"ReadAction\",\"target\":[\"https:\\\/\\\/www.luigi-bevilacqua.com\\\/en\\\/shine-strie-lame-lance-craquele-fabrics\\\/\"]}]},{\"@type\":\"ImageObject\",\"inLanguage\":\"en-US\",\"@id\":\"https:\\\/\\\/www.luigi-bevilacqua.com\\\/en\\\/shine-strie-lame-lance-craquele-fabrics\\\/#primaryimage\",\"url\":\"https:\\\/\\\/www.luigi-bevilacqua.com\\\/wp-content\\\/uploads\\\/2022\\\/05\\\/giardino-craquele\u2560C-damasco-PARTICOLARE-web.jpg\",\"contentUrl\":\"https:\\\/\\\/www.luigi-bevilacqua.com\\\/wp-content\\\/uploads\\\/2022\\\/05\\\/giardino-craquele\u2560C-damasco-PARTICOLARE-web.jpg\",\"width\":1080,\"height\":720},{\"@type\":\"BreadcrumbList\",\"@id\":\"https:\\\/\\\/www.luigi-bevilacqua.com\\\/en\\\/shine-strie-lame-lance-craquele-fabrics\\\/#breadcrumb\",\"itemListElement\":[{\"@type\":\"ListItem\",\"position\":1,\"name\":\"Home\",\"item\":\"https:\\\/\\\/www.luigi-bevilacqua.com\\\/en\\\/home\\\/\"},{\"@type\":\"ListItem\",\"position\":2,\"name\":\"Decoding Fabrics: Shin\u00e9, Stri\u00e9, Lam\u00e9, Lanc\u00e9, and Craquel\u00e9\"}]},{\"@type\":\"WebSite\",\"@id\":\"https:\\\/\\\/www.luigi-bevilacqua.com\\\/en\\\/#website\",\"url\":\"https:\\\/\\\/www.luigi-bevilacqua.com\\\/en\\\/\",\"name\":\"Tessitura Luigi Bevilaqua\",\"description\":\"Tessitura Bevilaqua\",\"publisher\":{\"@id\":\"https:\\\/\\\/www.luigi-bevilacqua.com\\\/en\\\/#organization\"},\"potentialAction\":[{\"@type\":\"SearchAction\",\"target\":{\"@type\":\"EntryPoint\",\"urlTemplate\":\"https:\\\/\\\/www.luigi-bevilacqua.com\\\/en\\\/?s={search_term_string}\"},\"query-input\":{\"@type\":\"PropertyValueSpecification\",\"valueRequired\":true,\"valueName\":\"search_term_string\"}}],\"inLanguage\":\"en-US\"},{\"@type\":\"Organization\",\"@id\":\"https:\\\/\\\/www.luigi-bevilacqua.com\\\/en\\\/#organization\",\"name\":\"Tessitura Luigi Bevilacqua\",\"url\":\"https:\\\/\\\/www.luigi-bevilacqua.com\\\/en\\\/\",\"logo\":{\"@type\":\"ImageObject\",\"inLanguage\":\"en-US\",\"@id\":\"https:\\\/\\\/www.luigi-bevilacqua.com\\\/en\\\/#\\\/schema\\\/logo\\\/image\\\/\",\"url\":\"https:\\\/\\\/www.luigi-bevilacqua.com\\\/wp-content\\\/uploads\\\/2017\\\/04\\\/logo-bevilacqua-home.png\",\"contentUrl\":\"https:\\\/\\\/www.luigi-bevilacqua.com\\\/wp-content\\\/uploads\\\/2017\\\/04\\\/logo-bevilacqua-home.png\",\"width\":272,\"height\":156,\"caption\":\"Tessitura Luigi Bevilacqua\"},\"image\":{\"@id\":\"https:\\\/\\\/www.luigi-bevilacqua.com\\\/en\\\/#\\\/schema\\\/logo\\\/image\\\/\"},\"sameAs\":[\"https:\\\/\\\/www.facebook.com\\\/TessituraLuigiBevilacqua\",\"https:\\\/\\\/x.com\\\/tessiturebevilc\",\"https:\\\/\\\/www.instagram.com\\\/tessiturebevilacqua\\\/\",\"https:\\\/\\\/www.linkedin.com\\\/company\\\/bevilacqua\\\/\",\"https:\\\/\\\/it.pinterest.com\\\/luigibevilacqua\\\/\",\"https:\\\/\\\/www.youtube.com\\\/channel\\\/UCvKX4HKDdjyoJIztAzEekkQ\"]},{\"@type\":\"Person\",\"@id\":\"https:\\\/\\\/www.luigi-bevilacqua.com\\\/en\\\/#\\\/schema\\\/person\\\/6a99297ba99b9f66e527716bdae7c2df\",\"name\":\"Laura Fuser\",\"sameAs\":[\"https:\\\/\\\/strategika.es\\\/\"]}]}<\/script>\n<!-- \/ Yoast SEO plugin. -->","yoast_head_json":{"title":"Decoding Fabrics: Shin\u00e9, Stri\u00e9, Lam\u00e9, Lanc\u00e9, and Craquel\u00e9","description":"Discover the characteristics of our Venetian fabrics made with special techniques: shin\u00e9, stri\u00e9, lam\u00e9, lanc\u00e9 and craquel\u00e9.","robots":{"index":"index","follow":"follow","max-snippet":"max-snippet:-1","max-image-preview":"max-image-preview:large","max-video-preview":"max-video-preview:-1"},"canonical":"https:\/\/www.luigi-bevilacqua.com\/en\/shine-strie-lame-lance-craquele-fabrics\/","og_locale":"en_US","og_type":"article","og_title":"Decoding Fabrics: Shin\u00e9, Stri\u00e9, Lam\u00e9, Lanc\u00e9, and Craquel\u00e9","og_description":"Discover the characteristics of our Venetian fabrics made with special techniques: shin\u00e9, stri\u00e9, lam\u00e9, lanc\u00e9 and craquel\u00e9.","og_url":"https:\/\/www.luigi-bevilacqua.com\/en\/shine-strie-lame-lance-craquele-fabrics\/","og_site_name":"Tessitura Luigi Bevilaqua","article_publisher":"https:\/\/www.facebook.com\/TessituraLuigiBevilacqua","article_published_time":"2024-02-15T13:00:50+00:00","article_modified_time":"2024-02-19T13:57:30+00:00","og_image":[{"width":1080,"height":720,"url":"https:\/\/www.luigi-bevilacqua.com\/wp-content\/uploads\/2022\/05\/giardino-craquele\u2560C-damasco-PARTICOLARE-web.jpg","type":"image\/jpeg"}],"author":"Laura Fuser","schema":{"@context":"https:\/\/schema.org","@graph":[{"@type":"Article","@id":"https:\/\/www.luigi-bevilacqua.com\/en\/shine-strie-lame-lance-craquele-fabrics\/#article","isPartOf":{"@id":"https:\/\/www.luigi-bevilacqua.com\/en\/shine-strie-lame-lance-craquele-fabrics\/"},"author":{"name":"Laura Fuser","@id":"https:\/\/www.luigi-bevilacqua.com\/en\/#\/schema\/person\/6a99297ba99b9f66e527716bdae7c2df"},"headline":"Decoding Fabrics: Shin\u00e9, Stri\u00e9, Lam\u00e9, Lanc\u00e9, and Craquel\u00e9","datePublished":"2024-02-15T13:00:50+00:00","dateModified":"2024-02-19T13:57:30+00:00","mainEntityOfPage":{"@id":"https:\/\/www.luigi-bevilacqua.com\/en\/shine-strie-lame-lance-craquele-fabrics\/"},"wordCount":3448,"commentCount":0,"publisher":{"@id":"https:\/\/www.luigi-bevilacqua.com\/en\/#organization"},"image":{"@id":"https:\/\/www.luigi-bevilacqua.com\/en\/shine-strie-lame-lance-craquele-fabrics\/#primaryimage"},"thumbnailUrl":"https:\/\/www.luigi-bevilacqua.com\/wp-content\/uploads\/2022\/05\/giardino-craquele\u2560C-damasco-PARTICOLARE-web.jpg","articleSection":["Fabrics"],"inLanguage":"en-US","potentialAction":[{"@type":"CommentAction","name":"Comment","target":["https:\/\/www.luigi-bevilacqua.com\/en\/shine-strie-lame-lance-craquele-fabrics\/#respond"]}]},{"@type":"WebPage","@id":"https:\/\/www.luigi-bevilacqua.com\/en\/shine-strie-lame-lance-craquele-fabrics\/","url":"https:\/\/www.luigi-bevilacqua.com\/en\/shine-strie-lame-lance-craquele-fabrics\/","name":"Decoding Fabrics: Shin\u00e9, Stri\u00e9, Lam\u00e9, Lanc\u00e9, and Craquel\u00e9","isPartOf":{"@id":"https:\/\/www.luigi-bevilacqua.com\/en\/#website"},"primaryImageOfPage":{"@id":"https:\/\/www.luigi-bevilacqua.com\/en\/shine-strie-lame-lance-craquele-fabrics\/#primaryimage"},"image":{"@id":"https:\/\/www.luigi-bevilacqua.com\/en\/shine-strie-lame-lance-craquele-fabrics\/#primaryimage"},"thumbnailUrl":"https:\/\/www.luigi-bevilacqua.com\/wp-content\/uploads\/2022\/05\/giardino-craquele\u2560C-damasco-PARTICOLARE-web.jpg","datePublished":"2024-02-15T13:00:50+00:00","dateModified":"2024-02-19T13:57:30+00:00","description":"Discover the characteristics of our Venetian fabrics made with special techniques: shin\u00e9, stri\u00e9, lam\u00e9, lanc\u00e9 and craquel\u00e9.","breadcrumb":{"@id":"https:\/\/www.luigi-bevilacqua.com\/en\/shine-strie-lame-lance-craquele-fabrics\/#breadcrumb"},"inLanguage":"en-US","potentialAction":[{"@type":"ReadAction","target":["https:\/\/www.luigi-bevilacqua.com\/en\/shine-strie-lame-lance-craquele-fabrics\/"]}]},{"@type":"ImageObject","inLanguage":"en-US","@id":"https:\/\/www.luigi-bevilacqua.com\/en\/shine-strie-lame-lance-craquele-fabrics\/#primaryimage","url":"https:\/\/www.luigi-bevilacqua.com\/wp-content\/uploads\/2022\/05\/giardino-craquele\u2560C-damasco-PARTICOLARE-web.jpg","contentUrl":"https:\/\/www.luigi-bevilacqua.com\/wp-content\/uploads\/2022\/05\/giardino-craquele\u2560C-damasco-PARTICOLARE-web.jpg","width":1080,"height":720},{"@type":"BreadcrumbList","@id":"https:\/\/www.luigi-bevilacqua.com\/en\/shine-strie-lame-lance-craquele-fabrics\/#breadcrumb","itemListElement":[{"@type":"ListItem","position":1,"name":"Home","item":"https:\/\/www.luigi-bevilacqua.com\/en\/home\/"},{"@type":"ListItem","position":2,"name":"Decoding Fabrics: Shin\u00e9, Stri\u00e9, Lam\u00e9, Lanc\u00e9, and Craquel\u00e9"}]},{"@type":"WebSite","@id":"https:\/\/www.luigi-bevilacqua.com\/en\/#website","url":"https:\/\/www.luigi-bevilacqua.com\/en\/","name":"Tessitura Luigi Bevilaqua","description":"Tessitura Bevilaqua","publisher":{"@id":"https:\/\/www.luigi-bevilacqua.com\/en\/#organization"},"potentialAction":[{"@type":"SearchAction","target":{"@type":"EntryPoint","urlTemplate":"https:\/\/www.luigi-bevilacqua.com\/en\/?s={search_term_string}"},"query-input":{"@type":"PropertyValueSpecification","valueRequired":true,"valueName":"search_term_string"}}],"inLanguage":"en-US"},{"@type":"Organization","@id":"https:\/\/www.luigi-bevilacqua.com\/en\/#organization","name":"Tessitura Luigi Bevilacqua","url":"https:\/\/www.luigi-bevilacqua.com\/en\/","logo":{"@type":"ImageObject","inLanguage":"en-US","@id":"https:\/\/www.luigi-bevilacqua.com\/en\/#\/schema\/logo\/image\/","url":"https:\/\/www.luigi-bevilacqua.com\/wp-content\/uploads\/2017\/04\/logo-bevilacqua-home.png","contentUrl":"https:\/\/www.luigi-bevilacqua.com\/wp-content\/uploads\/2017\/04\/logo-bevilacqua-home.png","width":272,"height":156,"caption":"Tessitura Luigi Bevilacqua"},"image":{"@id":"https:\/\/www.luigi-bevilacqua.com\/en\/#\/schema\/logo\/image\/"},"sameAs":["https:\/\/www.facebook.com\/TessituraLuigiBevilacqua","https:\/\/x.com\/tessiturebevilc","https:\/\/www.instagram.com\/tessiturebevilacqua\/","https:\/\/www.linkedin.com\/company\/bevilacqua\/","https:\/\/it.pinterest.com\/luigibevilacqua\/","https:\/\/www.youtube.com\/channel\/UCvKX4HKDdjyoJIztAzEekkQ"]},{"@type":"Person","@id":"https:\/\/www.luigi-bevilacqua.com\/en\/#\/schema\/person\/6a99297ba99b9f66e527716bdae7c2df","name":"Laura Fuser","sameAs":["https:\/\/strategika.es\/"]}]}},"_links":{"self":[{"href":"https:\/\/www.luigi-bevilacqua.com\/en\/wp-json\/wp\/v2\/posts\/59784","targetHints":{"allow":["GET"]}}],"collection":[{"href":"https:\/\/www.luigi-bevilacqua.com\/en\/wp-json\/wp\/v2\/posts"}],"about":[{"href":"https:\/\/www.luigi-bevilacqua.com\/en\/wp-json\/wp\/v2\/types\/post"}],"author":[{"embeddable":true,"href":"https:\/\/www.luigi-bevilacqua.com\/en\/wp-json\/wp\/v2\/users\/10"}],"replies":[{"embeddable":true,"href":"https:\/\/www.luigi-bevilacqua.com\/en\/wp-json\/wp\/v2\/comments?post=59784"}],"version-history":[{"count":0,"href":"https:\/\/www.luigi-bevilacqua.com\/en\/wp-json\/wp\/v2\/posts\/59784\/revisions"}],"wp:featuredmedia":[{"embeddable":true,"href":"https:\/\/www.luigi-bevilacqua.com\/en\/wp-json\/wp\/v2\/media\/45747"}],"wp:attachment":[{"href":"https:\/\/www.luigi-bevilacqua.com\/en\/wp-json\/wp\/v2\/media?parent=59784"}],"wp:term":[{"taxonomy":"category","embeddable":true,"href":"https:\/\/www.luigi-bevilacqua.com\/en\/wp-json\/wp\/v2\/categories?post=59784"},{"taxonomy":"post_tag","embeddable":true,"href":"https:\/\/www.luigi-bevilacqua.com\/en\/wp-json\/wp\/v2\/tags?post=59784"}],"curies":[{"name":"wp","href":"https:\/\/api.w.org\/{rel}","templated":true}]}}