{"id":57097,"date":"2023-08-17T09:00:44","date_gmt":"2023-08-17T07:00:44","guid":{"rendered":"http:\/\/www.luigi-bevilacqua.com\/?p=57097"},"modified":"2023-08-17T10:36:28","modified_gmt":"2023-08-17T08:36:28","slug":"canfin-lamps-damask","status":"publish","type":"post","link":"https:\/\/www.luigi-bevilacqua.com\/en\/canfin-lamps-damask\/","title":{"rendered":"Canfin Lamps: Designer Lighting With Bevilacqua Damask"},"content":{"rendered":"<p>[et_pb_section fb_built=&#8221;1&#8243; _builder_version=&#8221;4.16&#8243; global_colors_info=&#8221;{}&#8221;][et_pb_row _builder_version=&#8221;4.16&#8243; background_size=&#8221;initial&#8221; background_position=&#8221;top_left&#8221; background_repeat=&#8221;repeat&#8221; global_colors_info=&#8221;{}&#8221;][et_pb_column type=&#8221;4_4&#8243; _builder_version=&#8221;4.16&#8243; custom_padding=&#8221;|||&#8221; global_colors_info=&#8221;{}&#8221; custom_padding__hover=&#8221;|||&#8221;][et_pb_text admin_label=&#8221;par 1-2&#8243; _builder_version=&#8221;4.21.0&#8243; global_colors_info=&#8221;{}&#8221;]<\/p>\n<p>The city of Venice has always been renowned for its craftsmanship, particularly in the fields of wood, glass, and fabric. And it was among these skilled hands that architect Diana Zabarella found inspiration to create a unique product: the Canfin lamp. The result of a collaboration with our Tessitura and produced by Sel\u00e8ne Illuminazione, this lamp revolutionizes the concept of lighting by combining tradition and sustainability.<\/p>\n<h2>The Creator of Canfin Lamps: Architect Diana Zabarella<\/h2>\n<p><a href=\"https:\/\/www.dianazabarella.com\/\">Diana Zabarella<\/a> is a talented architect who lives and works in Venice, a city that has helped shape her sensibility for traditional craftsmanship. Through her work, she ranges from architectural design to restoration, from interior design to product design, always keeping a keen eye on the lagoon city and the techniques for working with glass, fabric, and wood. These traditions, reinterpreted with a modern twist, have been the lifeblood for bringing Canfin lamps to life.<\/p>\n<p>[\/et_pb_text][et_pb_image src=&#8221;http:\/\/www.luigi-bevilacqua.com\/wp-content\/uploads\/2023\/07\/lampada-Canfin-ovale.jpg&#8221; title_text=&#8221;Lampada Canfin ovale &#8211; Damasco Giardino azzurro Bevilacqua&#8221; show_in_lightbox=&#8221;on&#8221; _builder_version=&#8221;4.21.0&#8243; _module_preset=&#8221;default&#8221; max_width=&#8221;500px&#8221; module_alignment=&#8221;center&#8221; global_colors_info=&#8221;{}&#8221;][\/et_pb_image][et_pb_text admin_label=&#8221;par 1-2&#8243; _builder_version=&#8221;4.21.0&#8243; global_colors_info=&#8221;{}&#8221;]<\/p>\n<h2>Canfin Lamps&#8217; Play of Lightness and Modernity<\/h2>\n<p>The Canfin lamp is an extraordinary result of Diana Zabarella&#8217;s creativity, enhanced by the choice of precious Luigi Bevilacqua silk fabrics and the manufacturing expertise of <a href=\"https:\/\/www.seleneilluminazione.it\/en\/index.php\">Sel\u00e8ne Illuminazione<\/a>. The name &#8220;Canfin&#8221; is a tribute to the typical Venetian oil lamp used both at home and on boats and outdoors. This refined lamp is handcrafted, so each one is a unique piece that becomes an enchanting decorative element, whether on or off. It can also be customized, choosing from different types of wood and different colors and patterns for the silk fabrics.<\/p>\n<p>With a modern and functional appearance, it features simple and rounded shapes that enhance the nature of the material used for the base, wood, and the lightness of the silk damask of the lampshade. LED bulbs, rechargeable via USB socket, lend functionality and sustainability.<\/p>\n<p>What makes the Canfin lamp a work of art is the choice of some of the most sumptuous damasks in our collection: the <a href=\"https:\/\/www.luigi-bevilacqua.com\/en\/prodotto\/giardino-33077-craquele-damask\/\">Giardino Craquel\u00e9 damask<\/a>, the <a href=\"https:\/\/www.luigi-bevilacqua.com\/en\/prodotto\/grottesche-31035-craquele-damask\/\">Grottesche Craquel\u00e9 damask<\/a>, the <a href=\"https:\/\/www.luigi-bevilacqua.com\/en\/prodotto\/31089-r-craquele-damask\/\">Craquel\u00e9 damask<\/a>, and the Laguna damask. These fine fabrics give the lamp a timeless beauty, thus combining the charm of the past with the technology of the present.<\/p>\n<p>[\/et_pb_text][\/et_pb_column][\/et_pb_row][et_pb_row column_structure=&#8221;1_3,1_3,1_3&#8243; _builder_version=&#8221;4.16&#8243; background_size=&#8221;initial&#8221; background_position=&#8221;top_left&#8221; background_repeat=&#8221;repeat&#8221; global_colors_info=&#8221;{}&#8221;][et_pb_column type=&#8221;1_3&#8243; _builder_version=&#8221;4.16&#8243; custom_padding=&#8221;|||&#8221; global_colors_info=&#8221;{}&#8221; custom_padding__hover=&#8221;|||&#8221;][et_pb_image src=&#8221;http:\/\/www.luigi-bevilacqua.com\/wp-content\/uploads\/2022\/05\/Damasco-Giardino-_33077_-Craquele\u0301-verde-oro-092-33077.jpg&#8221; alt=&#8221;Velluto Soprarizzo Walls | Tessitura Bevilacqua&#8221; title_text=&#8221;Damasco Giardino _33077_ Craquele\u0301 verde oro 092-33077&#8243; show_in_lightbox=&#8221;on&#8221; align=&#8221;center&#8221; admin_label=&#8221;foto broc fontane verde&#8221; _builder_version=&#8221;4.21.0&#8243; max_height=&#8221;300px&#8221; global_colors_info=&#8221;{}&#8221;][\/et_pb_image][et_pb_text admin_label=&#8221;Didascalia Broccatello Fontane &#8221; _builder_version=&#8221;4.21.0&#8243; text_font=&#8221;||on||&#8221; text_font_size=&#8221;12&#8243; background_color=&#8221;rgba(218,221,221,0.52)&#8221; text_orientation=&#8221;center&#8221; module_alignment=&#8221;center&#8221; saved_tabs=&#8221;all&#8221; global_colors_info=&#8221;{}&#8221;]<\/p>\n<p>Giardino Craquel\u00e9 Damask<\/p>\n<p>[\/et_pb_text][\/et_pb_column][et_pb_column type=&#8221;1_3&#8243; _builder_version=&#8221;4.16&#8243; custom_padding=&#8221;|||&#8221; global_colors_info=&#8221;{}&#8221; custom_padding__hover=&#8221;|||&#8221;][et_pb_image src=&#8221;http:\/\/www.luigi-bevilacqua.com\/wp-content\/uploads\/2022\/05\/Damasco-Grottesche-31035-Craquele\u0301-perla-oro-358-31035.jpg&#8221; alt=&#8221;Velluto Soprarizzo Walls | Tessitura Bevilacqua&#8221; title_text=&#8221;Damasco Grottesche 31035 Craquele\u0301 perla oro 358-31035&#8243; show_in_lightbox=&#8221;on&#8221; align=&#8221;center&#8221; admin_label=&#8221;foto broc fontane perla&#8221; _builder_version=&#8221;4.21.0&#8243; max_height=&#8221;300px&#8221; global_colors_info=&#8221;{}&#8221;][\/et_pb_image][et_pb_text admin_label=&#8221;Didascalia Broccatello Fontane &#8221; _builder_version=&#8221;4.21.0&#8243; text_font=&#8221;||on||&#8221; text_font_size=&#8221;12&#8243; background_color=&#8221;rgba(218,221,221,0.52)&#8221; text_orientation=&#8221;center&#8221; module_alignment=&#8221;center&#8221; saved_tabs=&#8221;all&#8221; global_colors_info=&#8221;{}&#8221;]<\/p>\n<p>Grottesche Damask<\/p>\n<p>[\/et_pb_text][\/et_pb_column][et_pb_column type=&#8221;1_3&#8243; _builder_version=&#8221;4.16&#8243; custom_padding=&#8221;|||&#8221; global_colors_info=&#8221;{}&#8221; custom_padding__hover=&#8221;|||&#8221;][et_pb_image src=&#8221;http:\/\/www.luigi-bevilacqua.com\/wp-content\/uploads\/2022\/05\/Damasco-_31089R_-Craquele\u0301-azzurro-oro-143-31089R.jpg&#8221; alt=&#8221;Velluto Soprarizzo Walls | Tessitura Bevilacqua&#8221; title_text=&#8221;Damasco _31089R_ Craquele\u0301 azzurro oro 143-31089R&#8221; show_in_lightbox=&#8221;on&#8221; align=&#8221;center&#8221; admin_label=&#8221;foto broc fontane corallo&#8221; _builder_version=&#8221;4.21.0&#8243; max_height=&#8221;300px&#8221; global_colors_info=&#8221;{}&#8221;][\/et_pb_image][et_pb_text admin_label=&#8221;Didascalia Broccatello Fontane &#8221; _builder_version=&#8221;4.21.0&#8243; text_font=&#8221;||on||&#8221; text_font_size=&#8221;12&#8243; background_color=&#8221;rgba(218,221,221,0.52)&#8221; text_orientation=&#8221;center&#8221; module_alignment=&#8221;center&#8221; saved_tabs=&#8221;all&#8221; global_colors_info=&#8221;{}&#8221;]<\/p>\n<p>Craquel\u00e9 Damask<\/p>\n<p>[\/et_pb_text][\/et_pb_column][\/et_pb_row][et_pb_row _builder_version=&#8221;4.16&#8243; background_size=&#8221;initial&#8221; background_position=&#8221;top_left&#8221; background_repeat=&#8221;repeat&#8221; global_colors_info=&#8221;{}&#8221;][et_pb_column type=&#8221;4_4&#8243; _builder_version=&#8221;4.16&#8243; custom_padding=&#8221;|||&#8221; global_colors_info=&#8221;{}&#8221; custom_padding__hover=&#8221;|||&#8221;][et_pb_image src=&#8221;http:\/\/www.luigi-bevilacqua.com\/wp-content\/uploads\/2023\/07\/lampade-Canfin-cilindro.jpg&#8221; title_text=&#8221;Lampade Canfin con damaschi Bevilacqua&#8221; show_in_lightbox=&#8221;on&#8221; _builder_version=&#8221;4.21.0&#8243; _module_preset=&#8221;default&#8221; max_width=&#8221;400px&#8221; module_alignment=&#8221;center&#8221; global_colors_info=&#8221;{}&#8221;][\/et_pb_image][\/et_pb_column][\/et_pb_row][et_pb_row _builder_version=&#8221;4.16&#8243; background_size=&#8221;initial&#8221; background_position=&#8221;top_left&#8221; background_repeat=&#8221;repeat&#8221; global_colors_info=&#8221;{}&#8221;][et_pb_column type=&#8221;4_4&#8243; _builder_version=&#8221;4.16&#8243; custom_padding=&#8221;|||&#8221; global_colors_info=&#8221;{}&#8221; custom_padding__hover=&#8221;|||&#8221;][et_pb_text admin_label=&#8221;vel rinascimento&#8221; _builder_version=&#8221;4.21.0&#8243; global_colors_info=&#8221;{}&#8221;]<\/p>\n<h2>Trivia About the Origin of The Name &#8220;Canfin&#8221;<\/h2>\n<p>The Canfin lamp draws inspiration from the typical Venetian oil lamp known as &#8220;Canfin.&#8221; This iron and glass lamp, fueled by oil, emitted a bright, animated light that was star-like in the distance in the dark. Once widely used before the spread of electricity, particularly in fishermen&#8217;s boats or in stables during spinning, it still survives today as an ornamental object.<\/p>\n<p>On the origin of the name &#8220;Canfin,&#8221; there are several hypotheses. Some believe it comes from the union of the English terms &#8220;can&#8221; (container) and &#8220;fine&#8221; (refined), meaning refined oil can. Another hypothesis suggests that it comes from &#8220;camphene,&#8221; a substance used to power lamps around the mid-nineteenth century that was soon replaced because of the risk of explosion.<\/p>\n<p>[\/et_pb_text][\/et_pb_column][\/et_pb_row][et_pb_row column_structure=&#8221;1_2,1_2&#8243; _builder_version=&#8221;4.17.4&#8243; _module_preset=&#8221;default&#8221; global_colors_info=&#8221;{}&#8221;][et_pb_column type=&#8221;1_2&#8243; _builder_version=&#8221;4.17.4&#8243; _module_preset=&#8221;default&#8221; global_colors_info=&#8221;{}&#8221;][et_pb_image src=&#8221;http:\/\/www.luigi-bevilacqua.com\/wp-content\/uploads\/2023\/07\/lampade-Canfin-buio-campo.jpg&#8221; title_text=&#8221;Lampade Canfin Venezia&#8221; show_in_lightbox=&#8221;on&#8221; _builder_version=&#8221;4.21.0&#8243; _module_preset=&#8221;default&#8221; max_width=&#8221;400px&#8221; module_alignment=&#8221;center&#8221; global_colors_info=&#8221;{}&#8221;][\/et_pb_image][\/et_pb_column][et_pb_column type=&#8221;1_2&#8243; _builder_version=&#8221;4.17.4&#8243; _module_preset=&#8221;default&#8221; global_colors_info=&#8221;{}&#8221;][et_pb_image src=&#8221;http:\/\/www.luigi-bevilacqua.com\/wp-content\/uploads\/2023\/07\/lampada-canfin-buio-ponte.jpg&#8221; title_text=&#8221;Lampade Canfin Venezia&#8221; show_in_lightbox=&#8221;on&#8221; _builder_version=&#8221;4.21.0&#8243; _module_preset=&#8221;default&#8221; max_width=&#8221;400px&#8221; module_alignment=&#8221;center&#8221; global_colors_info=&#8221;{}&#8221;][\/et_pb_image][\/et_pb_column][\/et_pb_row][et_pb_row _builder_version=&#8221;4.16&#8243; background_size=&#8221;initial&#8221; background_position=&#8221;top_left&#8221; background_repeat=&#8221;repeat&#8221; locked=&#8221;off&#8221; global_colors_info=&#8221;{}&#8221;][et_pb_column type=&#8221;4_4&#8243; _builder_version=&#8221;4.16&#8243; custom_padding=&#8221;|||&#8221; global_colors_info=&#8221;{}&#8221; custom_padding__hover=&#8221;|||&#8221;][et_pb_text admin_label=&#8221;vel fiere&#8221; _builder_version=&#8221;4.21.0&#8243; global_colors_info=&#8221;{}&#8221;]<\/p>\n<h2>The Venetian Smart Lighting Award 2023<\/h2>\n<p>The Canfin lamp allowed Sel\u00e8ne Illuminazione to rank among the finalists of the prestigious design award &#8220;<a href=\"https:\/\/www.venetiansmartlightingaward.it\/\">Venetian Smart Lighting Award 2023<\/a>&#8221; in the category &#8220;Special prize: CULTURE LIGHTS &#8211; Lighting products and solutions for the cultural&#8221;. This award aims to recognize and enhance the quality of the best lighting products and solutions made by the companies of the Network of Companies &#8220;Light in Veneto&#8221; and the Region.<\/p>\n<p>The design of the Canfin lamp stood out for its ability to reinterpret the Venetian lampshade in a modern way, with high-quality materials and craftsmanship. The lamp is not just a design object, but an authentic work of art made entirely by hand, making each piece one of a kind.<\/p>\n<p>This award recognizes some of the unique features of the Canfin lamp, which embodies the fusion of the charm of Venetian tradition and the innovation of modern technology, becoming an icon of elegance, sustainability, and timeless beauty.<\/p>\n<p>[\/et_pb_text][\/et_pb_column][\/et_pb_row][et_pb_row _builder_version=&#8221;4.16&#8243; background_size=&#8221;initial&#8221; background_position=&#8221;top_left&#8221; background_repeat=&#8221;repeat&#8221; global_colors_info=&#8221;{}&#8221;][et_pb_column type=&#8221;4_4&#8243; _builder_version=&#8221;4.16&#8243; custom_padding=&#8221;|||&#8221; global_colors_info=&#8221;{}&#8221; custom_padding__hover=&#8221;|||&#8221;][et_pb_image src=&#8221;http:\/\/www.luigi-bevilacqua.com\/wp-content\/uploads\/2010\/07\/LAMPADE-CANFIN-Venezia.jpg&#8221; alt=&#8221;Lampade Canfin&#8221; title_text=&#8221;LAMPADE CANFIN Venezia&#8221; show_in_lightbox=&#8221;on&#8221; _builder_version=&#8221;4.21.0&#8243; _module_preset=&#8221;default&#8221; max_width=&#8221;600px&#8221; module_alignment=&#8221;center&#8221; global_colors_info=&#8221;{}&#8221;][\/et_pb_image][\/et_pb_column][\/et_pb_row][\/et_pb_section]<\/p>\n<span class=\"et_bloom_bottom_trigger\"><\/span>","protected":false},"excerpt":{"rendered":"<p>Discover Canfin lamps, exquisite design objects featuring Bevilacqua silk damasks, blending modernity, sustainability, and beauty.<\/p>\n","protected":false},"author":10,"featured_media":57919,"comment_status":"open","ping_status":"closed","sticky":false,"template":"","format":"standard","meta":{"_et_pb_use_builder":"on","_et_pb_old_content":"<p>[et_pb_section fb_built=\"1\" _builder_version=\"4.16\" global_colors_info=\"{}\"][et_pb_row _builder_version=\"4.16\" background_size=\"initial\" background_position=\"top_left\" background_repeat=\"repeat\" global_colors_info=\"{}\"][et_pb_column type=\"4_4\" _builder_version=\"4.16\" custom_padding=\"|||\" global_colors_info=\"{}\" custom_padding__hover=\"|||\"][et_pb_text admin_label=\"par 1-2\" _builder_version=\"4.21.0\" global_colors_info=\"{}\"]<\/p><p>La citt\u00e0 di Venezia \u00e8 da sempre rinomata per le sue maestranze artigianali, particolarmente nel campo del legno, del vetro e del tessuto. E proprio tra queste abili mani, l'architetto Diana Zabarella ha trovato l'ispirazione per creare un prodotto unico nel suo genere: la lampada Canfin. Frutto di una collaborazione con la nostra Tessitura e prodotta da Sel\u00e8ne Illuminazione, questa lampada rivoluziona il concetto di illuminazione combinando tradizione e sostenibilit\u00e0.<\/p><h2>L\u2019ideatrice delle lampade Canfin: l'architetto Diana Zabarella<\/h2><p><a href=\"https:\/\/www.dianazabarella.com\/\">Diana Zabarella<\/a> \u00e8 un talentuoso architetto che vive e lavora a Venezia, una citt\u00e0 che ha contribuito a plasmare la sua sensibilit\u00e0 per le lavorazioni artigianali di antica tradizione. Attraverso il suo lavoro, spazia dalla progettazione architettonica al restauro, dal design degli interni al product design, sempre mantenendo uno sguardo attento alla citt\u00e0 lagunare e alle tecniche per la lavorazione del vetro, del tessuto e del legno. Queste tradizioni, reinterpretate con un tocco di modernit\u00e0, sono state la linfa vitale per dar vita alle lampade Canfin.<\/p><p>[\/et_pb_text][et_pb_image src=\"http:\/\/www.luigi-bevilacqua.com\/wp-content\/uploads\/2023\/07\/lampada-Canfin-ovale.jpg\" title_text=\"Lampada Canfin ovale - Damasco Giardino azzurro Bevilacqua\" show_in_lightbox=\"on\" _builder_version=\"4.21.0\" _module_preset=\"default\" max_width=\"500px\" module_alignment=\"center\" global_colors_info=\"{}\"][\/et_pb_image][et_pb_text admin_label=\"par 1-2\" _builder_version=\"4.21.0\" global_colors_info=\"{}\"]<\/p><h2>Leggerezza e modernit\u00e0 nelle lampade Canfin<\/h2><p>La lampada Canfin \u00e8 un risultato straordinario della creativit\u00e0 di Diana Zabarella, valorizzato dalla scelta di preziosi tessuti di seta Luigi Bevilacqua e con la competenza produttiva di <a href=\"https:\/\/www.seleneilluminazione.it\/\">Sel\u00e8ne Illuminazione<\/a>. Il nome \"Canfin\" \u00e8 un omaggio alla tipica lampada a petrolio veneziana utilizzata sia in casa che sulle barche e all'esterno. Questa raffinata lampada \u00e8 realizzata artigianalmente, quindi ciascuna \u00e8 un pezzo unico che diventa un incantevole elemento decorativo, sia accesa che spenta. Inoltre pu\u00f2 essere personalizzata, scegliendo tra diverse tipologie di legno e diversi colori e disegni per i tessuti di seta.<\/p><p>Dall\u2019aspetto moderno e funzionale, \u00e8 caratterizzata da forme semplici e arrotondate che esaltano la natura del materiale utilizzato per la base, il legno, e la leggerezza del damasco di seta del paralume. Le lampadine a led, ricaricabili tramite presa USB, conferiscono funzionalit\u00e0 e sostenibilit\u00e0.<\/p><p>Ci\u00f2 che rende la lampada Canfin un'opera d'arte \u00e8 la scelta di alcuni dei damaschi pi\u00f9 sontuosi della nostra collezione: il <a href=\"http:\/\/www.luigi-bevilacqua.com\/project\/giardino-craquele\/\">damasco Giardino Craquel\u00e9<\/a>, il <a href=\"http:\/\/www.luigi-bevilacqua.com\/prodotto\/grottesche-31035-craquele-damasco\/\">damasco Grottesche Craquel\u00e9<\/a>, il <a href=\"http:\/\/www.luigi-bevilacqua.com\/project\/damasco-r-craquele\/\">damasco Craquel\u00e9<\/a> e il damasco Laguna. Questi tessuti pregiati conferiscono alla lampada una bellezza senza tempo, unendo cos\u00ec il fascino del passato con la tecnologia del presente.<\/p><p>[\/et_pb_text][\/et_pb_column][\/et_pb_row][et_pb_row column_structure=\"1_3,1_3,1_3\" _builder_version=\"4.16\" background_size=\"initial\" background_position=\"top_left\" background_repeat=\"repeat\" global_colors_info=\"{}\"][et_pb_column type=\"1_3\" _builder_version=\"4.16\" custom_padding=\"|||\" global_colors_info=\"{}\" custom_padding__hover=\"|||\"][et_pb_image src=\"http:\/\/www.luigi-bevilacqua.com\/wp-content\/uploads\/2022\/05\/Damasco-Giardino-_33077_-Craquele\u0301-verde-oro-092-33077.jpg\" alt=\"Velluto Soprarizzo Walls | Tessitura Bevilacqua\" title_text=\"Damasco Giardino _33077_ Craquele\u0301 verde oro 092-33077\" show_in_lightbox=\"on\" align=\"center\" admin_label=\"foto broc fontane verde\" _builder_version=\"4.21.0\" max_height=\"300px\" global_colors_info=\"{}\"][\/et_pb_image][et_pb_text admin_label=\"Didascalia Broccatello Fontane \" _builder_version=\"4.21.0\" text_font=\"||on||\" text_font_size=\"12\" background_color=\"rgba(218,221,221,0.52)\" text_orientation=\"center\" module_alignment=\"center\" saved_tabs=\"all\" global_colors_info=\"{}\"]<\/p><p>Damasco Giardino Craquel\u00e9<\/p><p>[\/et_pb_text][\/et_pb_column][et_pb_column type=\"1_3\" _builder_version=\"4.16\" custom_padding=\"|||\" global_colors_info=\"{}\" custom_padding__hover=\"|||\"][et_pb_image src=\"http:\/\/www.luigi-bevilacqua.com\/wp-content\/uploads\/2022\/05\/Damasco-Grottesche-31035-Craquele\u0301-perla-oro-358-31035.jpg\" alt=\"Velluto Soprarizzo Walls | Tessitura Bevilacqua\" title_text=\"Damasco Grottesche 31035 Craquele\u0301 perla oro 358-31035\" show_in_lightbox=\"on\" align=\"center\" admin_label=\"foto broc fontane perla\" _builder_version=\"4.21.0\" max_height=\"300px\" global_colors_info=\"{}\"][\/et_pb_image][et_pb_text admin_label=\"Didascalia Broccatello Fontane \" _builder_version=\"4.21.0\" text_font=\"||on||\" text_font_size=\"12\" background_color=\"rgba(218,221,221,0.52)\" text_orientation=\"center\" module_alignment=\"center\" saved_tabs=\"all\" global_colors_info=\"{}\"]<\/p><p>Damasco Grottesche<\/p><p>[\/et_pb_text][\/et_pb_column][et_pb_column type=\"1_3\" _builder_version=\"4.16\" custom_padding=\"|||\" global_colors_info=\"{}\" custom_padding__hover=\"|||\"][et_pb_image src=\"http:\/\/www.luigi-bevilacqua.com\/wp-content\/uploads\/2022\/05\/Damasco-_31089R_-Craquele\u0301-azzurro-oro-143-31089R.jpg\" alt=\"Velluto Soprarizzo Walls | Tessitura Bevilacqua\" title_text=\"Damasco _31089R_ Craquele\u0301 azzurro oro 143-31089R\" show_in_lightbox=\"on\" align=\"center\" admin_label=\"foto broc fontane corallo\" _builder_version=\"4.21.0\" max_height=\"300px\" global_colors_info=\"{}\"][\/et_pb_image][et_pb_text admin_label=\"Didascalia Broccatello Fontane \" _builder_version=\"4.21.0\" text_font=\"||on||\" text_font_size=\"12\" background_color=\"rgba(218,221,221,0.52)\" text_orientation=\"center\" module_alignment=\"center\" saved_tabs=\"all\" global_colors_info=\"{}\"]<\/p><p>Damasco Craquel\u00e9<\/p><p>[\/et_pb_text][\/et_pb_column][\/et_pb_row][et_pb_row _builder_version=\"4.16\" background_size=\"initial\" background_position=\"top_left\" background_repeat=\"repeat\" global_colors_info=\"{}\"][et_pb_column type=\"4_4\" _builder_version=\"4.16\" custom_padding=\"|||\" global_colors_info=\"{}\" custom_padding__hover=\"|||\"][et_pb_image src=\"http:\/\/www.luigi-bevilacqua.com\/wp-content\/uploads\/2023\/07\/lampade-Canfin-cilindro.jpg\" title_text=\"Lampade Canfin con damaschi Bevilacqua\" _builder_version=\"4.21.0\" _module_preset=\"default\" max_width=\"400px\" module_alignment=\"center\" global_colors_info=\"{}\"][\/et_pb_image][\/et_pb_column][\/et_pb_row][et_pb_row _builder_version=\"4.16\" background_size=\"initial\" background_position=\"top_left\" background_repeat=\"repeat\" global_colors_info=\"{}\"][et_pb_column type=\"4_4\" _builder_version=\"4.16\" custom_padding=\"|||\" global_colors_info=\"{}\" custom_padding__hover=\"|||\"][et_pb_text admin_label=\"vel rinascimento\" _builder_version=\"4.21.0\" global_colors_info=\"{}\"]<\/p><h2>Curiosit\u00e0 sull\u2019origine del nome \"Canfin\"<\/h2><p>La lampada Canfin trae ispirazione dalla tipica lampada a olio veneziana conosciuta come \"Canfin\". Questa lampada in ferro e vetro, alimentata a petrolio, emetteva una luce chiara ed animata che, nella lontananza al buio era simile a una stella. Un tempo ampiamente utilizzata prima della diffusione della corrente elettrica, in particolare nelle barche dei pescatori o nelle stalle durante il fil\u00f2, sopravvive ancora oggi come oggetto ornamentale.<\/p><p>Sull'origine del nome \"Canfin\" ci sono diverse ipotesi. Alcuni ritengono che derivi dall'unione dei termini inglesi \"can\" (contenitore) e \"fine\" (raffinato), con il significato di latta di petrolio raffinata. Un'altra ipotesi suggerisce che derivi da \"canfene\", una sostanza utilizzata per alimentare le lampade intorno alla met\u00e0 dell'ottocento, presto sostituita a causa del rischio di esplosione.<\/p><p>[\/et_pb_text][\/et_pb_column][\/et_pb_row][et_pb_row column_structure=\"1_2,1_2\" _builder_version=\"4.17.4\" _module_preset=\"default\" global_colors_info=\"{}\"][et_pb_column type=\"1_2\" _builder_version=\"4.17.4\" _module_preset=\"default\" global_colors_info=\"{}\"][et_pb_image src=\"http:\/\/www.luigi-bevilacqua.com\/wp-content\/uploads\/2023\/07\/lampade-Canfin-buio-campo.jpg\" title_text=\"Lampade Canfin Venezia\" show_in_lightbox=\"on\" _builder_version=\"4.21.0\" _module_preset=\"default\" max_width=\"400px\" module_alignment=\"center\" global_colors_info=\"{}\"][\/et_pb_image][\/et_pb_column][et_pb_column type=\"1_2\" _builder_version=\"4.17.4\" _module_preset=\"default\" global_colors_info=\"{}\"][et_pb_image src=\"http:\/\/www.luigi-bevilacqua.com\/wp-content\/uploads\/2023\/07\/lampada-canfin-buio-ponte.jpg\" title_text=\"Lampade Canfin Venezia\" show_in_lightbox=\"on\" _builder_version=\"4.21.0\" _module_preset=\"default\" max_width=\"400px\" module_alignment=\"center\" global_colors_info=\"{}\"][\/et_pb_image][\/et_pb_column][\/et_pb_row][et_pb_row _builder_version=\"4.16\" background_size=\"initial\" background_position=\"top_left\" background_repeat=\"repeat\" locked=\"off\" global_colors_info=\"{}\"][et_pb_column type=\"4_4\" _builder_version=\"4.16\" custom_padding=\"|||\" global_colors_info=\"{}\" custom_padding__hover=\"|||\"][et_pb_text admin_label=\"vel fiere\" _builder_version=\"4.21.0\" global_colors_info=\"{}\"]<\/p><h2>Il premio Venetian Smart Lighting Award 2023<\/h2><p>La lampada Canfin ha consentito a Sel\u00e8ne Illuminazione di arrivare tra I finalisti del prestigioso premio di design <a href=\"https:\/\/www.venetiansmartlightingaward.it\/\">\"Venetian Smart Lighting Award 2023\"<\/a> nella categoria \"Special prize: CULTURE LIGHTS \u2013 Lighting products and solutions for the cultural\". Questo premio mira a riconoscere e valorizzare la qualit\u00e0 dei migliori prodotti e soluzioni di illuminazione realizzati dalle aziende della Rete di Imprese Luce in Veneto e della Regione.<\/p><p>Il design della lampada Canfin si \u00e8 distinto per la sua capacit\u00e0 di reinterpretare il paralume veneziano in chiave moderna, con materiali di alta qualit\u00e0 e lavorazioni artigianali. La lampada non \u00e8 solo un oggetto di design, ma un'autentica opera d'arte realizzata interamente a mano, rendendo ciascun pezzo unico nel suo genere.<\/p><p>Questo premio riconosce alcune delle caratteristiche uniche della lampada Canfin, che incarna la fusione tra il fascino della tradizione veneziana e l'innovazione della tecnologia moderna, diventando un'icona di eleganza, sostenibilit\u00e0 e bellezza senza tempo.<\/p><p>[\/et_pb_text][\/et_pb_column][\/et_pb_row][et_pb_row _builder_version=\"4.16\" background_size=\"initial\" background_position=\"top_left\" background_repeat=\"repeat\" global_colors_info=\"{}\"][et_pb_column type=\"4_4\" _builder_version=\"4.16\" custom_padding=\"|||\" global_colors_info=\"{}\" custom_padding__hover=\"|||\"][et_pb_image src=\"http:\/\/www.luigi-bevilacqua.com\/wp-content\/uploads\/2023\/04\/Lampade-Canfin-02.jpg\" alt=\"Lampade Canfin\" title_text=\"Lampade Canfin - architetto Diana Zabarella\" _builder_version=\"4.21.0\" _module_preset=\"default\" max_width=\"400px\" module_alignment=\"center\" global_colors_info=\"{}\"][\/et_pb_image][\/et_pb_column][\/et_pb_row][\/et_pb_section]<\/p>","_et_gb_content_width":"","footnotes":""},"categories":[22,4],"tags":[],"class_list":["post-57097","post","type-post","status-publish","format-standard","has-post-thumbnail","hentry","category-collaborations","category-fabrics"],"yoast_head":"<!-- This site is optimized with the Yoast SEO plugin v27.4 - https:\/\/yoast.com\/product\/yoast-seo-wordpress\/ -->\n<title>Canfin Lamps: Designer Lighting with Bevilacqua Damask<\/title>\n<meta name=\"description\" content=\"Discover Canfin lamps, exquisite design objects featuring Bevilacqua silk damasks, blending modernity, sustainability, and beauty.\" \/>\n<meta name=\"robots\" content=\"index, follow, max-snippet:-1, max-image-preview:large, max-video-preview:-1\" \/>\n<link rel=\"canonical\" href=\"https:\/\/www.luigi-bevilacqua.com\/en\/canfin-lamps-damask\/\" \/>\n<meta property=\"og:locale\" content=\"en_US\" \/>\n<meta property=\"og:type\" content=\"article\" \/>\n<meta property=\"og:title\" content=\"Canfin Lamps: Designer Lighting with Bevilacqua Damask\" \/>\n<meta property=\"og:description\" content=\"Discover Canfin lamps, exquisite design objects featuring Bevilacqua silk damasks, blending modernity, sustainability, and beauty.\" \/>\n<meta property=\"og:url\" content=\"https:\/\/www.luigi-bevilacqua.com\/en\/canfin-lamps-damask\/\" \/>\n<meta property=\"og:site_name\" content=\"Tessitura Luigi Bevilaqua\" \/>\n<meta property=\"article:publisher\" content=\"https:\/\/www.facebook.com\/TessituraLuigiBevilacqua\" \/>\n<meta property=\"article:published_time\" content=\"2023-08-17T07:00:44+00:00\" \/>\n<meta property=\"article:modified_time\" content=\"2023-08-17T08:36:28+00:00\" \/>\n<meta property=\"og:image\" content=\"https:\/\/www.luigi-bevilacqua.com\/wp-content\/uploads\/2023\/08\/copertina-articolo-lampade-Canfin.jpg\" \/>\n\t<meta property=\"og:image:width\" content=\"1080\" \/>\n\t<meta property=\"og:image:height\" content=\"675\" \/>\n\t<meta property=\"og:image:type\" content=\"image\/jpeg\" \/>\n<meta name=\"author\" content=\"Laura Fuser\" \/>\n<script type=\"application\/ld+json\" class=\"yoast-schema-graph\">{\"@context\":\"https:\\\/\\\/schema.org\",\"@graph\":[{\"@type\":\"Article\",\"@id\":\"https:\\\/\\\/www.luigi-bevilacqua.com\\\/en\\\/canfin-lamps-damask\\\/#article\",\"isPartOf\":{\"@id\":\"https:\\\/\\\/www.luigi-bevilacqua.com\\\/en\\\/canfin-lamps-damask\\\/\"},\"author\":{\"name\":\"Laura Fuser\",\"@id\":\"https:\\\/\\\/www.luigi-bevilacqua.com\\\/en\\\/#\\\/schema\\\/person\\\/6a99297ba99b9f66e527716bdae7c2df\"},\"headline\":\"Canfin Lamps: Designer Lighting With Bevilacqua Damask\",\"datePublished\":\"2023-08-17T07:00:44+00:00\",\"dateModified\":\"2023-08-17T08:36:28+00:00\",\"mainEntityOfPage\":{\"@id\":\"https:\\\/\\\/www.luigi-bevilacqua.com\\\/en\\\/canfin-lamps-damask\\\/\"},\"wordCount\":1501,\"commentCount\":0,\"publisher\":{\"@id\":\"https:\\\/\\\/www.luigi-bevilacqua.com\\\/en\\\/#organization\"},\"image\":{\"@id\":\"https:\\\/\\\/www.luigi-bevilacqua.com\\\/en\\\/canfin-lamps-damask\\\/#primaryimage\"},\"thumbnailUrl\":\"https:\\\/\\\/www.luigi-bevilacqua.com\\\/wp-content\\\/uploads\\\/2023\\\/08\\\/copertina-articolo-lampade-Canfin.jpg\",\"articleSection\":[\"Collaborations\",\"Fabrics\"],\"inLanguage\":\"en-US\",\"potentialAction\":[{\"@type\":\"CommentAction\",\"name\":\"Comment\",\"target\":[\"https:\\\/\\\/www.luigi-bevilacqua.com\\\/en\\\/canfin-lamps-damask\\\/#respond\"]}]},{\"@type\":\"WebPage\",\"@id\":\"https:\\\/\\\/www.luigi-bevilacqua.com\\\/en\\\/canfin-lamps-damask\\\/\",\"url\":\"https:\\\/\\\/www.luigi-bevilacqua.com\\\/en\\\/canfin-lamps-damask\\\/\",\"name\":\"Canfin Lamps: Designer Lighting with Bevilacqua Damask\",\"isPartOf\":{\"@id\":\"https:\\\/\\\/www.luigi-bevilacqua.com\\\/en\\\/#website\"},\"primaryImageOfPage\":{\"@id\":\"https:\\\/\\\/www.luigi-bevilacqua.com\\\/en\\\/canfin-lamps-damask\\\/#primaryimage\"},\"image\":{\"@id\":\"https:\\\/\\\/www.luigi-bevilacqua.com\\\/en\\\/canfin-lamps-damask\\\/#primaryimage\"},\"thumbnailUrl\":\"https:\\\/\\\/www.luigi-bevilacqua.com\\\/wp-content\\\/uploads\\\/2023\\\/08\\\/copertina-articolo-lampade-Canfin.jpg\",\"datePublished\":\"2023-08-17T07:00:44+00:00\",\"dateModified\":\"2023-08-17T08:36:28+00:00\",\"description\":\"Discover Canfin lamps, exquisite design objects featuring Bevilacqua silk damasks, blending modernity, sustainability, and beauty.\",\"breadcrumb\":{\"@id\":\"https:\\\/\\\/www.luigi-bevilacqua.com\\\/en\\\/canfin-lamps-damask\\\/#breadcrumb\"},\"inLanguage\":\"en-US\",\"potentialAction\":[{\"@type\":\"ReadAction\",\"target\":[\"https:\\\/\\\/www.luigi-bevilacqua.com\\\/en\\\/canfin-lamps-damask\\\/\"]}]},{\"@type\":\"ImageObject\",\"inLanguage\":\"en-US\",\"@id\":\"https:\\\/\\\/www.luigi-bevilacqua.com\\\/en\\\/canfin-lamps-damask\\\/#primaryimage\",\"url\":\"https:\\\/\\\/www.luigi-bevilacqua.com\\\/wp-content\\\/uploads\\\/2023\\\/08\\\/copertina-articolo-lampade-Canfin.jpg\",\"contentUrl\":\"https:\\\/\\\/www.luigi-bevilacqua.com\\\/wp-content\\\/uploads\\\/2023\\\/08\\\/copertina-articolo-lampade-Canfin.jpg\",\"width\":1080,\"height\":675},{\"@type\":\"BreadcrumbList\",\"@id\":\"https:\\\/\\\/www.luigi-bevilacqua.com\\\/en\\\/canfin-lamps-damask\\\/#breadcrumb\",\"itemListElement\":[{\"@type\":\"ListItem\",\"position\":1,\"name\":\"Home\",\"item\":\"https:\\\/\\\/www.luigi-bevilacqua.com\\\/en\\\/home\\\/\"},{\"@type\":\"ListItem\",\"position\":2,\"name\":\"Canfin Lamps: Designer Lighting With Bevilacqua Damask\"}]},{\"@type\":\"WebSite\",\"@id\":\"https:\\\/\\\/www.luigi-bevilacqua.com\\\/en\\\/#website\",\"url\":\"https:\\\/\\\/www.luigi-bevilacqua.com\\\/en\\\/\",\"name\":\"Tessitura Luigi Bevilaqua\",\"description\":\"Tessitura Bevilaqua\",\"publisher\":{\"@id\":\"https:\\\/\\\/www.luigi-bevilacqua.com\\\/en\\\/#organization\"},\"potentialAction\":[{\"@type\":\"SearchAction\",\"target\":{\"@type\":\"EntryPoint\",\"urlTemplate\":\"https:\\\/\\\/www.luigi-bevilacqua.com\\\/en\\\/?s={search_term_string}\"},\"query-input\":{\"@type\":\"PropertyValueSpecification\",\"valueRequired\":true,\"valueName\":\"search_term_string\"}}],\"inLanguage\":\"en-US\"},{\"@type\":\"Organization\",\"@id\":\"https:\\\/\\\/www.luigi-bevilacqua.com\\\/en\\\/#organization\",\"name\":\"Tessitura Luigi Bevilacqua\",\"url\":\"https:\\\/\\\/www.luigi-bevilacqua.com\\\/en\\\/\",\"logo\":{\"@type\":\"ImageObject\",\"inLanguage\":\"en-US\",\"@id\":\"https:\\\/\\\/www.luigi-bevilacqua.com\\\/en\\\/#\\\/schema\\\/logo\\\/image\\\/\",\"url\":\"https:\\\/\\\/www.luigi-bevilacqua.com\\\/wp-content\\\/uploads\\\/2017\\\/04\\\/logo-bevilacqua-home.png\",\"contentUrl\":\"https:\\\/\\\/www.luigi-bevilacqua.com\\\/wp-content\\\/uploads\\\/2017\\\/04\\\/logo-bevilacqua-home.png\",\"width\":272,\"height\":156,\"caption\":\"Tessitura Luigi Bevilacqua\"},\"image\":{\"@id\":\"https:\\\/\\\/www.luigi-bevilacqua.com\\\/en\\\/#\\\/schema\\\/logo\\\/image\\\/\"},\"sameAs\":[\"https:\\\/\\\/www.facebook.com\\\/TessituraLuigiBevilacqua\",\"https:\\\/\\\/x.com\\\/tessiturebevilc\",\"https:\\\/\\\/www.instagram.com\\\/tessiturebevilacqua\\\/\",\"https:\\\/\\\/www.linkedin.com\\\/company\\\/bevilacqua\\\/\",\"https:\\\/\\\/it.pinterest.com\\\/luigibevilacqua\\\/\",\"https:\\\/\\\/www.youtube.com\\\/channel\\\/UCvKX4HKDdjyoJIztAzEekkQ\"]},{\"@type\":\"Person\",\"@id\":\"https:\\\/\\\/www.luigi-bevilacqua.com\\\/en\\\/#\\\/schema\\\/person\\\/6a99297ba99b9f66e527716bdae7c2df\",\"name\":\"Laura Fuser\",\"sameAs\":[\"https:\\\/\\\/strategika.es\\\/\"]}]}<\/script>\n<!-- \/ Yoast SEO plugin. -->","yoast_head_json":{"title":"Canfin Lamps: Designer Lighting with Bevilacqua Damask","description":"Discover Canfin lamps, exquisite design objects featuring Bevilacqua silk damasks, blending modernity, sustainability, and beauty.","robots":{"index":"index","follow":"follow","max-snippet":"max-snippet:-1","max-image-preview":"max-image-preview:large","max-video-preview":"max-video-preview:-1"},"canonical":"https:\/\/www.luigi-bevilacqua.com\/en\/canfin-lamps-damask\/","og_locale":"en_US","og_type":"article","og_title":"Canfin Lamps: Designer Lighting with Bevilacqua Damask","og_description":"Discover Canfin lamps, exquisite design objects featuring Bevilacqua silk damasks, blending modernity, sustainability, and beauty.","og_url":"https:\/\/www.luigi-bevilacqua.com\/en\/canfin-lamps-damask\/","og_site_name":"Tessitura Luigi Bevilaqua","article_publisher":"https:\/\/www.facebook.com\/TessituraLuigiBevilacqua","article_published_time":"2023-08-17T07:00:44+00:00","article_modified_time":"2023-08-17T08:36:28+00:00","og_image":[{"width":1080,"height":675,"url":"https:\/\/www.luigi-bevilacqua.com\/wp-content\/uploads\/2023\/08\/copertina-articolo-lampade-Canfin.jpg","type":"image\/jpeg"}],"author":"Laura Fuser","schema":{"@context":"https:\/\/schema.org","@graph":[{"@type":"Article","@id":"https:\/\/www.luigi-bevilacqua.com\/en\/canfin-lamps-damask\/#article","isPartOf":{"@id":"https:\/\/www.luigi-bevilacqua.com\/en\/canfin-lamps-damask\/"},"author":{"name":"Laura Fuser","@id":"https:\/\/www.luigi-bevilacqua.com\/en\/#\/schema\/person\/6a99297ba99b9f66e527716bdae7c2df"},"headline":"Canfin Lamps: Designer Lighting With Bevilacqua Damask","datePublished":"2023-08-17T07:00:44+00:00","dateModified":"2023-08-17T08:36:28+00:00","mainEntityOfPage":{"@id":"https:\/\/www.luigi-bevilacqua.com\/en\/canfin-lamps-damask\/"},"wordCount":1501,"commentCount":0,"publisher":{"@id":"https:\/\/www.luigi-bevilacqua.com\/en\/#organization"},"image":{"@id":"https:\/\/www.luigi-bevilacqua.com\/en\/canfin-lamps-damask\/#primaryimage"},"thumbnailUrl":"https:\/\/www.luigi-bevilacqua.com\/wp-content\/uploads\/2023\/08\/copertina-articolo-lampade-Canfin.jpg","articleSection":["Collaborations","Fabrics"],"inLanguage":"en-US","potentialAction":[{"@type":"CommentAction","name":"Comment","target":["https:\/\/www.luigi-bevilacqua.com\/en\/canfin-lamps-damask\/#respond"]}]},{"@type":"WebPage","@id":"https:\/\/www.luigi-bevilacqua.com\/en\/canfin-lamps-damask\/","url":"https:\/\/www.luigi-bevilacqua.com\/en\/canfin-lamps-damask\/","name":"Canfin Lamps: Designer Lighting with Bevilacqua Damask","isPartOf":{"@id":"https:\/\/www.luigi-bevilacqua.com\/en\/#website"},"primaryImageOfPage":{"@id":"https:\/\/www.luigi-bevilacqua.com\/en\/canfin-lamps-damask\/#primaryimage"},"image":{"@id":"https:\/\/www.luigi-bevilacqua.com\/en\/canfin-lamps-damask\/#primaryimage"},"thumbnailUrl":"https:\/\/www.luigi-bevilacqua.com\/wp-content\/uploads\/2023\/08\/copertina-articolo-lampade-Canfin.jpg","datePublished":"2023-08-17T07:00:44+00:00","dateModified":"2023-08-17T08:36:28+00:00","description":"Discover Canfin lamps, exquisite design objects featuring Bevilacqua silk damasks, blending modernity, sustainability, and beauty.","breadcrumb":{"@id":"https:\/\/www.luigi-bevilacqua.com\/en\/canfin-lamps-damask\/#breadcrumb"},"inLanguage":"en-US","potentialAction":[{"@type":"ReadAction","target":["https:\/\/www.luigi-bevilacqua.com\/en\/canfin-lamps-damask\/"]}]},{"@type":"ImageObject","inLanguage":"en-US","@id":"https:\/\/www.luigi-bevilacqua.com\/en\/canfin-lamps-damask\/#primaryimage","url":"https:\/\/www.luigi-bevilacqua.com\/wp-content\/uploads\/2023\/08\/copertina-articolo-lampade-Canfin.jpg","contentUrl":"https:\/\/www.luigi-bevilacqua.com\/wp-content\/uploads\/2023\/08\/copertina-articolo-lampade-Canfin.jpg","width":1080,"height":675},{"@type":"BreadcrumbList","@id":"https:\/\/www.luigi-bevilacqua.com\/en\/canfin-lamps-damask\/#breadcrumb","itemListElement":[{"@type":"ListItem","position":1,"name":"Home","item":"https:\/\/www.luigi-bevilacqua.com\/en\/home\/"},{"@type":"ListItem","position":2,"name":"Canfin Lamps: Designer Lighting With Bevilacqua Damask"}]},{"@type":"WebSite","@id":"https:\/\/www.luigi-bevilacqua.com\/en\/#website","url":"https:\/\/www.luigi-bevilacqua.com\/en\/","name":"Tessitura Luigi Bevilaqua","description":"Tessitura Bevilaqua","publisher":{"@id":"https:\/\/www.luigi-bevilacqua.com\/en\/#organization"},"potentialAction":[{"@type":"SearchAction","target":{"@type":"EntryPoint","urlTemplate":"https:\/\/www.luigi-bevilacqua.com\/en\/?s={search_term_string}"},"query-input":{"@type":"PropertyValueSpecification","valueRequired":true,"valueName":"search_term_string"}}],"inLanguage":"en-US"},{"@type":"Organization","@id":"https:\/\/www.luigi-bevilacqua.com\/en\/#organization","name":"Tessitura Luigi Bevilacqua","url":"https:\/\/www.luigi-bevilacqua.com\/en\/","logo":{"@type":"ImageObject","inLanguage":"en-US","@id":"https:\/\/www.luigi-bevilacqua.com\/en\/#\/schema\/logo\/image\/","url":"https:\/\/www.luigi-bevilacqua.com\/wp-content\/uploads\/2017\/04\/logo-bevilacqua-home.png","contentUrl":"https:\/\/www.luigi-bevilacqua.com\/wp-content\/uploads\/2017\/04\/logo-bevilacqua-home.png","width":272,"height":156,"caption":"Tessitura Luigi Bevilacqua"},"image":{"@id":"https:\/\/www.luigi-bevilacqua.com\/en\/#\/schema\/logo\/image\/"},"sameAs":["https:\/\/www.facebook.com\/TessituraLuigiBevilacqua","https:\/\/x.com\/tessiturebevilc","https:\/\/www.instagram.com\/tessiturebevilacqua\/","https:\/\/www.linkedin.com\/company\/bevilacqua\/","https:\/\/it.pinterest.com\/luigibevilacqua\/","https:\/\/www.youtube.com\/channel\/UCvKX4HKDdjyoJIztAzEekkQ"]},{"@type":"Person","@id":"https:\/\/www.luigi-bevilacqua.com\/en\/#\/schema\/person\/6a99297ba99b9f66e527716bdae7c2df","name":"Laura Fuser","sameAs":["https:\/\/strategika.es\/"]}]}},"_links":{"self":[{"href":"https:\/\/www.luigi-bevilacqua.com\/en\/wp-json\/wp\/v2\/posts\/57097","targetHints":{"allow":["GET"]}}],"collection":[{"href":"https:\/\/www.luigi-bevilacqua.com\/en\/wp-json\/wp\/v2\/posts"}],"about":[{"href":"https:\/\/www.luigi-bevilacqua.com\/en\/wp-json\/wp\/v2\/types\/post"}],"author":[{"embeddable":true,"href":"https:\/\/www.luigi-bevilacqua.com\/en\/wp-json\/wp\/v2\/users\/10"}],"replies":[{"embeddable":true,"href":"https:\/\/www.luigi-bevilacqua.com\/en\/wp-json\/wp\/v2\/comments?post=57097"}],"version-history":[{"count":0,"href":"https:\/\/www.luigi-bevilacqua.com\/en\/wp-json\/wp\/v2\/posts\/57097\/revisions"}],"wp:featuredmedia":[{"embeddable":true,"href":"https:\/\/www.luigi-bevilacqua.com\/en\/wp-json\/wp\/v2\/media\/57919"}],"wp:attachment":[{"href":"https:\/\/www.luigi-bevilacqua.com\/en\/wp-json\/wp\/v2\/media?parent=57097"}],"wp:term":[{"taxonomy":"category","embeddable":true,"href":"https:\/\/www.luigi-bevilacqua.com\/en\/wp-json\/wp\/v2\/categories?post=57097"},{"taxonomy":"post_tag","embeddable":true,"href":"https:\/\/www.luigi-bevilacqua.com\/en\/wp-json\/wp\/v2\/tags?post=57097"}],"curies":[{"name":"wp","href":"https:\/\/api.w.org\/{rel}","templated":true}]}}