{"id":53523,"date":"2023-03-09T17:00:23","date_gmt":"2023-03-09T16:00:23","guid":{"rendered":"http:\/\/www.luigi-bevilacqua.com\/?p=53523"},"modified":"2023-03-09T18:04:03","modified_gmt":"2023-03-09T17:04:03","slug":"green-upholstery-fabrics","status":"publish","type":"post","link":"https:\/\/www.luigi-bevilacqua.com\/en\/green-upholstery-fabrics\/","title":{"rendered":"Green: the history of nature&#8217;s color in home decor"},"content":{"rendered":"<p>[et_pb_section fb_built=&#8221;1&#8243; _builder_version=&#8221;4.16&#8243; global_colors_info=&#8221;{}&#8221;][et_pb_row _builder_version=&#8221;4.16&#8243; background_size=&#8221;initial&#8221; background_position=&#8221;top_left&#8221; background_repeat=&#8221;repeat&#8221; global_colors_info=&#8221;{}&#8221;][et_pb_column type=&#8221;4_4&#8243; _builder_version=&#8221;4.16&#8243; custom_padding=&#8221;|||&#8221; global_colors_info=&#8221;{}&#8221; custom_padding__hover=&#8221;|||&#8221;][et_pb_text admin_label=&#8221;intro&#8221; _builder_version=&#8221;4.20.0&#8243; global_colors_info=&#8221;{}&#8221;]Decorating homes with green is a trend with ancient origins: in the mid-19th century, it was one of the most popular colors, both for home interiors and for clothing. Since it immediately recalls nature, it has always been a color that evokes a feeling of peace. But its history hides details that are anything but reassuring. [\/et_pb_text][\/et_pb_column][\/et_pb_row][et_pb_row _builder_version=&#8221;4.16&#8243; background_size=&#8221;initial&#8221; background_position=&#8221;top_left&#8221; background_repeat=&#8221;repeat&#8221; global_colors_info=&#8221;{}&#8221;][et_pb_column type=&#8221;4_4&#8243; _builder_version=&#8221;4.16&#8243; custom_padding=&#8221;|||&#8221; global_colors_info=&#8221;{}&#8221; custom_padding__hover=&#8221;|||&#8221;][et_pb_text admin_label=&#8221;La storia del colore verde&#8221; _builder_version=&#8221;4.20.0&#8243; hover_enabled=&#8221;0&#8243; global_colors_info=&#8221;{}&#8221; sticky_enabled=&#8221;0&#8243;]<\/p>\n<h2>The history of the color green<\/h2>\n<p>Green was used by the ancient Egyptians as early as 5,000 years ago. It represented the lush vegetation and the fertility of the Nile. Osiris, one of the main gods of their religion, was often depicted with green skin to symbolize rebirth and fertility. In fact, after being killed by his brother, he had risen again thanks to his wife Isis. To make the color green, pigments such as <em>malachite<\/em>, <em>verdigris<\/em>, and <em>Egyptian green<\/em> were used. Malachite was a green mineral rich in copper that was pulverized and used as a pigment for painting. Verdigris was a compound of copper acetate, obtained by corrosion of the metal, while Egyptian green was a mixture of malachite, <em>azurite<\/em>, and other minerals prepared synthetically.<\/p>\n<p>The symbology of the color green related to fertility was revived in the Middle Ages. In <em>Jan van Eyck&#8217;s Portrait<\/em> <em>of Mr. and Mrs. Arnolfini<\/em> (1434-1435), the woman depicted is not pregnant, as it might appear because of the shape of her dress, but was depicted in that position and with a green gown as a kind of propitiatory rite for numerous offspring. Even at that time, green was obtained mainly from mineral pigments, such as malachite or azurite.<\/p>\n<p>[\/et_pb_text][et_pb_image src=&#8221;http:\/\/www.luigi-bevilacqua.com\/wp-content\/uploads\/2010\/03\/Ritratto-coniugi-Arnolfini-Van-Eyck.jpg&#8221; show_in_lightbox=&#8221;on&#8221; align_tablet=&#8221;center&#8221; align_phone=&#8221;center&#8221; align_last_edited=&#8221;on|desktop&#8221; _builder_version=&#8221;4.20.0&#8243; max_width=&#8221;450px&#8221; module_alignment=&#8221;center&#8221; global_colors_info=&#8221;{}&#8221;][\/et_pb_image][et_pb_text admin_label=&#8221;verde parigi&#8221; _builder_version=&#8221;4.20.0&#8243; hover_enabled=&#8221;0&#8243; global_colors_info=&#8221;{}&#8221; sticky_enabled=&#8221;0&#8243;]<\/p>\n<p>The real turning point occurred in the Victorian era, however, with the appearance of <em>Scheele&#8217;s green<\/em>, developed by Swedish chemist <em>Carl Wilhelm Scheele<\/em> in 1775. The innovative dye mixture was immediately an extraordinary success because it was a very intense and lightfast color. Used in painting, fabric dyeing, wallpaper staining, and everyday objects, it had one major problem: it contained arsenic, a highly toxic substance. So, did another pigment, <em>Paris green<\/em>, with which Impressionist painters fell in love during the 19th century, but toxic because it consisted of arsenic and lead. Both were gradually discontinued, but many artists and craftsmen suffered health problems from exposure to these toxic pigments, especially before the adoption of labor and product safety laws and regulations.<\/p>\n<h2>Green home decor: trends through the centuries<\/h2>\n<p>Other than in the Victorian era, green was also a popular color for home decor during the <em><a href=\"https:\/\/www.luigi-bevilacqua.com\/en\/flowers-art-nouveau\/\">Art Nouveau period<\/a><\/em> in the late 19th century. This style was characterized by a great love of nature, from which it drew inspiration. Soft and delicate colors, particularly green in pastel green, teal, and mint green shades, were the most popular choices for illustrations, furniture &#8211; such as armchairs, sofas, and lamps &#8211; wallpapers, stained glass window decorations, and for textiles.<\/p>\n<p>Green made a comeback in home decor in the 1970s, with the explosion of bright pop art colors and the creation of some iconic design objects. One above all: <em>Gufram&#8217;s Cactus<\/em> coat rack in emerald green &#8211; a color no longer produced today.<\/p>\n<p>More recently, increased environmental awareness has led to a rebirth of this color&#8217;s popularity: thus, homes have become populated not only with plants but also with green textile elements in the most diverse shades that evoke nature, balance, serenity, and freshness. And the shades that green offers for furnishing fabrics are indeed many: here are those in our catalog.<\/p>\n<h2>Green furnishing fabrics: some tips for choosing the right shade<\/h2>\n<p>Fabrics in shades of green can be used in home decor for curtains, sofas, armchairs, chairs, and cushions. Cool shades of green, with a predominance of blue, are perfect for creating a fresh and bright ambiance, while warmer shades, with a greater presence of yellow, are suitable for a more intimate and cozier atmosphere. The wide range of green shades in our catalog offers a variety of possibilities for combination and use:<\/p>\n<p>&nbsp;<\/p>\n<ul>\n<li><em>emerald<\/em> green is an intense and luxurious shade of green, often associated with jewelry and precious stones, which pairs masterfully with shades such as <em>gold<\/em> or copper, creating elegant and sophisticated interiors;<\/li>\n<li><em>jade<\/em> and <em>baltico green<\/em> shades, muted and soothing, are very versatile and can be used to create calm and harmonious settings;<\/li>\n<li>stronger and more vibrant are the <em>ivy<\/em> and <em>green<\/em> variants, ideal for creating a lively and joyful atmosphere that invites relaxation and recreation;<\/li>\n<li><em>mint green<\/em> is a fresh and bold shade that can add energy and vitality to the decor;<\/li>\n<li><em>antique green<\/em> has a slight shade of brown or gray that gives it an antiqued look and lends a touch of elegance and sophistication to rooms, for a classic or vintage style, but it can also be used in combination with more modern styles to create a contrasting effect;<\/li>\n<li><em>olive green<\/em> is a warm and relaxing shade that brings to mind nature and tranquility, very versatile, and which can be used to create a warm and welcoming atmosphere;<\/li>\n<li>green fabrics depicting plants and animals immediately evoke nature and a feeling of peace, while animalier fabrics in green look distinctly exotic.<\/li>\n<\/ul>\n<p>[\/et_pb_text][\/et_pb_column][\/et_pb_row][\/et_pb_section][et_pb_section fb_built=&#8221;1&#8243; admin_label=&#8221;section&#8221; _builder_version=&#8221;4.16&#8243; locked=&#8221;off&#8221; global_colors_info=&#8221;{}&#8221;][et_pb_row _builder_version=&#8221;4.16&#8243; background_size=&#8221;initial&#8221; background_position=&#8221;top_left&#8221; background_repeat=&#8221;repeat&#8221; global_colors_info=&#8221;{}&#8221;][et_pb_column type=&#8221;4_4&#8243; _builder_version=&#8221;4.16&#8243; custom_padding=&#8221;|||&#8221; global_colors_info=&#8221;{}&#8221; custom_padding__hover=&#8221;|||&#8221;][et_pb_text _builder_version=&#8221;4.16&#8243; text_font=&#8221;Roboto|||on|||||&#8221; text_font_size=&#8221;14px&#8221; text_letter_spacing=&#8221;1px&#8221; global_colors_info=&#8221;{}&#8221;]<\/p>\n<p style=\"text-align: center;\">Velvets<\/p>\n<p>[\/et_pb_text][\/et_pb_column][\/et_pb_row][et_pb_row column_structure=&#8221;1_4,1_4,1_4,1_4&#8243; _builder_version=&#8221;4.16&#8243; _module_preset=&#8221;default&#8221; global_colors_info=&#8221;{}&#8221;][et_pb_column type=&#8221;1_4&#8243; _builder_version=&#8221;4.16&#8243; _module_preset=&#8221;default&#8221; global_colors_info=&#8221;{}&#8221;][et_pb_image src=&#8221;http:\/\/www.luigi-bevilacqua.com\/wp-content\/uploads\/2014\/11\/Velluto-Ardis-baltico.jpg&#8221; alt=&#8221;Velluto Ardis baltico | Tessitura Bevilacqua&#8221; title_text=&#8221;Velluto Ardis baltico | Tessitura Bevilacqua&#8221; url=&#8221;https:\/\/test.leotopstyling.it\/en\/project\/ardis-velvet\/&#8221; _builder_version=&#8221;4.16&#8243; _module_preset=&#8221;default&#8221; global_colors_info=&#8221;{}&#8221;][\/et_pb_image][et_pb_text _builder_version=&#8221;4.16&#8243; _module_preset=&#8221;default&#8221; text_font=&#8221;|||on|||||&#8221; text_font_size=&#8221;11px&#8221; custom_margin=&#8221;-22px||||false|false&#8221; global_colors_info=&#8221;{}&#8221;]Ardis &#8211; Baltico [\/et_pb_text][\/et_pb_column][et_pb_column type=&#8221;1_4&#8243; _builder_version=&#8221;4.16&#8243; _module_preset=&#8221;default&#8221; global_colors_info=&#8221;{}&#8221;][et_pb_image src=&#8221;http:\/\/www.luigi-bevilacqua.com\/wp-content\/uploads\/2014\/11\/Velluto-Bestiario-baltico-659-3339.jpg&#8221; alt=&#8221;Velluto Bestiario baltico 659-3339 | Tessiture Bevilacqua&#8221; title_text=&#8221;Velluto Bestiario baltico 659-3339 | Tessiture Bevilacqua&#8221; url=&#8221;https:\/\/test.leotopstyling.it\/en\/project\/bestiario-velvet\/&#8221; _builder_version=&#8221;4.16&#8243; _module_preset=&#8221;default&#8221; global_colors_info=&#8221;{}&#8221;][\/et_pb_image][et_pb_text _builder_version=&#8221;4.16&#8243; _module_preset=&#8221;default&#8221; text_font=&#8221;|||on|||||&#8221; text_font_size=&#8221;11px&#8221; custom_margin=&#8221;-22px||||false|false&#8221; global_colors_info=&#8221;{}&#8221;]Bestiario &#8211; Baltico [\/et_pb_text][\/et_pb_column][et_pb_column type=&#8221;1_4&#8243; _builder_version=&#8221;4.16&#8243; _module_preset=&#8221;default&#8221; global_colors_info=&#8221;{}&#8221;][et_pb_image src=&#8221;http:\/\/www.luigi-bevilacqua.com\/wp-content\/uploads\/2014\/11\/Velluto-Caccia-baltico-659-3349D.jpg&#8221; alt=&#8221;Velluto Caccia baltico 659-3349D | Tessiture Bevilacqua&#8221; title_text=&#8221;Velluto Caccia baltico 659-3349D | Tessiture Bevilacqua&#8221; url=&#8221;https:\/\/test.leotopstyling.it\/en\/project\/caccia-velvet\/&#8221; _builder_version=&#8221;4.16&#8243; _module_preset=&#8221;default&#8221; global_colors_info=&#8221;{}&#8221;][\/et_pb_image][et_pb_text _builder_version=&#8221;4.16&#8243; _module_preset=&#8221;default&#8221; text_font=&#8221;|||on|||||&#8221; text_font_size=&#8221;11px&#8221; custom_margin=&#8221;-22px||||false|false&#8221; global_colors_info=&#8221;{}&#8221;]Caccia &#8211; Baltico [\/et_pb_text][\/et_pb_column][et_pb_column type=&#8221;1_4&#8243; _builder_version=&#8221;4.16&#8243; _module_preset=&#8221;default&#8221; global_colors_info=&#8221;{}&#8221;][et_pb_image src=&#8221;http:\/\/www.luigi-bevilacqua.com\/wp-content\/uploads\/2014\/11\/Velluto-Casa-Bianca-659-39372D-baltico.jpg&#8221; alt=&#8221;Velluto Casa Bianca 659-39372D baltico | Tessiture Bevilacqua&#8221; title_text=&#8221;Velluto Casa Bianca 659-39372D baltico | Tessiture Bevilacqua&#8221; url=&#8221;https:\/\/test.leotopstyling.it\/en\/project\/casa-bianca-velvet\/&#8221; _builder_version=&#8221;4.16&#8243; _module_preset=&#8221;default&#8221; global_colors_info=&#8221;{}&#8221;][\/et_pb_image][et_pb_text _builder_version=&#8221;4.16&#8243; _module_preset=&#8221;default&#8221; text_font=&#8221;|||on|||||&#8221; text_font_size=&#8221;11px&#8221; custom_margin=&#8221;-22px||||false|false&#8221; global_colors_info=&#8221;{}&#8221;]Casa Bianca &#8211; Baltico [\/et_pb_text][\/et_pb_column][\/et_pb_row][et_pb_row column_structure=&#8221;1_4,1_4,1_4,1_4&#8243; _builder_version=&#8221;4.16&#8243; _module_preset=&#8221;default&#8221; global_colors_info=&#8221;{}&#8221;][et_pb_column type=&#8221;1_4&#8243; _builder_version=&#8221;4.16&#8243; _module_preset=&#8221;default&#8221; global_colors_info=&#8221;{}&#8221;][et_pb_image src=&#8221;http:\/\/www.luigi-bevilacqua.com\/wp-content\/uploads\/2014\/11\/Velluto-Da-Vinci-baltico.jpg&#8221; alt=&#8221;Velluto Da Vinci baltico | Tessitura Bevilacqua&#8221; title_text=&#8221;Velluto Da Vinci baltico | Tessitura Bevilacqua&#8221; url=&#8221;https:\/\/test.leotopstyling.it\/en\/project\/da-vinci-velvet\/&#8221; _builder_version=&#8221;4.16&#8243; _module_preset=&#8221;default&#8221; global_colors_info=&#8221;{}&#8221;][\/et_pb_image][et_pb_text _builder_version=&#8221;4.16&#8243; _module_preset=&#8221;default&#8221; text_font=&#8221;|||on|||||&#8221; text_font_size=&#8221;11px&#8221; custom_margin=&#8221;-22px||||false|false&#8221; global_colors_info=&#8221;{}&#8221;]Da Vinci &#8211; Baltico [\/et_pb_text][\/et_pb_column][et_pb_column type=&#8221;1_4&#8243; _builder_version=&#8221;4.16&#8243; _module_preset=&#8221;default&#8221; global_colors_info=&#8221;{}&#8221;][et_pb_image src=&#8221;http:\/\/www.luigi-bevilacqua.com\/wp-content\/uploads\/2014\/09\/Velluto-Griglia-baltico.jpg&#8221; alt=&#8221;Velluto Griglia baltico | Tessitura Bevilacqua&#8221; title_text=&#8221;Velluto Griglia baltico | Tessitura Bevilacqua&#8221; url=&#8221;https:\/\/test.leotopstyling.it\/en\/project\/griglia-velvet\/&#8221; _builder_version=&#8221;4.16&#8243; _module_preset=&#8221;default&#8221; global_colors_info=&#8221;{}&#8221;][\/et_pb_image][et_pb_text _builder_version=&#8221;4.16&#8243; _module_preset=&#8221;default&#8221; text_font=&#8221;|||on|||||&#8221; text_font_size=&#8221;11px&#8221; custom_margin=&#8221;-22px||||false|false&#8221; global_colors_info=&#8221;{}&#8221;]Griglia &#8211; Baltico [\/et_pb_text][\/et_pb_column][et_pb_column type=&#8221;1_4&#8243; _builder_version=&#8221;4.16&#8243; _module_preset=&#8221;default&#8221; global_colors_info=&#8221;{}&#8221;][et_pb_image src=&#8221;http:\/\/www.luigi-bevilacqua.com\/wp-content\/uploads\/2014\/11\/Velluto-Onda-659-3739-baltico.jpg&#8221; alt=&#8221;Velluto Onda 659-3739 baltico | Tessiture Bevilacqua&#8221; title_text=&#8221;Velluto Onda 659-3739 baltico | Tessiture Bevilacqua&#8221; url=&#8221;https:\/\/test.leotopstyling.it\/en\/project\/onda\/&#8221; _builder_version=&#8221;4.16&#8243; _module_preset=&#8221;default&#8221; global_colors_info=&#8221;{}&#8221;][\/et_pb_image][et_pb_text _builder_version=&#8221;4.16&#8243; _module_preset=&#8221;default&#8221; text_font=&#8221;|||on|||||&#8221; text_font_size=&#8221;11px&#8221; custom_margin=&#8221;-22px||||false|false&#8221; global_colors_info=&#8221;{}&#8221;]Onda &#8211; Baltico [\/et_pb_text][\/et_pb_column][et_pb_column type=&#8221;1_4&#8243; _builder_version=&#8221;4.16&#8243; _module_preset=&#8221;default&#8221; global_colors_info=&#8221;{}&#8221;][et_pb_image src=&#8221;http:\/\/www.luigi-bevilacqua.com\/wp-content\/uploads\/2014\/11\/palmyra-baltico-1-1.jpg&#8221; alt=&#8221;Palmyra baltico | Tessitura Bevilacqua&#8221; title_text=&#8221;Palmyra baltico | Tessitura Bevilacqua&#8221; url=&#8221;https:\/\/test.leotopstyling.it\/en\/project\/palmyra-velvet\/&#8221; _builder_version=&#8221;4.16&#8243; _module_preset=&#8221;default&#8221; global_colors_info=&#8221;{}&#8221;][\/et_pb_image][et_pb_text _builder_version=&#8221;4.16&#8243; _module_preset=&#8221;default&#8221; text_font=&#8221;|||on|||||&#8221; text_font_size=&#8221;11px&#8221; custom_margin=&#8221;-22px||||false|false&#8221; global_colors_info=&#8221;{}&#8221;]Palmyra &#8211; Baltico [\/et_pb_text][\/et_pb_column][\/et_pb_row][et_pb_row column_structure=&#8221;1_4,1_4,1_4,1_4&#8243; _builder_version=&#8221;4.16&#8243; _module_preset=&#8221;default&#8221; global_colors_info=&#8221;{}&#8221;][et_pb_column type=&#8221;1_4&#8243; _builder_version=&#8221;4.16&#8243; _module_preset=&#8221;default&#8221; global_colors_info=&#8221;{}&#8221;][et_pb_image src=&#8221;http:\/\/www.luigi-bevilacqua.com\/wp-content\/uploads\/2014\/11\/Velluto-Radica-baltico.jpg&#8221; alt=&#8221;Velluto Radica baltico | Tessitura Bevilacqua&#8221; title_text=&#8221;Velluto Radica baltico | Tessitura Bevilacqua&#8221; url=&#8221;https:\/\/test.leotopstyling.it\/en\/project\/radica-velvet\/&#8221; _builder_version=&#8221;4.16&#8243; _module_preset=&#8221;default&#8221; global_colors_info=&#8221;{}&#8221;][\/et_pb_image][et_pb_text _builder_version=&#8221;4.16&#8243; _module_preset=&#8221;default&#8221; text_font=&#8221;|||on|||||&#8221; text_font_size=&#8221;11px&#8221; custom_margin=&#8221;-22px||||false|false&#8221; global_colors_info=&#8221;{}&#8221;]Radica &#8211; Baltico [\/et_pb_text][\/et_pb_column][et_pb_column type=&#8221;1_4&#8243; _builder_version=&#8221;4.16&#8243; _module_preset=&#8221;default&#8221; global_colors_info=&#8221;{}&#8221;][et_pb_image src=&#8221;http:\/\/www.luigi-bevilacqua.com\/wp-content\/uploads\/2014\/11\/Velluto-Senatori-baltico.jpg&#8221; alt=&#8221;Velluto Senatori baltico | Tessitura Bevilacqua&#8221; title_text=&#8221;Velluto Senatori baltico | Tessitura Bevilacqua&#8221; url=&#8221;https:\/\/test.leotopstyling.it\/en\/project\/senatori-velvet\/&#8221; _builder_version=&#8221;4.16&#8243; _module_preset=&#8221;default&#8221; global_colors_info=&#8221;{}&#8221;][\/et_pb_image][et_pb_text _builder_version=&#8221;4.16&#8243; _module_preset=&#8221;default&#8221; text_font=&#8221;|||on|||||&#8221; text_font_size=&#8221;11px&#8221; custom_margin=&#8221;-22px||||false|false&#8221; global_colors_info=&#8221;{}&#8221;]Senatori &#8211; Baltico [\/et_pb_text][\/et_pb_column][et_pb_column type=&#8221;1_4&#8243; _builder_version=&#8221;4.16&#8243; _module_preset=&#8221;default&#8221; global_colors_info=&#8221;{}&#8221;][et_pb_image src=&#8221;http:\/\/www.luigi-bevilacqua.com\/wp-content\/uploads\/2014\/11\/Velluto-Unito-baltico-659-3800.jpg&#8221; alt=&#8221;Velluto Unito baltico 659-3800 | Tessitura Bevilacqua&#8221; title_text=&#8221;Velluto Unito baltico 659-3800 | Tessitura Bevilacqua&#8221; url=&#8221;https:\/\/test.leotopstyling.it\/en\/project\/unito-velvet\/&#8221; _builder_version=&#8221;4.16&#8243; _module_preset=&#8221;default&#8221; global_colors_info=&#8221;{}&#8221;][\/et_pb_image][et_pb_text _builder_version=&#8221;4.16&#8243; _module_preset=&#8221;default&#8221; text_font=&#8221;|||on|||||&#8221; text_font_size=&#8221;11px&#8221; custom_margin=&#8221;-22px||||false|false&#8221; global_colors_info=&#8221;{}&#8221;]Unito &#8211; Baltico [\/et_pb_text][\/et_pb_column][et_pb_column type=&#8221;1_4&#8243; _builder_version=&#8221;4.16&#8243; _module_preset=&#8221;default&#8221; global_colors_info=&#8221;{}&#8221;][et_pb_image src=&#8221;http:\/\/www.luigi-bevilacqua.com\/wp-content\/uploads\/2014\/11\/Velluto-Zig-Zag-baltico.jpg&#8221; alt=&#8221;Velluto Zig Zag baltico | Tessitura Bevilacqua&#8221; title_text=&#8221;Velluto Zig Zag baltico | Tessitura Bevilacqua&#8221; url=&#8221;https:\/\/test.leotopstyling.it\/en\/project\/zig-zag-velvet\/&#8221; _builder_version=&#8221;4.16&#8243; _module_preset=&#8221;default&#8221; global_colors_info=&#8221;{}&#8221;][\/et_pb_image][et_pb_text _builder_version=&#8221;4.16&#8243; _module_preset=&#8221;default&#8221; text_font=&#8221;|||on|||||&#8221; text_font_size=&#8221;11px&#8221; custom_margin=&#8221;-22px||||false|false&#8221; global_colors_info=&#8221;{}&#8221;]Zig Zag &#8211; Baltico [\/et_pb_text][\/et_pb_column][\/et_pb_row][et_pb_row _builder_version=&#8221;4.16&#8243; background_size=&#8221;initial&#8221; background_position=&#8221;top_left&#8221; background_repeat=&#8221;repeat&#8221; global_colors_info=&#8221;{}&#8221;][et_pb_column type=&#8221;4_4&#8243; _builder_version=&#8221;4.16&#8243; custom_padding=&#8221;|||&#8221; global_colors_info=&#8221;{}&#8221; custom_padding__hover=&#8221;|||&#8221;][et_pb_text _builder_version=&#8221;4.16&#8243; text_font=&#8221;Roboto|||on|||||&#8221; text_font_size=&#8221;14px&#8221; text_letter_spacing=&#8221;1px&#8221; global_colors_info=&#8221;{}&#8221;]<\/p>\n<p style=\"text-align: center;\">Animal Velvets<\/p>\n<p>[\/et_pb_text][\/et_pb_column][\/et_pb_row][et_pb_row column_structure=&#8221;1_4,1_4,1_4,1_4&#8243; _builder_version=&#8221;4.16&#8243; _module_preset=&#8221;default&#8221; global_colors_info=&#8221;{}&#8221;][et_pb_column type=&#8221;1_4&#8243; _builder_version=&#8221;4.16&#8243; _module_preset=&#8221;default&#8221; global_colors_info=&#8221;{}&#8221;][et_pb_image src=&#8221;http:\/\/www.luigi-bevilacqua.com\/wp-content\/uploads\/2014\/11\/Velluto-Animale-Coccodrillo-099-3886-verde-oliva.jpg&#8221; alt=&#8221;Velluto Animale Coccodrillo 099-3886 verde oliva | Tessiture Bevilacqua&#8221; title_text=&#8221;Velluto Animale Coccodrillo 099-3886 verde oliva | Tessiture Bevilacqua&#8221; url=&#8221;https:\/\/test.leotopstyling.it\/en\/project\/coccodrillo-velvet\/&#8221; _builder_version=&#8221;4.16&#8243; _module_preset=&#8221;default&#8221; global_colors_info=&#8221;{}&#8221;][\/et_pb_image][et_pb_text _builder_version=&#8221;4.16&#8243; _module_preset=&#8221;default&#8221; text_font=&#8221;|||on|||||&#8221; text_font_size=&#8221;11px&#8221; custom_margin=&#8221;-22px||||false|false&#8221; global_colors_info=&#8221;{}&#8221;]Coccodrillo &#8211; Olive Green[\/et_pb_text][\/et_pb_column][et_pb_column type=&#8221;1_4&#8243; _builder_version=&#8221;4.16&#8243; _module_preset=&#8221;default&#8221; global_colors_info=&#8221;{}&#8221;][et_pb_image src=&#8221;http:\/\/www.luigi-bevilacqua.com\/wp-content\/uploads\/2010\/01\/Velluto-Leopardo-Baltico-659-440.jpg&#8221; alt=&#8221;Velluto Leopardo Baltico 659-440 | Tessiture Bevilacqua&#8221; title_text=&#8221;Velluto Leopardo Baltico 659-440 | Tessiture Bevilacqua&#8221; url=&#8221;https:\/\/test.leotopstyling.it\/en\/project\/leopardo-velvet\/&#8221; _builder_version=&#8221;4.16&#8243; _module_preset=&#8221;default&#8221; global_colors_info=&#8221;{}&#8221;][\/et_pb_image][et_pb_text _builder_version=&#8221;4.16&#8243; _module_preset=&#8221;default&#8221; text_font=&#8221;|||on|||||&#8221; text_font_size=&#8221;11px&#8221; custom_margin=&#8221;-22px||||false|false&#8221; global_colors_info=&#8221;{}&#8221;]Leopardo &#8211; Baltico [\/et_pb_text][\/et_pb_column][et_pb_column type=&#8221;1_4&#8243; _builder_version=&#8221;4.16&#8243; _module_preset=&#8221;default&#8221; global_colors_info=&#8221;{}&#8221;][et_pb_image src=&#8221;http:\/\/www.luigi-bevilacqua.com\/wp-content\/uploads\/2020\/02\/Leopardo-443-440-verde-shin\u00e9.jpg&#8221; alt=&#8221;Velluto animale Leopardo 443-440 verde shin\u00e9 | Tessitura Bevilacqua&#8221; title_text=&#8221;Velluto animale Leopardo 443-440 verde shin\u00e9 | Tessitura Bevilacqua&#8221; url=&#8221;https:\/\/test.leotopstyling.it\/en\/project\/leopardo-velvet\/&#8221; _builder_version=&#8221;4.16&#8243; _module_preset=&#8221;default&#8221; global_colors_info=&#8221;{}&#8221;][\/et_pb_image][et_pb_text _builder_version=&#8221;4.16&#8243; _module_preset=&#8221;default&#8221; text_font=&#8221;|||on|||||&#8221; text_font_size=&#8221;11px&#8221; custom_margin=&#8221;-22px||||false|false&#8221; global_colors_info=&#8221;{}&#8221;]Leopardo &#8211; green shin\u00e9[\/et_pb_text][\/et_pb_column][et_pb_column type=&#8221;1_4&#8243; _builder_version=&#8221;4.16&#8243; _module_preset=&#8221;default&#8221; global_colors_info=&#8221;{}&#8221;][et_pb_image src=&#8221;http:\/\/www.luigi-bevilacqua.com\/wp-content\/uploads\/2020\/02\/velluto-animale-Tartaruga-659-3998-Baltico.jpg&#8221; alt=&#8221;Velluto Tagliato Tartaruga 093 | Tessitura Bevilacqua&#8221; title_text=&#8221;velluto animale Tartaruga 659-3998 Baltico&#8221; url=&#8221;https:\/\/test.leotopstyling.it\/en\/project\/tartaruga\/&#8221; _builder_version=&#8221;4.16&#8243; _module_preset=&#8221;default&#8221; global_colors_info=&#8221;{}&#8221;][\/et_pb_image][et_pb_text _builder_version=&#8221;4.16&#8243; _module_preset=&#8221;default&#8221; text_font=&#8221;|||on|||||&#8221; text_font_size=&#8221;11px&#8221; custom_margin=&#8221;-22px||||false|false&#8221; global_colors_info=&#8221;{}&#8221;]Tartaruga &#8211; Baltico [\/et_pb_text][\/et_pb_column][\/et_pb_row][et_pb_row column_structure=&#8221;1_4,1_4,1_4,1_4&#8243; _builder_version=&#8221;4.16&#8243; _module_preset=&#8221;default&#8221; global_colors_info=&#8221;{}&#8221;][et_pb_column type=&#8221;1_4&#8243; _builder_version=&#8221;4.16&#8243; _module_preset=&#8221;default&#8221; global_colors_info=&#8221;{}&#8221;][et_pb_image src=&#8221;http:\/\/www.luigi-bevilacqua.com\/wp-content\/uploads\/2010\/01\/Velluto-Tigre-Baltico-659-441.jpg&#8221; alt=&#8221;Velluto Tigre Baltico 659-441 | Tessiture Bevilacqua&#8221; title_text=&#8221;Velluto Tigre Baltico 659-441 | Tessiture Bevilacqua&#8221; url=&#8221;https:\/\/test.leotopstyling.it\/en\/project\/tigre-velvet\/&#8221; _builder_version=&#8221;4.16&#8243; _module_preset=&#8221;default&#8221; global_colors_info=&#8221;{}&#8221;][\/et_pb_image][et_pb_text _builder_version=&#8221;4.16&#8243; _module_preset=&#8221;default&#8221; text_font=&#8221;|||on|||||&#8221; text_font_size=&#8221;11px&#8221; custom_margin=&#8221;-22px||||false|false&#8221; global_colors_info=&#8221;{}&#8221;]Tigre &#8211; Baltico [\/et_pb_text][\/et_pb_column][et_pb_column type=&#8221;1_4&#8243; _builder_version=&#8221;4.16&#8243; _module_preset=&#8221;default&#8221; global_colors_info=&#8221;{}&#8221;][et_pb_image src=&#8221;http:\/\/www.luigi-bevilacqua.com\/wp-content\/uploads\/2014\/11\/Velluto-Tigre-443-441-verde-shin\u00e9.jpg&#8221; alt=&#8221;Velluto Tigre 443-441 verde shin\u00e9 | Tessiture Bevilacqua&#8221; title_text=&#8221;Velluto Tigre 443-441 verde shin\u00e9 | Tessiture Bevilacqua&#8221; url=&#8221;https:\/\/test.leotopstyling.it\/en\/project\/tigre-velvet\/&#8221; _builder_version=&#8221;4.16&#8243; _module_preset=&#8221;default&#8221; global_colors_info=&#8221;{}&#8221;][\/et_pb_image][et_pb_text _builder_version=&#8221;4.16&#8243; _module_preset=&#8221;default&#8221; text_font=&#8221;|||on|||||&#8221; text_font_size=&#8221;11px&#8221; custom_margin=&#8221;-22px||||false|false&#8221; global_colors_info=&#8221;{}&#8221;]Tigre &#8211; Green Shin\u00e9[\/et_pb_text][\/et_pb_column][et_pb_column type=&#8221;1_4&#8243; _builder_version=&#8221;4.16&#8243; _module_preset=&#8221;default&#8221; global_colors_info=&#8221;{}&#8221;][\/et_pb_column][et_pb_column type=&#8221;1_4&#8243; _builder_version=&#8221;4.16&#8243; _module_preset=&#8221;default&#8221; global_colors_info=&#8221;{}&#8221;][\/et_pb_column][\/et_pb_row][et_pb_row _builder_version=&#8221;4.16&#8243; background_size=&#8221;initial&#8221; background_position=&#8221;top_left&#8221; background_repeat=&#8221;repeat&#8221; global_colors_info=&#8221;{}&#8221;][et_pb_column type=&#8221;4_4&#8243; _builder_version=&#8221;4.16&#8243; custom_padding=&#8221;|||&#8221; global_colors_info=&#8221;{}&#8221; custom_padding__hover=&#8221;|||&#8221;][et_pb_text _builder_version=&#8221;4.16&#8243; text_font=&#8221;Roboto|||on|||||&#8221; text_font_size=&#8221;14px&#8221; text_letter_spacing=&#8221;1px&#8221; global_colors_info=&#8221;{}&#8221;]<\/p>\n<p style=\"text-align: center;\">Multicoloured Velvets<\/p>\n<p>[\/et_pb_text][\/et_pb_column][\/et_pb_row][et_pb_row column_structure=&#8221;1_4,1_4,1_4,1_4&#8243; _builder_version=&#8221;4.16&#8243; _module_preset=&#8221;default&#8221; global_colors_info=&#8221;{}&#8221;][et_pb_column type=&#8221;1_4&#8243; _builder_version=&#8221;4.16&#8243; _module_preset=&#8221;default&#8221; global_colors_info=&#8221;{}&#8221;][et_pb_image src=&#8221;http:\/\/www.luigi-bevilacqua.com\/wp-content\/uploads\/2014\/11\/Velluto-Fioroni-030-30771-fondo-avorio-multicolore-verde-dettaglio-e1611056536362.jpg&#8221; alt=&#8221;Velluto Fioroni 030-30771 fondo avorio multicolore verde dettaglio | Tessiture Bevilacqua&#8221; title_text=&#8221;Velluto Fioroni 030-30771 fondo avorio multicolore verde dettaglio&#8221; url=&#8221;https:\/\/test.leotopstyling.it\/en\/project\/fioroni-multicoloured-velvet\/&#8221; _builder_version=&#8221;4.20.0&#8243; _module_preset=&#8221;default&#8221; hover_enabled=&#8221;0&#8243; global_colors_info=&#8221;{}&#8221; sticky_enabled=&#8221;0&#8243;][\/et_pb_image][et_pb_text _builder_version=&#8221;4.16&#8243; _module_preset=&#8221;default&#8221; text_font=&#8221;|||on|||||&#8221; text_font_size=&#8221;11px&#8221; custom_margin=&#8221;-22px||||false|false&#8221; hover_enabled=&#8221;0&#8243; global_colors_info=&#8221;{}&#8221; sticky_enabled=&#8221;0&#8243;]Fioroni &#8211; green multicolour ivory ground[\/et_pb_text][\/et_pb_column][et_pb_column type=&#8221;1_4&#8243; _builder_version=&#8221;4.16&#8243; _module_preset=&#8221;default&#8221; global_colors_info=&#8221;{}&#8221;][et_pb_image src=&#8221;http:\/\/www.luigi-bevilacqua.com\/wp-content\/uploads\/2014\/11\/Velluto-Fioroni-031-30771-fondo-champagne-multicolore-verde.jpg&#8221; alt=&#8221;Velluto Fioroni 031-30771 fondo champagne multicolore verde | Tessiture Bevilacqua&#8221; title_text=&#8221;Velluto Fioroni 031-30771 fondo champagne multicolore verde | Tessiture Bevilacqua&#8221; url=&#8221;https:\/\/test.leotopstyling.it\/en\/project\/fioroni-multicoloured-velvet\/&#8221; _builder_version=&#8221;4.16&#8243; _module_preset=&#8221;default&#8221; hover_enabled=&#8221;0&#8243; global_colors_info=&#8221;{}&#8221; sticky_enabled=&#8221;0&#8243;][\/et_pb_image][et_pb_text _builder_version=&#8221;4.16&#8243; _module_preset=&#8221;default&#8221; text_font=&#8221;|||on|||||&#8221; text_font_size=&#8221;11px&#8221; custom_margin=&#8221;-22px||||false|false&#8221; hover_enabled=&#8221;0&#8243; global_colors_info=&#8221;{}&#8221; sticky_enabled=&#8221;0&#8243;]fioroni &#8211; green multicolour champagne ground[\/et_pb_text][\/et_pb_column][et_pb_column type=&#8221;1_4&#8243; _builder_version=&#8221;4.16&#8243; _module_preset=&#8221;default&#8221; global_colors_info=&#8221;{}&#8221;][et_pb_image src=&#8221;http:\/\/www.luigi-bevilacqua.com\/wp-content\/uploads\/2014\/11\/Velluto-Multicolore-Fresie-020-3160-fondo-avorio-multicolore-verde.jpg&#8221; alt=&#8221;Velluto Multicolore Fresie 020-3160 fondo avorio multicolore verde | Tessiture Bevilacqua&#8221; title_text=&#8221;Velluto Multicolore Fresie 020-3160 fondo avorio multicolore verde | Tessiture Bevilacqua&#8221; url=&#8221;https:\/\/test.leotopstyling.it\/en\/project\/fresie-multi-coloured-velvet\/&#8221; _builder_version=&#8221;4.16&#8243; _module_preset=&#8221;default&#8221; global_colors_info=&#8221;{}&#8221;][\/et_pb_image][et_pb_text _builder_version=&#8221;4.16&#8243; _module_preset=&#8221;default&#8221; text_font=&#8221;|||on|||||&#8221; text_font_size=&#8221;11px&#8221; custom_margin=&#8221;-22px||||false|false&#8221; global_colors_info=&#8221;{}&#8221;]Fresie &#8211; green multicolour ivory ground[\/et_pb_text][\/et_pb_column][et_pb_column type=&#8221;1_4&#8243; _builder_version=&#8221;4.16&#8243; _module_preset=&#8221;default&#8221; global_colors_info=&#8221;{}&#8221;][et_pb_image src=&#8221;http:\/\/www.luigi-bevilacqua.com\/wp-content\/uploads\/2014\/11\/Velluto-Multicolore-Fresie-021-3160-fondo-champagne-multicolore-verde.jpg&#8221; alt=&#8221;Velluto Multicolore Fresie 021-3160 fondo champagne multicolore verde | Tessiture Bevilacqua&#8221; title_text=&#8221;Velluto Multicolore Fresie 021-3160 fondo champagne multicolore verde | Tessiture Bevilacqua&#8221; url=&#8221;https:\/\/test.leotopstyling.it\/en\/project\/fresie-multi-coloured-velvet\/&#8221; _builder_version=&#8221;4.16&#8243; _module_preset=&#8221;default&#8221; global_colors_info=&#8221;{}&#8221;][\/et_pb_image][et_pb_text _builder_version=&#8221;4.16&#8243; _module_preset=&#8221;default&#8221; text_font=&#8221;|||on|||||&#8221; text_font_size=&#8221;11px&#8221; custom_margin=&#8221;-22px||||false|false&#8221; global_colors_info=&#8221;{}&#8221;]Fresie &#8211; green multicolour champagne ground[\/et_pb_text][\/et_pb_column][\/et_pb_row][et_pb_row column_structure=&#8221;1_4,1_4,1_4,1_4&#8243; _builder_version=&#8221;4.16&#8243; _module_preset=&#8221;default&#8221; global_colors_info=&#8221;{}&#8221;][et_pb_column type=&#8221;1_4&#8243; _builder_version=&#8221;4.16&#8243; _module_preset=&#8221;default&#8221; global_colors_info=&#8221;{}&#8221;][et_pb_image src=&#8221;http:\/\/www.luigi-bevilacqua.com\/wp-content\/uploads\/2014\/11\/Velluto-Grottesche-verde-oro.jpg&#8221; alt=&#8221;Velluto Grottesche verde oro | Tessitura Bevilacqua&#8221; title_text=&#8221;Velluto Grottesche verde oro | Tessitura Bevilacqua&#8221; url=&#8221;https:\/\/test.leotopstyling.it\/en\/project\/grottesche-velvet\/&#8221; _builder_version=&#8221;4.16&#8243; _module_preset=&#8221;default&#8221; global_colors_info=&#8221;{}&#8221;][\/et_pb_image][et_pb_text _builder_version=&#8221;4.16&#8243; _module_preset=&#8221;default&#8221; text_font=&#8221;|||on|||||&#8221; text_font_size=&#8221;11px&#8221; custom_margin=&#8221;-22px||||false|false&#8221; link_option_url=&#8221;https:\/\/test.leotopstyling.it\/project\/grottesche-velluto\/&#8221; global_colors_info=&#8221;{}&#8221;]Grottesche &#8211; green antique gold[\/et_pb_text][\/et_pb_column][et_pb_column type=&#8221;1_4&#8243; _builder_version=&#8221;4.16&#8243; _module_preset=&#8221;default&#8221; global_colors_info=&#8221;{}&#8221;][\/et_pb_column][et_pb_column type=&#8221;1_4&#8243; _builder_version=&#8221;4.16&#8243; _module_preset=&#8221;default&#8221; global_colors_info=&#8221;{}&#8221;][\/et_pb_column][et_pb_column type=&#8221;1_4&#8243; _builder_version=&#8221;4.16&#8243; _module_preset=&#8221;default&#8221; global_colors_info=&#8221;{}&#8221;][\/et_pb_column][\/et_pb_row][et_pb_row _builder_version=&#8221;4.16&#8243; background_size=&#8221;initial&#8221; background_position=&#8221;top_left&#8221; background_repeat=&#8221;repeat&#8221; global_colors_info=&#8221;{}&#8221;][et_pb_column type=&#8221;4_4&#8243; _builder_version=&#8221;4.16&#8243; custom_padding=&#8221;|||&#8221; global_colors_info=&#8221;{}&#8221; custom_padding__hover=&#8221;|||&#8221;][et_pb_text _builder_version=&#8221;4.16&#8243; text_font=&#8221;Roboto|||on|||||&#8221; text_font_size=&#8221;14px&#8221; text_letter_spacing=&#8221;1px&#8221; global_colors_info=&#8221;{}&#8221;]<\/p>\n<p style=\"text-align: center;\">Heddle Velvets<\/p>\n<p>[\/et_pb_text][\/et_pb_column][\/et_pb_row][et_pb_row column_structure=&#8221;1_4,1_4,1_4,1_4&#8243; _builder_version=&#8221;4.16&#8243; _module_preset=&#8221;default&#8221; global_colors_info=&#8221;{}&#8221;][et_pb_column type=&#8221;1_4&#8243; _builder_version=&#8221;4.16&#8243; _module_preset=&#8221;default&#8221; global_colors_info=&#8221;{}&#8221;][et_pb_image src=&#8221;http:\/\/www.luigi-bevilacqua.com\/wp-content\/uploads\/2018\/03\/Velluto-Caccia-059-3349-verde-oliva.jpg&#8221; alt=&#8221;Velluto Caccia 059-3349 verde oliva | Tessiture Bevilacqua&#8221; title_text=&#8221;Velluto Caccia 059-3349 verde oliva | Tessiture Bevilacqua&#8221; url=&#8221;https:\/\/test.leotopstyling.it\/en\/project\/caccia-heddle-velvet\/&#8221; _builder_version=&#8221;4.16&#8243; _module_preset=&#8221;default&#8221; global_colors_info=&#8221;{}&#8221;][\/et_pb_image][et_pb_text _builder_version=&#8221;4.16&#8243; _module_preset=&#8221;default&#8221; text_font=&#8221;|||on|||||&#8221; text_font_size=&#8221;11px&#8221; custom_margin=&#8221;-22px||||false|false&#8221; global_colors_info=&#8221;{}&#8221;]Caccia &#8211; Olive Green[\/et_pb_text][\/et_pb_column][et_pb_column type=&#8221;1_4&#8243; _builder_version=&#8221;4.16&#8243; _module_preset=&#8221;default&#8221; global_colors_info=&#8221;{}&#8221;][et_pb_image src=&#8221;http:\/\/www.luigi-bevilacqua.com\/wp-content\/uploads\/2020\/02\/Velluto-Ca-dOro-359-3283S-verde-oliva-400&#215;400-1.jpg&#8221; alt=&#8221;Velluto bacchetta Ca&#8217; d&#8217;Oro 359-3283S verde oliva | Tessitura Bevilacqua&#8221; title_text=&#8221;Velluto Ca d&#8217;Oro 359-3283S verde oliva 400&#215;400&#8243; url=&#8221;https:\/\/test.leotopstyling.it\/en\/project\/ca-d-oro-heddle-velvet\/&#8221; _builder_version=&#8221;4.16&#8243; _module_preset=&#8221;default&#8221; global_colors_info=&#8221;{}&#8221;][\/et_pb_image][et_pb_text _builder_version=&#8221;4.16&#8243; _module_preset=&#8221;default&#8221; text_font=&#8221;|||on|||||&#8221; text_font_size=&#8221;11px&#8221; custom_margin=&#8221;-22px||||false|false&#8221; global_colors_info=&#8221;{}&#8221;]Ca&#8217; d&#8217;Oro- Olive Green[\/et_pb_text][\/et_pb_column][et_pb_column type=&#8221;1_4&#8243; _builder_version=&#8221;4.16&#8243; _module_preset=&#8221;default&#8221; global_colors_info=&#8221;{}&#8221;][et_pb_image src=&#8221;http:\/\/www.luigi-bevilacqua.com\/wp-content\/uploads\/2018\/03\/Velluto-Cardi-079-3335-verde-oliva.jpg&#8221; alt=&#8221;Velluto Cardi 079-3335 verde oliva | Tessiture Bevilacqua&#8221; title_text=&#8221;Velluto Cardi 079-3335 verde oliva | Tessiture Bevilacqua&#8221; url=&#8221;https:\/\/test.leotopstyling.it\/en\/project\/cardi-heddle-velvet\/&#8221; _builder_version=&#8221;4.16&#8243; _module_preset=&#8221;default&#8221; global_colors_info=&#8221;{}&#8221;][\/et_pb_image][et_pb_text _builder_version=&#8221;4.16&#8243; _module_preset=&#8221;default&#8221; text_font=&#8221;|||on|||||&#8221; text_font_size=&#8221;11px&#8221; custom_margin=&#8221;-22px||||false|false&#8221; global_colors_info=&#8221;{}&#8221;]Cardi &#8211; Olive Green[\/et_pb_text][\/et_pb_column][et_pb_column type=&#8221;1_4&#8243; _builder_version=&#8221;4.16&#8243; _module_preset=&#8221;default&#8221; global_colors_info=&#8221;{}&#8221;][et_pb_image src=&#8221;http:\/\/www.luigi-bevilacqua.com\/wp-content\/uploads\/2020\/11\/Velluto-Da-Vinci-349-39243.jpg&#8221; alt=&#8221;Velluto Da Vinci 349-39243&#8243; title_text=&#8221;Velluto Da Vinci 349-39243&#8243; url=&#8221;https:\/\/test.leotopstyling.it\/en\/project\/da-vinci-heddle-velvet\/&#8221; _builder_version=&#8221;4.16&#8243; _module_preset=&#8221;default&#8221; global_colors_info=&#8221;{}&#8221;][\/et_pb_image][et_pb_text _builder_version=&#8221;4.16&#8243; _module_preset=&#8221;default&#8221; text_font=&#8221;|||on|||||&#8221; text_font_size=&#8221;11px&#8221; custom_margin=&#8221;-22px||||false|false&#8221; global_colors_info=&#8221;{}&#8221;]Da Vinci &#8211; Olive Green[\/et_pb_text][\/et_pb_column][\/et_pb_row][et_pb_row column_structure=&#8221;1_4,1_4,1_4,1_4&#8243; _builder_version=&#8221;4.16&#8243; _module_preset=&#8221;default&#8221; global_colors_info=&#8221;{}&#8221;][et_pb_column type=&#8221;1_4&#8243; _builder_version=&#8221;4.16&#8243; _module_preset=&#8221;default&#8221; global_colors_info=&#8221;{}&#8221;][et_pb_image src=&#8221;http:\/\/www.luigi-bevilacqua.com\/wp-content\/uploads\/2018\/03\/Velluto-Fiere-069-3973-verde-oliva.jpg&#8221; alt=&#8221;Velluto Fiere 069-3973 verde oliva | Tessiture Bevilacqua&#8221; title_text=&#8221;Velluto Fiere 069-3973 verde oliva | Tessiture Bevilacqua&#8221; url=&#8221;https:\/\/test.leotopstyling.it\/en\/project\/fiere-heddle-velvet\/&#8221; _builder_version=&#8221;4.16&#8243; _module_preset=&#8221;default&#8221; global_colors_info=&#8221;{}&#8221;][\/et_pb_image][et_pb_text _builder_version=&#8221;4.16&#8243; _module_preset=&#8221;default&#8221; text_font=&#8221;|||on|||||&#8221; text_font_size=&#8221;11px&#8221; custom_margin=&#8221;-22px||||false|false&#8221; global_colors_info=&#8221;{}&#8221;]Fiere &#8211; Olive Green[\/et_pb_text][\/et_pb_column][et_pb_column type=&#8221;1_4&#8243; _builder_version=&#8221;4.16&#8243; _module_preset=&#8221;default&#8221; global_colors_info=&#8221;{}&#8221;][et_pb_image src=&#8221;http:\/\/www.luigi-bevilacqua.com\/wp-content\/uploads\/2016\/05\/Velluto-Goteborg-005-34030-verde-beige-chiaro-1.jpg&#8221; alt=&#8221;Velluto Goteborg 005-34030 verde-beige chiaro | Tessitura Bevilacqua&#8221; title_text=&#8221;Velluto Goteborg 005-34030 verde-beige chiaro | Tessitura Bevilacqua&#8221; url=&#8221;https:\/\/test.leotopstyling.it\/en\/project\/deco-velvet\/&#8221; _builder_version=&#8221;4.16&#8243; _module_preset=&#8221;default&#8221; global_colors_info=&#8221;{}&#8221;][\/et_pb_image][et_pb_text _builder_version=&#8221;4.16&#8243; _module_preset=&#8221;default&#8221; text_font=&#8221;|||on|||||&#8221; text_font_size=&#8221;11px&#8221; custom_margin=&#8221;-22px||||false|false&#8221; global_colors_info=&#8221;{}&#8221;]GOTEBORG &#8211; green \u2013 light beige[\/et_pb_text][\/et_pb_column][et_pb_column type=&#8221;1_4&#8243; _builder_version=&#8221;4.16&#8243; _module_preset=&#8221;default&#8221; global_colors_info=&#8221;{}&#8221;][et_pb_image src=&#8221;http:\/\/www.luigi-bevilacqua.com\/wp-content\/uploads\/2014\/09\/Velluto-bacchetta-Gotico-339-3945S-verde-oliva.jpg&#8221; alt=&#8221;Velluto bacchetta Gotico 339-3945S verde oliva | Tessiture Bevilacqua&#8221; title_text=&#8221;Velluto bacchetta Gotico 339-3945S verde oliva | Tessiture Bevilacqua&#8221; url=&#8221;https:\/\/test.leotopstyling.it\/en\/project\/gotico-velvet\/&#8221; _builder_version=&#8221;4.16&#8243; _module_preset=&#8221;default&#8221; global_colors_info=&#8221;{}&#8221;][\/et_pb_image][et_pb_text _builder_version=&#8221;4.16&#8243; _module_preset=&#8221;default&#8221; text_font=&#8221;|||on|||||&#8221; text_font_size=&#8221;11px&#8221; custom_margin=&#8221;-22px||||false|false&#8221; global_colors_info=&#8221;{}&#8221;]Gotico &#8211; Olive Green[\/et_pb_text][\/et_pb_column][et_pb_column type=&#8221;1_4&#8243; _builder_version=&#8221;4.16&#8243; _module_preset=&#8221;default&#8221; global_colors_info=&#8221;{}&#8221;][et_pb_image src=&#8221;http:\/\/www.luigi-bevilacqua.com\/wp-content\/uploads\/2021\/05\/Velluto-Griglia-109-3162.jpg&#8221; alt=&#8221;Velluto Griglia 109-3162 verde oliva | Tessiture Bevilacqua&#8221; title_text=&#8221;Velluto Griglia 109-3162&#8243; url=&#8221;https:\/\/test.leotopstyling.it\/en\/project\/griglia-heddle-velvet\/&#8221; _builder_version=&#8221;4.16&#8243; _module_preset=&#8221;default&#8221; global_colors_info=&#8221;{}&#8221;][\/et_pb_image][et_pb_text _builder_version=&#8221;4.16&#8243; _module_preset=&#8221;default&#8221; text_font=&#8221;|||on|||||&#8221; text_font_size=&#8221;11px&#8221; custom_margin=&#8221;-22px||||false|false&#8221; global_colors_info=&#8221;{}&#8221;]Griglia &#8211; Olive Green[\/et_pb_text][\/et_pb_column][\/et_pb_row][et_pb_row column_structure=&#8221;1_4,1_4,1_4,1_4&#8243; _builder_version=&#8221;4.16&#8243; _module_preset=&#8221;default&#8221; global_colors_info=&#8221;{}&#8221;][et_pb_column type=&#8221;1_4&#8243; _builder_version=&#8221;4.16&#8243; _module_preset=&#8221;default&#8221; global_colors_info=&#8221;{}&#8221;][et_pb_image src=&#8221;http:\/\/www.luigi-bevilacqua.com\/wp-content\/uploads\/2014\/11\/Velluto-Lanc\u00e9-019-3370-verde-oliva.jpg&#8221; alt=&#8221;Velluto Lanc\u00e9 019-3370 verde oliva | Tessiture Bevilacqua&#8221; title_text=&#8221;Velluto Lanc\u00e9 019-3370 verde oliva | Tessiture Bevilacqua&#8221; url=&#8221;https:\/\/test.leotopstyling.it\/en\/project\/lance-velvet\/&#8221; _builder_version=&#8221;4.16&#8243; _module_preset=&#8221;default&#8221; global_colors_info=&#8221;{}&#8221;][\/et_pb_image][et_pb_text _builder_version=&#8221;4.16&#8243; _module_preset=&#8221;default&#8221; text_font=&#8221;|||on|||||&#8221; text_font_size=&#8221;11px&#8221; custom_margin=&#8221;-22px||||false|false&#8221; global_colors_info=&#8221;{}&#8221;]Lanc\u00e9 &#8211; Olive Green[\/et_pb_text][\/et_pb_column][et_pb_column type=&#8221;1_4&#8243; _builder_version=&#8221;4.16&#8243; _module_preset=&#8221;default&#8221; global_colors_info=&#8221;{}&#8221;][et_pb_image src=&#8221;http:\/\/www.luigi-bevilacqua.com\/wp-content\/uploads\/2014\/11\/Velluto-Righe-Piccole-119-824-1-verde-oliva.jpg&#8221; alt=&#8221;Velluto Righe Piccole 119-824-1 verde oliva | Tessiture Bevilacqua&#8221; title_text=&#8221;Velluto Righe Piccole 119-824-1 verde oliva | Tessiture Bevilacqua&#8221; url=&#8221;https:\/\/test.leotopstyling.it\/en\/project\/righe-piccole-velvet\/&#8221; _builder_version=&#8221;4.16&#8243; _module_preset=&#8221;default&#8221; global_colors_info=&#8221;{}&#8221;][\/et_pb_image][et_pb_text _builder_version=&#8221;4.16&#8243; _module_preset=&#8221;default&#8221; text_font=&#8221;|||on|||||&#8221; text_font_size=&#8221;11px&#8221; custom_margin=&#8221;-22px||||false|false&#8221; global_colors_info=&#8221;{}&#8221;]Righe Piccole &#8211; Olive Green[\/et_pb_text][\/et_pb_column][et_pb_column type=&#8221;1_4&#8243; _builder_version=&#8221;4.16&#8243; _module_preset=&#8221;default&#8221; global_colors_info=&#8221;{}&#8221;][et_pb_image src=&#8221;http:\/\/www.luigi-bevilacqua.com\/wp-content\/uploads\/2014\/11\/Velluto-bacchetta-Rinascimento-209-39361S-verde-oliva.jpg&#8221; alt=&#8221;Velluto bacchetta Rinascimento 209-39361S verde oliva | Tessiture Bevilacqua&#8221; title_text=&#8221;Velluto bacchetta Rinascimento 209-39361S verde oliva | Tessiture Bevilacqua&#8221; url=&#8221;https:\/\/test.leotopstyling.it\/en\/project\/rinascimento-velvet\/&#8221; _builder_version=&#8221;4.16&#8243; _module_preset=&#8221;default&#8221; global_colors_info=&#8221;{}&#8221;][\/et_pb_image][et_pb_text _builder_version=&#8221;4.16&#8243; _module_preset=&#8221;default&#8221; text_font=&#8221;|||on|||||&#8221; text_font_size=&#8221;11px&#8221; custom_margin=&#8221;-22px||||false|false&#8221; global_colors_info=&#8221;{}&#8221;]Rinascimento- Olive Green[\/et_pb_text][\/et_pb_column][et_pb_column type=&#8221;1_4&#8243; _builder_version=&#8221;4.16&#8243; _module_preset=&#8221;default&#8221; global_colors_info=&#8221;{}&#8221;][et_pb_image src=&#8221;http:\/\/www.luigi-bevilacqua.com\/wp-content\/uploads\/2018\/06\/Velluto-Senatori-089-3970-verde-oliva.jpg&#8221; alt=&#8221;Velluto Senatori 089-3970 verde oliva | Tessiture Bevilacqua&#8221; title_text=&#8221;Velluto Senatori 089-3970 verde oliva | Tessiture Bevilacqua&#8221; url=&#8221;https:\/\/test.leotopstyling.it\/en\/project\/senatori-heddle-velvet\/&#8221; _builder_version=&#8221;4.16&#8243; _module_preset=&#8221;default&#8221; global_colors_info=&#8221;{}&#8221;][\/et_pb_image][et_pb_text _builder_version=&#8221;4.16&#8243; _module_preset=&#8221;default&#8221; text_font=&#8221;|||on|||||&#8221; text_font_size=&#8221;11px&#8221; custom_margin=&#8221;-22px||||false|false&#8221; global_colors_info=&#8221;{}&#8221;]Senatori &#8211; Olive Green[\/et_pb_text][\/et_pb_column][\/et_pb_row][et_pb_row column_structure=&#8221;1_4,1_4,1_4,1_4&#8243; _builder_version=&#8221;4.16&#8243; _module_preset=&#8221;default&#8221; global_colors_info=&#8221;{}&#8221;][et_pb_column type=&#8221;1_4&#8243; _builder_version=&#8221;4.16&#8243; _module_preset=&#8221;default&#8221; global_colors_info=&#8221;{}&#8221;][et_pb_image src=&#8221;http:\/\/www.luigi-bevilacqua.com\/wp-content\/uploads\/2014\/11\/Velluto-Taccheggiato-349-3946-verde-oliva.jpg&#8221; alt=&#8221;Velluto Taccheggiato 349-3946 verde oliva | Tessiture Bevilacqua&#8221; title_text=&#8221;Velluto Taccheggiato 349-3946 verde oliva | Tessiture Bevilacqua&#8221; url=&#8221;https:\/\/test.leotopstyling.it\/en\/project\/taccheggiato-velvet\/&#8221; _builder_version=&#8221;4.16&#8243; _module_preset=&#8221;default&#8221; global_colors_info=&#8221;{}&#8221;][\/et_pb_image][et_pb_text _builder_version=&#8221;4.16&#8243; _module_preset=&#8221;default&#8221; text_font=&#8221;|||on|||||&#8221; text_font_size=&#8221;11px&#8221; custom_margin=&#8221;-22px||||false|false&#8221; global_colors_info=&#8221;{}&#8221;]Taccheggiato &#8211; olive green[\/et_pb_text][\/et_pb_column][et_pb_column type=&#8221;1_4&#8243; _builder_version=&#8221;4.16&#8243; _module_preset=&#8221;default&#8221; global_colors_info=&#8221;{}&#8221;][et_pb_image src=&#8221;http:\/\/www.luigi-bevilacqua.com\/wp-content\/uploads\/2014\/11\/Velluto-bacchetta-Torcello-139-3940S-verde-oliva.jpg&#8221; alt=&#8221;Velluto bacchetta Torcello 139-3940S verde oliva | Tessiture Bevilacqua&#8221; title_text=&#8221;Velluto bacchetta Torcello 139-3940S verde oliva | Tessiture Bevilacqua&#8221; url=&#8221;https:\/\/test.leotopstyling.it\/en\/project\/torcello-velvet\/&#8221; _builder_version=&#8221;4.16&#8243; _module_preset=&#8221;default&#8221; global_colors_info=&#8221;{}&#8221;][\/et_pb_image][et_pb_text _builder_version=&#8221;4.16&#8243; _module_preset=&#8221;default&#8221; text_font=&#8221;|||on|||||&#8221; text_font_size=&#8221;11px&#8221; custom_margin=&#8221;-22px||||false|false&#8221; global_colors_info=&#8221;{}&#8221;]Torcello &#8211; Olive Green[\/et_pb_text][\/et_pb_column][et_pb_column type=&#8221;1_4&#8243; _builder_version=&#8221;4.16&#8243; _module_preset=&#8221;default&#8221; global_colors_info=&#8221;{}&#8221;][\/et_pb_column][et_pb_column type=&#8221;1_4&#8243; _builder_version=&#8221;4.16&#8243; _module_preset=&#8221;default&#8221; global_colors_info=&#8221;{}&#8221;][\/et_pb_column][\/et_pb_row][et_pb_row _builder_version=&#8221;4.16&#8243; background_size=&#8221;initial&#8221; background_position=&#8221;top_left&#8221; background_repeat=&#8221;repeat&#8221; global_colors_info=&#8221;{}&#8221;][et_pb_column type=&#8221;4_4&#8243; _builder_version=&#8221;4.16&#8243; custom_padding=&#8221;|||&#8221; global_colors_info=&#8221;{}&#8221; custom_padding__hover=&#8221;|||&#8221;][et_pb_text _builder_version=&#8221;4.16&#8243; text_font=&#8221;Roboto|||on|||||&#8221; text_font_size=&#8221;14px&#8221; text_letter_spacing=&#8221;1px&#8221; global_colors_info=&#8221;{}&#8221;]<\/p>\n<p style=\"text-align: center;\">Damasks<\/p>\n<p>[\/et_pb_text][\/et_pb_column][\/et_pb_row][et_pb_row column_structure=&#8221;1_4,1_4,1_4,1_4&#8243; _builder_version=&#8221;4.16&#8243; _module_preset=&#8221;default&#8221; global_colors_info=&#8221;{}&#8221;][et_pb_column type=&#8221;1_4&#8243; _builder_version=&#8221;4.16&#8243; _module_preset=&#8221;default&#8221; global_colors_info=&#8221;{}&#8221;][et_pb_image src=&#8221;http:\/\/www.luigi-bevilacqua.com\/wp-content\/uploads\/2014\/09\/Damasco-31089-autunno.jpg&#8221; alt=&#8221;Damasco 31089 autunno | Tessitura Bevilacqua&#8221; title_text=&#8221;Damasco 31089 autunno | Tessitura Bevilacqua&#8221; url=&#8221;https:\/\/test.leotopstyling.it\/en\/project\/r-craquele-damask\/&#8221; _builder_version=&#8221;4.16&#8243; _module_preset=&#8221;default&#8221; global_colors_info=&#8221;{}&#8221;][\/et_pb_image][et_pb_text _builder_version=&#8221;4.16&#8243; _module_preset=&#8221;default&#8221; text_font=&#8221;|||on|||||&#8221; text_font_size=&#8221;11px&#8221; custom_margin=&#8221;-22px||||false|false&#8221; global_colors_info=&#8221;{}&#8221;]\u201c31089 R\u201d Craquel\u00e9 &#8211; Autunno [\/et_pb_text][\/et_pb_column][et_pb_column type=&#8221;1_4&#8243; _builder_version=&#8221;4.16&#8243; _module_preset=&#8221;default&#8221; global_colors_info=&#8221;{}&#8221;][et_pb_image src=&#8221;http:\/\/www.luigi-bevilacqua.com\/wp-content\/uploads\/2014\/09\/Damasco-31089-edera.jpg&#8221; alt=&#8221;Damasco 31089 edera | Tessitura Bevilacqua&#8221; title_text=&#8221;Damasco 31089 edera | Tessitura Bevilacqua&#8221; url=&#8221;https:\/\/test.leotopstyling.it\/en\/project\/r-craquele-damask\/&#8221; _builder_version=&#8221;4.16&#8243; _module_preset=&#8221;default&#8221; global_colors_info=&#8221;{}&#8221;][\/et_pb_image][et_pb_text _builder_version=&#8221;4.16&#8243; _module_preset=&#8221;default&#8221; text_font=&#8221;|||on|||||&#8221; text_font_size=&#8221;11px&#8221; custom_margin=&#8221;-22px||||false|false&#8221; global_colors_info=&#8221;{}&#8221;]\u201c31089 R\u201d Craquel\u00e9 &#8211; Edera [\/et_pb_text][\/et_pb_column][et_pb_column type=&#8221;1_4&#8243; _builder_version=&#8221;4.16&#8243; _module_preset=&#8221;default&#8221; global_colors_info=&#8221;{}&#8221;][et_pb_image src=&#8221;http:\/\/www.luigi-bevilacqua.com\/wp-content\/uploads\/2014\/09\/Damasco-Craquel\u00e9-108-31089R-smeraldo.jpg&#8221; alt=&#8221;Damasco Craquel\u00e9 108-31089R smeraldo | Tessiture Bevilacqua&#8221; title_text=&#8221;Damasco Craquel\u00e9 108-31089R smeraldo | Tessiture Bevilacqua&#8221; url=&#8221;https:\/\/test.leotopstyling.it\/en\/project\/r-craquele-damask\/&#8221; _builder_version=&#8221;4.16&#8243; _module_preset=&#8221;default&#8221; global_colors_info=&#8221;{}&#8221;][\/et_pb_image][et_pb_text _builder_version=&#8221;4.16&#8243; _module_preset=&#8221;default&#8221; text_font=&#8221;|||on|||||&#8221; text_font_size=&#8221;11px&#8221; custom_margin=&#8221;-22px||||false|false&#8221; global_colors_info=&#8221;{}&#8221;]\u201c31089 R\u201d Craquel\u00e9 &#8211; Emerald[\/et_pb_text][\/et_pb_column][et_pb_column type=&#8221;1_4&#8243; _builder_version=&#8221;4.16&#8243; _module_preset=&#8221;default&#8221; global_colors_info=&#8221;{}&#8221;][et_pb_image src=&#8221;http:\/\/www.luigi-bevilacqua.com\/wp-content\/uploads\/2014\/09\/Damasco-Bizar-168-3936-smeraldo.jpg&#8221; alt=&#8221;Velluto bacchetta Rinascimento 209-39361S verde oliva | Tessiture Bevilacqua&#8221; title_text=&#8221;Damasco Bizar 168-3936 smeraldo | Tessiture Bevilacqua&#8221; url=&#8221;https:\/\/test.leotopstyling.it\/en\/project\/bizar-damask\/&#8221; _builder_version=&#8221;4.16&#8243; _module_preset=&#8221;default&#8221; global_colors_info=&#8221;{}&#8221;][\/et_pb_image][et_pb_text _builder_version=&#8221;4.16&#8243; _module_preset=&#8221;default&#8221; text_font=&#8221;|||on|||||&#8221; text_font_size=&#8221;11px&#8221; custom_margin=&#8221;-22px||||false|false&#8221; global_colors_info=&#8221;{}&#8221;]Bizar &#8211; Emerald[\/et_pb_text][\/et_pb_column][\/et_pb_row][et_pb_row column_structure=&#8221;1_4,1_4,1_4,1_4&#8243; _builder_version=&#8221;4.16&#8243; _module_preset=&#8221;default&#8221; global_colors_info=&#8221;{}&#8221;][et_pb_column type=&#8221;1_4&#8243; _builder_version=&#8221;4.16&#8243; _module_preset=&#8221;default&#8221; global_colors_info=&#8221;{}&#8221;][et_pb_image src=&#8221;http:\/\/www.luigi-bevilacqua.com\/wp-content\/uploads\/2014\/11\/Damasco-Fenice-168-31061-smeraldo.jpg&#8221; alt=&#8221;Damasco Fenice 168-31061 smeraldo | Tessiture Bevilacqua&#8221; title_text=&#8221;Damasco Fenice 168-31061 smeraldo | Tessiture Bevilacqua&#8221; url=&#8221;https:\/\/test.leotopstyling.it\/en\/project\/fenice-damask\/&#8221; _builder_version=&#8221;4.16&#8243; _module_preset=&#8221;default&#8221; global_colors_info=&#8221;{}&#8221;][\/et_pb_image][et_pb_text _builder_version=&#8221;4.16&#8243; _module_preset=&#8221;default&#8221; text_font=&#8221;|||on|||||&#8221; text_font_size=&#8221;11px&#8221; custom_margin=&#8221;-22px||||false|false&#8221; global_colors_info=&#8221;{}&#8221;]Fenice &#8211; Emerald[\/et_pb_text][\/et_pb_column][et_pb_column type=&#8221;1_4&#8243; _builder_version=&#8221;4.16&#8243; _module_preset=&#8221;default&#8221; global_colors_info=&#8221;{}&#8221;][et_pb_image src=&#8221;http:\/\/www.luigi-bevilacqua.com\/wp-content\/uploads\/2014\/09\/Damasco-Giardino-Craquele-33077-verde-oro.jpg&#8221; alt=&#8221;Damasco Giardino Craquele 33077 verde-oro | Tessitura Bevilacqua&#8221; title_text=&#8221;Damasco Giardino Craquele 33077 verde-oro | Tessitura Bevilacqua&#8221; url=&#8221;https:\/\/test.leotopstyling.it\/en\/project\/giardino-craquele-damask\/&#8221; _builder_version=&#8221;4.16&#8243; _module_preset=&#8221;default&#8221; global_colors_info=&#8221;{}&#8221;][\/et_pb_image][et_pb_text _builder_version=&#8221;4.16&#8243; _module_preset=&#8221;default&#8221; text_font=&#8221;|||on|||||&#8221; text_font_size=&#8221;11px&#8221; custom_margin=&#8221;-22px||||false|false&#8221; global_colors_info=&#8221;{}&#8221;]GIARDINO CRAQUEL\u00c9 &#8211; Green \u2013Gold[\/et_pb_text][\/et_pb_column][et_pb_column type=&#8221;1_4&#8243; _builder_version=&#8221;4.16&#8243; _module_preset=&#8221;default&#8221; global_colors_info=&#8221;{}&#8221;][et_pb_image src=&#8221;http:\/\/www.luigi-bevilacqua.com\/wp-content\/uploads\/2014\/09\/Damasco-Giardino-Craquele-33077-giada-098-33077.jpg&#8221; alt=&#8221;Damasco Giardino Craquele 33077 verde-oro | Tessitura Bevilacqua&#8221; title_text=&#8221;Damasco Giardino Craquele 33077 giada 098-33077 | Tessitura Bevilacqua&#8221; url=&#8221;https:\/\/test.leotopstyling.it\/en\/project\/giardino-craquele-damask\/&#8221; _builder_version=&#8221;4.16&#8243; _module_preset=&#8221;default&#8221; global_colors_info=&#8221;{}&#8221;][\/et_pb_image][et_pb_text _builder_version=&#8221;4.16&#8243; _module_preset=&#8221;default&#8221; text_font=&#8221;|||on|||||&#8221; text_font_size=&#8221;11px&#8221; custom_margin=&#8221;-22px||||false|false&#8221; global_colors_info=&#8221;{}&#8221;]GIARDINO CRAQUEL\u00c9 &#8211; Jade[\/et_pb_text][\/et_pb_column][et_pb_column type=&#8221;1_4&#8243; _builder_version=&#8221;4.16&#8243; _module_preset=&#8221;default&#8221; global_colors_info=&#8221;{}&#8221;][et_pb_image src=&#8221;http:\/\/www.luigi-bevilacqua.com\/wp-content\/uploads\/2014\/09\/Damasco-Craquel\u00e9-Giardino-168-33077-smeraldo-oro.jpg&#8221; alt=&#8221;Damasco Craquel\u00e9 Giardino 168-33077 smeraldo-oro | Tessiture Bevilacqua&#8221; title_text=&#8221;Damasco Craquel\u00e9 Giardino 168-33077 smeraldo-oro | Tessiture Bevilacqua&#8221; url=&#8221;https:\/\/test.leotopstyling.it\/en\/project\/giardino-craquele-damask\/&#8221; _builder_version=&#8221;4.16&#8243; _module_preset=&#8221;default&#8221; global_colors_info=&#8221;{}&#8221;][\/et_pb_image][et_pb_text _builder_version=&#8221;4.16&#8243; _module_preset=&#8221;default&#8221; text_font=&#8221;|||on|||||&#8221; text_font_size=&#8221;11px&#8221; custom_margin=&#8221;-22px||||false|false&#8221; global_colors_info=&#8221;{}&#8221;]GIARDINO CRAQUEL\u00c9 &#8211; Emerald \u2013 Gold[\/et_pb_text][\/et_pb_column][\/et_pb_row][et_pb_row column_structure=&#8221;1_4,1_4,1_4,1_4&#8243; _builder_version=&#8221;4.16&#8243; _module_preset=&#8221;default&#8221; global_colors_info=&#8221;{}&#8221;][et_pb_column type=&#8221;1_4&#8243; _builder_version=&#8221;4.16&#8243; _module_preset=&#8221;default&#8221; global_colors_info=&#8221;{}&#8221;][et_pb_image src=&#8221;http:\/\/www.luigi-bevilacqua.com\/wp-content\/uploads\/2020\/02\/Damasco-Termidoro-088-3691-smerlado-beige-400&#215;400-1.jpg&#8221; alt=&#8221;Damasco Termidoro 088-3691 smeraldo-beige | Tessitura Bevilacqua&#8221; title_text=&#8221;Damasco Termidoro 088-3691 smerlado beige 400&#215;400&#8243; url=&#8221;https:\/\/test.leotopstyling.it\/en\/project\/termidoro-damask\/&#8221; _builder_version=&#8221;4.16&#8243; _module_preset=&#8221;default&#8221; global_colors_info=&#8221;{}&#8221;][\/et_pb_image][et_pb_text _builder_version=&#8221;4.16&#8243; _module_preset=&#8221;default&#8221; text_font=&#8221;|||on|||||&#8221; text_font_size=&#8221;11px&#8221; custom_margin=&#8221;-22px||||false|false&#8221; global_colors_info=&#8221;{}&#8221;]Termidoro &#8211; Smeraldo \u2013 Beige [\/et_pb_text][\/et_pb_column][et_pb_column type=&#8221;1_4&#8243; _builder_version=&#8221;4.16&#8243; _module_preset=&#8221;default&#8221; global_colors_info=&#8221;{}&#8221;][\/et_pb_column][et_pb_column type=&#8221;1_4&#8243; _builder_version=&#8221;4.16&#8243; _module_preset=&#8221;default&#8221; global_colors_info=&#8221;{}&#8221;][\/et_pb_column][et_pb_column type=&#8221;1_4&#8243; _builder_version=&#8221;4.16&#8243; _module_preset=&#8221;default&#8221; global_colors_info=&#8221;{}&#8221;][\/et_pb_column][\/et_pb_row][et_pb_row _builder_version=&#8221;4.16&#8243; background_size=&#8221;initial&#8221; background_position=&#8221;top_left&#8221; background_repeat=&#8221;repeat&#8221; global_colors_info=&#8221;{}&#8221;][et_pb_column type=&#8221;4_4&#8243; _builder_version=&#8221;4.16&#8243; custom_padding=&#8221;|||&#8221; global_colors_info=&#8221;{}&#8221; custom_padding__hover=&#8221;|||&#8221;][et_pb_text _builder_version=&#8221;4.16&#8243; text_font=&#8221;Roboto|||on|||||&#8221; text_font_size=&#8221;14px&#8221; text_letter_spacing=&#8221;1px&#8221; global_colors_info=&#8221;{}&#8221;]<\/p>\n<p style=\"text-align: center;\">Brocatelles<\/p>\n<p>[\/et_pb_text][\/et_pb_column][\/et_pb_row][et_pb_row column_structure=&#8221;1_4,1_4,1_4,1_4&#8243; _builder_version=&#8221;4.16&#8243; _module_preset=&#8221;default&#8221; global_colors_info=&#8221;{}&#8221;][et_pb_column type=&#8221;1_4&#8243; _builder_version=&#8221;4.16&#8243; _module_preset=&#8221;default&#8221; global_colors_info=&#8221;{}&#8221;][et_pb_image src=&#8221;http:\/\/www.luigi-bevilacqua.com\/wp-content\/uploads\/2020\/01\/Broccatello-Acanto-verde-110-34895_500x500.jpg&#8221; alt=&#8221;Broccatello Acanto verde 110-34895 | Tessitura Bevilacqua&#8221; title_text=&#8221;Broccatello Acanto verde 110-34895 | Tessitura Bevilacqua&#8221; url=&#8221;https:\/\/test.leotopstyling.it\/en\/project\/acanto-brocatelle\/&#8221; _builder_version=&#8221;4.16&#8243; _module_preset=&#8221;default&#8221; global_colors_info=&#8221;{}&#8221;][\/et_pb_image][et_pb_text _builder_version=&#8221;4.16&#8243; _module_preset=&#8221;default&#8221; text_font=&#8221;|||on|||||&#8221; text_font_size=&#8221;11px&#8221; custom_margin=&#8221;-22px||||false|false&#8221; global_colors_info=&#8221;{}&#8221;]Acanto &#8211; Green[\/et_pb_text][\/et_pb_column][et_pb_column type=&#8221;1_4&#8243; _builder_version=&#8221;4.16&#8243; _module_preset=&#8221;default&#8221; global_colors_info=&#8221;{}&#8221;][et_pb_image src=&#8221;http:\/\/www.luigi-bevilacqua.com\/wp-content\/uploads\/2020\/01\/Broccatello-Acanto-verde-oliva-111-34895_500x500.jpg&#8221; alt=&#8221;Broccatello Acanto verde oliva 111-34895 | Tessitura Bevilacqua&#8221; title_text=&#8221;Broccatello Acanto verde oliva 111-34895 | Tessitura Bevilacqua&#8221; url=&#8221;https:\/\/test.leotopstyling.it\/en\/project\/acanto-brocatelle\/&#8221; _builder_version=&#8221;4.16&#8243; _module_preset=&#8221;default&#8221; global_colors_info=&#8221;{}&#8221;][\/et_pb_image][et_pb_text _builder_version=&#8221;4.16&#8243; _module_preset=&#8221;default&#8221; text_font=&#8221;|||on|||||&#8221; text_font_size=&#8221;11px&#8221; custom_margin=&#8221;-22px||||false|false&#8221; global_colors_info=&#8221;{}&#8221;]Acanto &#8211; Olive Green[\/et_pb_text][\/et_pb_column][et_pb_column type=&#8221;1_4&#8243; _builder_version=&#8221;4.16&#8243; _module_preset=&#8221;default&#8221; global_colors_info=&#8221;{}&#8221;][et_pb_image src=&#8221;http:\/\/www.luigi-bevilacqua.com\/wp-content\/uploads\/2014\/09\/Broccatello-Fiere-168-32973-smeraldo.jpg&#8221; alt=&#8221;Damasco Craquel\u00e9 Giardino 168-33077 smeraldo-oro | Tessiture Bevilacqua&#8221; title_text=&#8221;Broccatello Fiere 168-32973 smeraldo | Tessitura Bevilacqua&#8221; url=&#8221;https:\/\/test.leotopstyling.it\/en\/project\/fiere-brocatelle\/&#8221; _builder_version=&#8221;4.16&#8243; _module_preset=&#8221;default&#8221; global_colors_info=&#8221;{}&#8221;][\/et_pb_image][et_pb_text _builder_version=&#8221;4.16&#8243; _module_preset=&#8221;default&#8221; text_font=&#8221;|||on|||||&#8221; text_font_size=&#8221;11px&#8221; custom_margin=&#8221;-22px||||false|false&#8221; global_colors_info=&#8221;{}&#8221;]Fiere &#8211; Emerald[\/et_pb_text][\/et_pb_column][et_pb_column type=&#8221;1_4&#8243; _builder_version=&#8221;4.16&#8243; _module_preset=&#8221;default&#8221; global_colors_info=&#8221;{}&#8221;][et_pb_image src=&#8221;http:\/\/www.luigi-bevilacqua.com\/wp-content\/uploads\/2020\/01\/Broccatello-Giardino-verde-antico-111-34248-500&#215;500-1.jpg&#8221; alt=&#8221;Broccatello Giardino verde antico 111-34248 | Tessitura Bevilacqua&#8221; title_text=&#8221;Broccatello Giardino verde antico 111-34248 | Tessitura Bevilacqua&#8221; url=&#8221;https:\/\/test.leotopstyling.it\/en\/project\/giardino-brocatelle\/&#8221; _builder_version=&#8221;4.16&#8243; _module_preset=&#8221;default&#8221; global_colors_info=&#8221;{}&#8221;][\/et_pb_image][et_pb_text _builder_version=&#8221;4.16&#8243; _module_preset=&#8221;default&#8221; text_font=&#8221;|||on|||||&#8221; text_font_size=&#8221;11px&#8221; custom_margin=&#8221;-22px||||false|false&#8221; global_colors_info=&#8221;{}&#8221;]Giardino &#8211; Antique Green[\/et_pb_text][\/et_pb_column][\/et_pb_row][et_pb_row column_structure=&#8221;1_4,1_4,1_4,1_4&#8243; _builder_version=&#8221;4.16&#8243; _module_preset=&#8221;default&#8221; global_colors_info=&#8221;{}&#8221;][et_pb_column type=&#8221;1_4&#8243; _builder_version=&#8221;4.16&#8243; _module_preset=&#8221;default&#8221; global_colors_info=&#8221;{}&#8221;][et_pb_image src=&#8221;http:\/\/www.luigi-bevilacqua.com\/wp-content\/uploads\/2020\/01\/Broccatello-Griccia-verde-antico-111-34293_500x500.jpg&#8221; alt=&#8221;Broccatello Griccia verde antico 111-34293 | Tessitura Bevilacqua&#8221; title_text=&#8221;Broccatello Griccia verde antico 111-34293 | Tessitura Bevilacqua&#8221; url=&#8221;https:\/\/test.leotopstyling.it\/en\/project\/griccia-brocatelle\/&#8221; _builder_version=&#8221;4.16&#8243; _module_preset=&#8221;default&#8221; global_colors_info=&#8221;{}&#8221;][\/et_pb_image][et_pb_text _builder_version=&#8221;4.16&#8243; _module_preset=&#8221;default&#8221; text_font=&#8221;|||on|||||&#8221; text_font_size=&#8221;11px&#8221; custom_margin=&#8221;-22px||||false|false&#8221; global_colors_info=&#8221;{}&#8221;]Griccia &#8211; Antique Green[\/et_pb_text][\/et_pb_column][et_pb_column type=&#8221;1_4&#8243; _builder_version=&#8221;4.16&#8243; _module_preset=&#8221;default&#8221; global_colors_info=&#8221;{}&#8221;][et_pb_image src=&#8221;http:\/\/www.luigi-bevilacqua.com\/wp-content\/uploads\/2020\/01\/Broccatello-Grottesche-verde-antico-111-34135-500&#215;500-1.jpg&#8221; alt=&#8221;Broccatello Grottesche verde antico 111-34135 | Tessitura Bevilacqua&#8221; title_text=&#8221;Broccatello Grottesche verde antico 111-34135 | Tessitura Bevilacqua&#8221; url=&#8221;https:\/\/test.leotopstyling.it\/en\/project\/grottesche-brocatelle\/&#8221; _builder_version=&#8221;4.16&#8243; _module_preset=&#8221;default&#8221; global_colors_info=&#8221;{}&#8221;][\/et_pb_image][et_pb_text _builder_version=&#8221;4.16&#8243; _module_preset=&#8221;default&#8221; text_font=&#8221;|||on|||||&#8221; text_font_size=&#8221;11px&#8221; custom_margin=&#8221;-22px||||false|false&#8221; global_colors_info=&#8221;{}&#8221;]Grottesche- Antique Green[\/et_pb_text][\/et_pb_column][et_pb_column type=&#8221;1_4&#8243; _builder_version=&#8221;4.16&#8243; _module_preset=&#8221;default&#8221; global_colors_info=&#8221;{}&#8221;][et_pb_image src=&#8221;http:\/\/www.luigi-bevilacqua.com\/wp-content\/uploads\/2018\/02\/Broccatello-Sagredo-giada.jpg&#8221; alt=&#8221;Broccatello Sagredo giada | Tessitura Bevilacqua&#8221; title_text=&#8221;Broccatello Sagredo giada | Tessitura Bevilacqua&#8221; url=&#8221;https:\/\/test.leotopstyling.it\/en\/project\/sagredo\/&#8221; _builder_version=&#8221;4.16&#8243; _module_preset=&#8221;default&#8221; global_colors_info=&#8221;{}&#8221;][\/et_pb_image][et_pb_text _builder_version=&#8221;4.16&#8243; _module_preset=&#8221;default&#8221; text_font=&#8221;|||on|||||&#8221; text_font_size=&#8221;11px&#8221; custom_margin=&#8221;-22px||||false|false&#8221; global_colors_info=&#8221;{}&#8221;]Sagredo &#8211; Jade[\/et_pb_text][\/et_pb_column][et_pb_column type=&#8221;1_4&#8243; _builder_version=&#8221;4.16&#8243; _module_preset=&#8221;default&#8221; global_colors_info=&#8221;{}&#8221;][et_pb_image src=&#8221;http:\/\/www.luigi-bevilacqua.com\/wp-content\/uploads\/2018\/02\/Broccatello-Sagredo-verde-oro.jpg&#8221; alt=&#8221;Broccatello Sagredo verde oro | Tessitura Bevilacqua&#8221; title_text=&#8221;Broccatello Sagredo verde oro | Tessitura Bevilacqua&#8221; url=&#8221;https:\/\/test.leotopstyling.it\/en\/project\/sagredo\/&#8221; _builder_version=&#8221;4.16&#8243; _module_preset=&#8221;default&#8221; global_colors_info=&#8221;{}&#8221;][\/et_pb_image][et_pb_text _builder_version=&#8221;4.16&#8243; _module_preset=&#8221;default&#8221; text_font=&#8221;|||on|||||&#8221; text_font_size=&#8221;11px&#8221; custom_margin=&#8221;-22px||||false|false&#8221; global_colors_info=&#8221;{}&#8221;]Sagredo &#8211; Green[\/et_pb_text][\/et_pb_column][\/et_pb_row][et_pb_row _builder_version=&#8221;4.16&#8243; background_size=&#8221;initial&#8221; background_position=&#8221;top_left&#8221; background_repeat=&#8221;repeat&#8221; global_colors_info=&#8221;{}&#8221;][et_pb_column type=&#8221;4_4&#8243; _builder_version=&#8221;4.16&#8243; custom_padding=&#8221;|||&#8221; global_colors_info=&#8221;{}&#8221; custom_padding__hover=&#8221;|||&#8221;][et_pb_text _builder_version=&#8221;4.16&#8243; text_font=&#8221;Roboto|||on|||||&#8221; text_font_size=&#8221;14px&#8221; text_letter_spacing=&#8221;1px&#8221; global_colors_info=&#8221;{}&#8221;]<\/p>\n<p style=\"text-align: center;\">Satins<\/p>\n<p>[\/et_pb_text][\/et_pb_column][\/et_pb_row][et_pb_row column_structure=&#8221;1_4,1_4,1_4,1_4&#8243; _builder_version=&#8221;4.16&#8243; _module_preset=&#8221;default&#8221; global_colors_info=&#8221;{}&#8221;][et_pb_column type=&#8221;1_4&#8243; _builder_version=&#8221;4.16&#8243; _module_preset=&#8221;default&#8221; global_colors_info=&#8221;{}&#8221;][et_pb_image src=&#8221;http:\/\/www.luigi-bevilacqua.com\/wp-content\/uploads\/2014\/11\/Raso-Goffrato-098-277-giada.jpg&#8221; alt=&#8221;Raso Goffrato 098-277 giada | Tessiture Bevilacqua&#8221; title_text=&#8221;Raso Goffrato 098-277 giada | Tessiture Bevilacqua&#8221; url=&#8221;https:\/\/test.leotopstyling.it\/en\/project\/goffrato-satin\/&#8221; _builder_version=&#8221;4.16&#8243; _module_preset=&#8221;default&#8221; global_colors_info=&#8221;{}&#8221;][\/et_pb_image][et_pb_text _builder_version=&#8221;4.16&#8243; _module_preset=&#8221;default&#8221; text_font=&#8221;|||on|||||&#8221; text_font_size=&#8221;11px&#8221; custom_margin=&#8221;-22px||||false|false&#8221; global_colors_info=&#8221;{}&#8221;]Goffrato &#8211; Jade[\/et_pb_text][\/et_pb_column][et_pb_column type=&#8221;1_4&#8243; _builder_version=&#8221;4.16&#8243; _module_preset=&#8221;default&#8221; global_colors_info=&#8221;{}&#8221;][et_pb_image src=&#8221;http:\/\/www.luigi-bevilacqua.com\/wp-content\/uploads\/2020\/02\/RASO-GOFFRATO-248-540-smeraldo_400x400.jpg&#8221; alt=&#8221;Raso Goffrato 058-277 smeraldo | Tessitura Bevilacqua&#8221; title_text=&#8221;Raso Goffrato 058-277 smeraldo | Tessitura Bevilacqua&#8221; url=&#8221;https:\/\/test.leotopstyling.it\/en\/project\/goffrato-satin\/&#8221; _builder_version=&#8221;4.16&#8243; _module_preset=&#8221;default&#8221; global_colors_info=&#8221;{}&#8221;][\/et_pb_image][et_pb_text _builder_version=&#8221;4.16&#8243; _module_preset=&#8221;default&#8221; text_font=&#8221;|||on|||||&#8221; text_font_size=&#8221;11px&#8221; custom_margin=&#8221;-22px||||false|false&#8221; global_colors_info=&#8221;{}&#8221;]Goffrato &#8211; Emerald[\/et_pb_text][\/et_pb_column][et_pb_column type=&#8221;1_4&#8243; _builder_version=&#8221;4.16&#8243; _module_preset=&#8221;default&#8221; global_colors_info=&#8221;{}&#8221;][et_pb_image src=&#8221;http:\/\/www.luigi-bevilacqua.com\/wp-content\/uploads\/2014\/11\/Raso-Goffrato-092-277-verde.jpg&#8221; alt=&#8221;Raso Goffrato 092-277 verde | Tessiture Bevilacqua&#8221; title_text=&#8221;Raso Goffrato 092-277 verde | Tessiture Bevilacqua&#8221; url=&#8221;https:\/\/test.leotopstyling.it\/en\/project\/goffrato-satin\/&#8221; _builder_version=&#8221;4.16&#8243; _module_preset=&#8221;default&#8221; global_colors_info=&#8221;{}&#8221;][\/et_pb_image][et_pb_text _builder_version=&#8221;4.16&#8243; _module_preset=&#8221;default&#8221; text_font=&#8221;|||on|||||&#8221; text_font_size=&#8221;11px&#8221; custom_margin=&#8221;-22px||||false|false&#8221; global_colors_info=&#8221;{}&#8221;]Goffrato &#8211; Green[\/et_pb_text][\/et_pb_column][et_pb_column type=&#8221;1_4&#8243; _builder_version=&#8221;4.16&#8243; _module_preset=&#8221;default&#8221; global_colors_info=&#8221;{}&#8221;][et_pb_image src=&#8221;http:\/\/www.luigi-bevilacqua.com\/wp-content\/uploads\/2014\/11\/Raso-Unito-098-540-giada.jpg&#8221; alt=&#8221;Raso Unito 098-540 giada | Tessiture Bevilacqua&#8221; title_text=&#8221;Raso Unito 098-540 giada | Tessiture Bevilacqua&#8221; url=&#8221;https:\/\/test.leotopstyling.it\/en\/project\/unito-satin\/&#8221; _builder_version=&#8221;4.16&#8243; _module_preset=&#8221;default&#8221; global_colors_info=&#8221;{}&#8221;][\/et_pb_image][et_pb_text _builder_version=&#8221;4.16&#8243; _module_preset=&#8221;default&#8221; text_font=&#8221;|||on|||||&#8221; text_font_size=&#8221;11px&#8221; custom_margin=&#8221;-22px||||false|false&#8221; global_colors_info=&#8221;{}&#8221;]Unito &#8211; Jade[\/et_pb_text][\/et_pb_column][\/et_pb_row][et_pb_row column_structure=&#8221;1_4,1_4,1_4,1_4&#8243; _builder_version=&#8221;4.16&#8243; _module_preset=&#8221;default&#8221; global_colors_info=&#8221;{}&#8221;][et_pb_column type=&#8221;1_4&#8243; _builder_version=&#8221;4.16&#8243; _module_preset=&#8221;default&#8221; global_colors_info=&#8221;{}&#8221;][et_pb_image src=&#8221;http:\/\/www.luigi-bevilacqua.com\/wp-content\/uploads\/2014\/11\/Raso-Unito-248-540-smeraldo.jpg&#8221; alt=&#8221;Raso Unito 248-540 smeraldo | Tessitura Bevilacqua&#8221; title_text=&#8221;Raso Unito 248-540 smeraldo | Tessitura Bevilacqua&#8221; url=&#8221;https:\/\/test.leotopstyling.it\/en\/project\/unito-satin\/&#8221; _builder_version=&#8221;4.16&#8243; _module_preset=&#8221;default&#8221; global_colors_info=&#8221;{}&#8221;][\/et_pb_image][et_pb_text _builder_version=&#8221;4.16&#8243; _module_preset=&#8221;default&#8221; text_font=&#8221;|||on|||||&#8221; text_font_size=&#8221;11px&#8221; custom_margin=&#8221;-22px||||false|false&#8221; global_colors_info=&#8221;{}&#8221;]Unito &#8211; Emerald[\/et_pb_text][\/et_pb_column][et_pb_column type=&#8221;1_4&#8243; _builder_version=&#8221;4.16&#8243; _module_preset=&#8221;default&#8221; global_colors_info=&#8221;{}&#8221;][et_pb_image src=&#8221;http:\/\/www.luigi-bevilacqua.com\/wp-content\/uploads\/2014\/11\/Raso-Unito-092-540-verde.jpg&#8221; alt=&#8221;Raso Unito 092-540 verde | Tessiture Bevilacqua&#8221; title_text=&#8221;Raso Unito 092-540 verde | Tessiture Bevilacqua&#8221; url=&#8221;https:\/\/test.leotopstyling.it\/en\/project\/unito-satin\/&#8221; _builder_version=&#8221;4.16&#8243; _module_preset=&#8221;default&#8221; global_colors_info=&#8221;{}&#8221;][\/et_pb_image][et_pb_text _builder_version=&#8221;4.16&#8243; _module_preset=&#8221;default&#8221; text_font=&#8221;|||on|||||&#8221; text_font_size=&#8221;11px&#8221; custom_margin=&#8221;-22px||||false|false&#8221; global_colors_info=&#8221;{}&#8221;]Unito &#8211; Green[\/et_pb_text][\/et_pb_column][et_pb_column type=&#8221;1_4&#8243; _builder_version=&#8221;4.16&#8243; _module_preset=&#8221;default&#8221; global_colors_info=&#8221;{}&#8221;][\/et_pb_column][et_pb_column type=&#8221;1_4&#8243; _builder_version=&#8221;4.16&#8243; _module_preset=&#8221;default&#8221; global_colors_info=&#8221;{}&#8221;][\/et_pb_column][\/et_pb_row][et_pb_row _builder_version=&#8221;4.16&#8243; background_size=&#8221;initial&#8221; background_position=&#8221;top_left&#8221; background_repeat=&#8221;repeat&#8221; global_colors_info=&#8221;{}&#8221;][et_pb_column type=&#8221;4_4&#8243; _builder_version=&#8221;4.16&#8243; custom_padding=&#8221;|||&#8221; global_colors_info=&#8221;{}&#8221; custom_padding__hover=&#8221;|||&#8221;][et_pb_text _builder_version=&#8221;4.16&#8243; text_font=&#8221;Roboto|||on|||||&#8221; text_font_size=&#8221;14px&#8221; text_letter_spacing=&#8221;1px&#8221; global_colors_info=&#8221;{}&#8221;]<\/p>\n<p style=\"text-align: center;\">Lampases<\/p>\n<p>[\/et_pb_text][\/et_pb_column][\/et_pb_row][et_pb_row column_structure=&#8221;1_4,1_4,1_4,1_4&#8243; _builder_version=&#8221;4.16&#8243; _module_preset=&#8221;default&#8221; global_colors_info=&#8221;{}&#8221;][et_pb_column type=&#8221;1_4&#8243; _builder_version=&#8221;4.16&#8243; _module_preset=&#8221;default&#8221; global_colors_info=&#8221;{}&#8221;][et_pb_image src=&#8221;http:\/\/www.luigi-bevilacqua.com\/wp-content\/uploads\/2014\/09\/Lampasso-Bizar-178-3937-smeraldo-lam\u00e9.jpg&#8221; alt=&#8221;Lampasso Bizar 178-3937 smeraldo lam\u00e9 | Tessiture Bevilacqua&#8221; title_text=&#8221;Lampasso Bizar 178-3937 smeraldo lam\u00e9 | Tessiture Bevilacqua&#8221; url=&#8221;https:\/\/test.leotopstyling.it\/en\/project\/bizar-lampas\/&#8221; _builder_version=&#8221;4.16&#8243; _module_preset=&#8221;default&#8221; global_colors_info=&#8221;{}&#8221;][\/et_pb_image][et_pb_text _builder_version=&#8221;4.16&#8243; _module_preset=&#8221;default&#8221; text_font=&#8221;|||on|||||&#8221; text_font_size=&#8221;11px&#8221; custom_margin=&#8221;-22px||||false|false&#8221; global_colors_info=&#8221;{}&#8221;]Bizar &#8211; Emerald[\/et_pb_text][\/et_pb_column][et_pb_column type=&#8221;1_4&#8243; _builder_version=&#8221;4.16&#8243; _module_preset=&#8221;default&#8221; global_colors_info=&#8221;{}&#8221;][et_pb_image src=&#8221;http:\/\/www.luigi-bevilacqua.com\/wp-content\/uploads\/2020\/02\/Lampasso-Bizar-092-3937-verde.jpg&#8221; alt=&#8221;Lampasso Bizar 092-3937 verde | Tessitura Bevilacqua&#8221; title_text=&#8221;Lampasso Bizar 092-3937 verde&#8221; url=&#8221;https:\/\/test.leotopstyling.it\/en\/project\/bizar-lampas\/&#8221; _builder_version=&#8221;4.16&#8243; _module_preset=&#8221;default&#8221; global_colors_info=&#8221;{}&#8221;][\/et_pb_image][et_pb_text _builder_version=&#8221;4.16&#8243; _module_preset=&#8221;default&#8221; text_font=&#8221;|||on|||||&#8221; text_font_size=&#8221;11px&#8221; custom_margin=&#8221;-22px||||false|false&#8221; global_colors_info=&#8221;{}&#8221;]Bizar &#8211; Green[\/et_pb_text][\/et_pb_column][et_pb_column type=&#8221;1_4&#8243; _builder_version=&#8221;4.16&#8243; _module_preset=&#8221;default&#8221; global_colors_info=&#8221;{}&#8221;][et_pb_image src=&#8221;http:\/\/www.luigi-bevilacqua.com\/wp-content\/uploads\/2014\/11\/Lampasso-Broccato-giada.jpg&#8221; alt=&#8221;Lampasso Broccato giada | Tessitura Bevilacqua&#8221; title_text=&#8221;Lampasso Broccato giada | Tessitura Bevilacqua&#8221; url=&#8221;https:\/\/test.leotopstyling.it\/en\/project\/broccato-lampas\/&#8221; _builder_version=&#8221;4.16&#8243; _module_preset=&#8221;default&#8221; global_colors_info=&#8221;{}&#8221;][\/et_pb_image][et_pb_text _builder_version=&#8221;4.16&#8243; _module_preset=&#8221;default&#8221; text_font=&#8221;|||on|||||&#8221; text_font_size=&#8221;11px&#8221; custom_margin=&#8221;-22px||||false|false&#8221; global_colors_info=&#8221;{}&#8221;]Broccato &#8211; Jade[\/et_pb_text][\/et_pb_column][et_pb_column type=&#8221;1_4&#8243; _builder_version=&#8221;4.16&#8243; _module_preset=&#8221;default&#8221; global_colors_info=&#8221;{}&#8221;][et_pb_image src=&#8221;http:\/\/www.luigi-bevilacqua.com\/wp-content\/uploads\/2014\/11\/Lampasso-Broccato-048-35139-smeraldo.jpg&#8221; alt=&#8221;Lampasso Broccato 048-35139 smeraldo | Tessiture Bevilacqua&#8221; title_text=&#8221;Lampasso Broccato 048-35139 smeraldo | Tessiture Bevilacqua&#8221; url=&#8221;https:\/\/test.leotopstyling.it\/en\/project\/broccato-lampas\/&#8221; _builder_version=&#8221;4.16&#8243; _module_preset=&#8221;default&#8221; global_colors_info=&#8221;{}&#8221;][\/et_pb_image][et_pb_text _builder_version=&#8221;4.16&#8243; _module_preset=&#8221;default&#8221; text_font=&#8221;|||on|||||&#8221; text_font_size=&#8221;11px&#8221; custom_margin=&#8221;-22px||||false|false&#8221; global_colors_info=&#8221;{}&#8221;]Broccato &#8211; Emerald[\/et_pb_text][\/et_pb_column][\/et_pb_row][et_pb_row column_structure=&#8221;1_4,1_4,1_4,1_4&#8243; _builder_version=&#8221;4.16&#8243; _module_preset=&#8221;default&#8221; global_colors_info=&#8221;{}&#8221;][et_pb_column type=&#8221;1_4&#8243; _builder_version=&#8221;4.16&#8243; _module_preset=&#8221;default&#8221; global_colors_info=&#8221;{}&#8221;][et_pb_image src=&#8221;http:\/\/www.luigi-bevilacqua.com\/wp-content\/uploads\/2018\/02\/Lampasso-Maja-verde-092-3923.jpg&#8221; alt=&#8221;Lampasso Maja verde 092-3923 | Tessitura Bevilacqua&#8221; title_text=&#8221;Lampasso Maja verde 092-3923 | Tessitura Bevilacqua&#8221; url=&#8221;https:\/\/test.leotopstyling.it\/en\/project\/maja\/&#8221; _builder_version=&#8221;4.16&#8243; _module_preset=&#8221;default&#8221; global_colors_info=&#8221;{}&#8221;][\/et_pb_image][et_pb_text _builder_version=&#8221;4.16&#8243; _module_preset=&#8221;default&#8221; text_font=&#8221;|||on|||||&#8221; text_font_size=&#8221;11px&#8221; custom_margin=&#8221;-22px||||false|false&#8221; global_colors_info=&#8221;{}&#8221;]Maja &#8211; Green[\/et_pb_text][\/et_pb_column][et_pb_column type=&#8221;1_4&#8243; _builder_version=&#8221;4.16&#8243; _module_preset=&#8221;default&#8221; global_colors_info=&#8221;{}&#8221;][et_pb_image src=&#8221;http:\/\/www.luigi-bevilacqua.com\/wp-content\/uploads\/2014\/09\/Lampasso-Melograno-giada-098-33990s-corretta.jpg&#8221; alt=&#8221;Lampasso Melograno giada 098-33990s corretta | Tessiture Bevilacqua&#8221; title_text=&#8221;Lampasso Melograno giada 098-33990s corretta&#8221; url=&#8221;https:\/\/test.leotopstyling.it\/en\/project\/melograno-lampas\/&#8221; _builder_version=&#8221;4.16&#8243; _module_preset=&#8221;default&#8221; global_colors_info=&#8221;{}&#8221;][\/et_pb_image][et_pb_text _builder_version=&#8221;4.16&#8243; _module_preset=&#8221;default&#8221; text_font=&#8221;|||on|||||&#8221; text_font_size=&#8221;11px&#8221; custom_margin=&#8221;-22px||||false|false&#8221; global_colors_info=&#8221;{}&#8221;]Melograno &#8211; Jade[\/et_pb_text][\/et_pb_column][et_pb_column type=&#8221;1_4&#8243; _builder_version=&#8221;4.16&#8243; _module_preset=&#8221;default&#8221; global_colors_info=&#8221;{}&#8221;][et_pb_image src=&#8221;http:\/\/www.luigi-bevilacqua.com\/wp-content\/uploads\/2014\/09\/Lampasso-Melograno-248-33990S-smeraldo.jpg&#8221; alt=&#8221;Lampasso Maja verde 092-3923 | Tessitura Bevilacqua&#8221; title_text=&#8221;Lampasso Melograno 248-33990S smeraldo | Tessiture Bevilacqua&#8221; url=&#8221;https:\/\/test.leotopstyling.it\/en\/project\/melograno-lampas\/&#8221; _builder_version=&#8221;4.16&#8243; _module_preset=&#8221;default&#8221; global_colors_info=&#8221;{}&#8221;][\/et_pb_image][et_pb_text _builder_version=&#8221;4.16&#8243; _module_preset=&#8221;default&#8221; text_font=&#8221;|||on|||||&#8221; text_font_size=&#8221;11px&#8221; custom_margin=&#8221;-22px||||false|false&#8221; global_colors_info=&#8221;{}&#8221;]Melograno &#8211; Emerald[\/et_pb_text][\/et_pb_column][et_pb_column type=&#8221;1_4&#8243; _builder_version=&#8221;4.16&#8243; _module_preset=&#8221;default&#8221; global_colors_info=&#8221;{}&#8221;][et_pb_image src=&#8221;http:\/\/www.luigi-bevilacqua.com\/wp-content\/uploads\/2020\/02\/Lampasso-Paesaggio-giada-098-39040-400&#215;400-1.jpg&#8221; alt=&#8221;Lampasso Paesaggio 098-39040 giada | Tessitura Bevilacqua&#8221; title_text=&#8221;Lampasso Paesaggio giada 098-39040 400&#215;400&#8243; url=&#8221;https:\/\/test.leotopstyling.it\/en\/project\/paesaggio-lampas\/&#8221; _builder_version=&#8221;4.16&#8243; _module_preset=&#8221;default&#8221; global_colors_info=&#8221;{}&#8221;][\/et_pb_image][et_pb_text _builder_version=&#8221;4.16&#8243; _module_preset=&#8221;default&#8221; text_font=&#8221;|||on|||||&#8221; text_font_size=&#8221;11px&#8221; custom_margin=&#8221;-22px||||false|false&#8221; global_colors_info=&#8221;{}&#8221;]Paesaggio &#8211; Jade[\/et_pb_text][\/et_pb_column][\/et_pb_row][et_pb_row column_structure=&#8221;1_4,1_4,1_4,1_4&#8243; _builder_version=&#8221;4.16&#8243; _module_preset=&#8221;default&#8221; global_colors_info=&#8221;{}&#8221;][et_pb_column type=&#8221;1_4&#8243; _builder_version=&#8221;4.16&#8243; _module_preset=&#8221;default&#8221; global_colors_info=&#8221;{}&#8221;][et_pb_image src=&#8221;http:\/\/www.luigi-bevilacqua.com\/wp-content\/uploads\/2020\/02\/Lampasso-Paesaggio-092-39040-verde.jpg&#8221; alt=&#8221;Lampasso Paesaggio 092-39040 verde | Tessitura Bevilacqua&#8221; title_text=&#8221;Lampasso Paesaggio 092-39040 verde&#8221; url=&#8221;https:\/\/test.leotopstyling.it\/en\/project\/paesaggio-lampas\/&#8221; _builder_version=&#8221;4.16&#8243; _module_preset=&#8221;default&#8221; global_colors_info=&#8221;{}&#8221;][\/et_pb_image][et_pb_text _builder_version=&#8221;4.16&#8243; _module_preset=&#8221;default&#8221; text_font=&#8221;|||on|||||&#8221; text_font_size=&#8221;11px&#8221; custom_margin=&#8221;-22px||||false|false&#8221; global_colors_info=&#8221;{}&#8221;]Paesaggio &#8211; Green[\/et_pb_text][\/et_pb_column][et_pb_column type=&#8221;1_4&#8243; _builder_version=&#8221;4.16&#8243; _module_preset=&#8221;default&#8221; global_colors_info=&#8221;{}&#8221;][et_pb_image src=&#8221;http:\/\/www.luigi-bevilacqua.com\/wp-content\/uploads\/2014\/11\/Lampasso-Svezia-autunno-182-3380.jpg&#8221; alt=&#8221;Lampasso Svezia autunno 182-3380 | Tessiture Bevilacqua&#8221; title_text=&#8221;Lampasso Svezia autunno 182-3380 | Tessiture Bevilacqua&#8221; url=&#8221;https:\/\/test.leotopstyling.it\/en\/project\/svezia-lampas\/&#8221; _builder_version=&#8221;4.16&#8243; _module_preset=&#8221;default&#8221; global_colors_info=&#8221;{}&#8221;][\/et_pb_image][et_pb_text _builder_version=&#8221;4.16&#8243; _module_preset=&#8221;default&#8221; text_font=&#8221;|||on|||||&#8221; text_font_size=&#8221;11px&#8221; custom_margin=&#8221;-22px||||false|false&#8221; global_colors_info=&#8221;{}&#8221;]Svezia &#8211; Autunno [\/et_pb_text][\/et_pb_column][et_pb_column type=&#8221;1_4&#8243; _builder_version=&#8221;4.16&#8243; _module_preset=&#8221;default&#8221; global_colors_info=&#8221;{}&#8221;][et_pb_image src=&#8221;http:\/\/www.luigi-bevilacqua.com\/wp-content\/uploads\/2014\/11\/Lampasso-Svezia-giada-198-3380.jpg&#8221; alt=&#8221;Lampasso Svezia giada 198-3380 | Tessitura Bevilacqua&#8221; title_text=&#8221;Lampasso Svezia giada 198-3380 | Tessitura Bevilacqua&#8221; url=&#8221;https:\/\/test.leotopstyling.it\/en\/project\/svezia-lampas\/&#8221; _builder_version=&#8221;4.16&#8243; _module_preset=&#8221;default&#8221; global_colors_info=&#8221;{}&#8221;][\/et_pb_image][et_pb_text _builder_version=&#8221;4.16&#8243; _module_preset=&#8221;default&#8221; text_font=&#8221;|||on|||||&#8221; text_font_size=&#8221;11px&#8221; custom_margin=&#8221;-22px||||false|false&#8221; global_colors_info=&#8221;{}&#8221;]Svezia &#8211; Jade[\/et_pb_text][\/et_pb_column][et_pb_column type=&#8221;1_4&#8243; _builder_version=&#8221;4.16&#8243; _module_preset=&#8221;default&#8221; global_colors_info=&#8221;{}&#8221;][et_pb_image src=&#8221;http:\/\/www.luigi-bevilacqua.com\/wp-content\/uploads\/2014\/11\/Lampasso-Svezia-028-3380-smeraldo.jpg&#8221; alt=&#8221;Lampasso Svezia 028-3380 smeraldo | Tessiture Bevilacqua&#8221; title_text=&#8221;Lampasso Svezia 028-3380 smeraldo | Tessiture Bevilacqua&#8221; url=&#8221;https:\/\/test.leotopstyling.it\/en\/project\/svezia-lampas\/&#8221; _builder_version=&#8221;4.16&#8243; _module_preset=&#8221;default&#8221; global_colors_info=&#8221;{}&#8221;][\/et_pb_image][et_pb_text _builder_version=&#8221;4.16&#8243; _module_preset=&#8221;default&#8221; text_font=&#8221;|||on|||||&#8221; text_font_size=&#8221;11px&#8221; custom_margin=&#8221;-22px||||false|false&#8221; global_colors_info=&#8221;{}&#8221;]Svezia &#8211; Emerald[\/et_pb_text][\/et_pb_column][\/et_pb_row][et_pb_row column_structure=&#8221;1_4,1_4,1_4,1_4&#8243; _builder_version=&#8221;4.16&#8243; _module_preset=&#8221;default&#8221; global_colors_info=&#8221;{}&#8221;][et_pb_column type=&#8221;1_4&#8243; _builder_version=&#8221;4.16&#8243; _module_preset=&#8221;default&#8221; global_colors_info=&#8221;{}&#8221;][et_pb_image src=&#8221;http:\/\/www.luigi-bevilacqua.com\/wp-content\/uploads\/2014\/11\/Lampasso-Svezia-verde-092-3380.jpg&#8221; alt=&#8221;Lampasso Svezia verde 092-3380 | Tessiture Bevilacqua&#8221; title_text=&#8221;Lampasso Svezia verde 092-3380 | Tessiture Bevilacqua&#8221; url=&#8221;https:\/\/test.leotopstyling.it\/en\/project\/svezia-lampas\/&#8221; _builder_version=&#8221;4.16&#8243; _module_preset=&#8221;default&#8221; global_colors_info=&#8221;{}&#8221;][\/et_pb_image][et_pb_text _builder_version=&#8221;4.16&#8243; _module_preset=&#8221;default&#8221; text_font=&#8221;|||on|||||&#8221; text_font_size=&#8221;11px&#8221; custom_margin=&#8221;-22px||||false|false&#8221; global_colors_info=&#8221;{}&#8221;]Svezia &#8211; Green[\/et_pb_text][\/et_pb_column][et_pb_column type=&#8221;1_4&#8243; _builder_version=&#8221;4.16&#8243; _module_preset=&#8221;default&#8221; global_colors_info=&#8221;{}&#8221;][et_pb_image src=&#8221;http:\/\/www.luigi-bevilacqua.com\/wp-content\/uploads\/2020\/02\/Lampasso-Three-crowns-giada-098-3334_400.jpg&#8221; alt=&#8221;Lampasso Three Crowns 098-3334 giada | Tessitura Bevilacqua&#8221; title_text=&#8221;Lampasso Three Crowns 098-3334 giada | Tessitura Bevilacqua&#8221; url=&#8221;https:\/\/test.leotopstyling.it\/en\/project\/three-crowns-lampas\/&#8221; _builder_version=&#8221;4.16&#8243; _module_preset=&#8221;default&#8221; global_colors_info=&#8221;{}&#8221;][\/et_pb_image][et_pb_text _builder_version=&#8221;4.16&#8243; _module_preset=&#8221;default&#8221; text_font=&#8221;|||on|||||&#8221; text_font_size=&#8221;11px&#8221; custom_margin=&#8221;-22px||||false|false&#8221; global_colors_info=&#8221;{}&#8221;]Three Crowns &#8211; Jade[\/et_pb_text][\/et_pb_column][et_pb_column type=&#8221;1_4&#8243; _builder_version=&#8221;4.16&#8243; _module_preset=&#8221;default&#8221; global_colors_info=&#8221;{}&#8221;][et_pb_image src=&#8221;http:\/\/www.luigi-bevilacqua.com\/wp-content\/uploads\/2020\/02\/Lampasso-Tulipani-verde-092-34040_500x500.jpg&#8221; alt=&#8221;Lampasso Tulipani 092-34040 verde | Tessitura Bevilacqua&#8221; title_text=&#8221;Lampasso Tulipani verde 092-34040_500x500&#8243; url=&#8221;https:\/\/test.leotopstyling.it\/en\/project\/tulipani-lampas\/&#8221; _builder_version=&#8221;4.16&#8243; _module_preset=&#8221;default&#8221; global_colors_info=&#8221;{}&#8221;][\/et_pb_image][et_pb_text _builder_version=&#8221;4.16&#8243; _module_preset=&#8221;default&#8221; text_font=&#8221;|||on|||||&#8221; text_font_size=&#8221;11px&#8221; custom_margin=&#8221;-22px||||false|false&#8221; global_colors_info=&#8221;{}&#8221;]Tulipani &#8211; Green[\/et_pb_text][\/et_pb_column][et_pb_column type=&#8221;1_4&#8243; _builder_version=&#8221;4.16&#8243; _module_preset=&#8221;default&#8221; global_colors_info=&#8221;{}&#8221;][et_pb_image src=&#8221;http:\/\/www.luigi-bevilacqua.com\/wp-content\/uploads\/2014\/11\/Lampasso-Uccelli-giada.jpg&#8221; alt=&#8221;Lampasso Uccelli giada | Tessitura Bevilacqua&#8221; title_text=&#8221;Lampasso Uccelli giada | Tessitura Bevilacqua&#8221; url=&#8221;https:\/\/test.leotopstyling.it\/en\/project\/uccelli-lampas\/&#8221; _builder_version=&#8221;4.16&#8243; _module_preset=&#8221;default&#8221; global_colors_info=&#8221;{}&#8221;][\/et_pb_image][et_pb_text _builder_version=&#8221;4.16&#8243; _module_preset=&#8221;default&#8221; text_font=&#8221;|||on|||||&#8221; text_font_size=&#8221;11px&#8221; custom_margin=&#8221;-22px||||false|false&#8221; global_colors_info=&#8221;{}&#8221;]Uccelli &#8211; Jade[\/et_pb_text][\/et_pb_column][\/et_pb_row][et_pb_row column_structure=&#8221;1_4,1_4,1_4,1_4&#8243; _builder_version=&#8221;4.16&#8243; _module_preset=&#8221;default&#8221; global_colors_info=&#8221;{}&#8221;][et_pb_column type=&#8221;1_4&#8243; _builder_version=&#8221;4.16&#8243; _module_preset=&#8221;default&#8221; global_colors_info=&#8221;{}&#8221;][et_pb_image src=&#8221;http:\/\/www.luigi-bevilacqua.com\/wp-content\/uploads\/2014\/11\/Lampasso-Uccelli-308-34214.jpg&#8221; alt=&#8221;Lampasso Svezia verde 092-3380 | Tessiture Bevilacqua&#8221; title_text=&#8221;Lampasso Uccelli 308-34214&#8243; url=&#8221;https:\/\/test.leotopstyling.it\/en\/project\/uccelli-lampas\/&#8221; _builder_version=&#8221;4.16&#8243; _module_preset=&#8221;default&#8221; global_colors_info=&#8221;{}&#8221;][\/et_pb_image][et_pb_text _builder_version=&#8221;4.16&#8243; _module_preset=&#8221;default&#8221; text_font=&#8221;|||on|||||&#8221; text_font_size=&#8221;11px&#8221; custom_margin=&#8221;-22px||||false|false&#8221; global_colors_info=&#8221;{}&#8221;]Uccelli &#8211; Emerald[\/et_pb_text][\/et_pb_column][et_pb_column type=&#8221;1_4&#8243; _builder_version=&#8221;4.16&#8243; _module_preset=&#8221;default&#8221; global_colors_info=&#8221;{}&#8221;][et_pb_image src=&#8221;http:\/\/www.luigi-bevilacqua.com\/wp-content\/uploads\/2014\/09\/Lampasso-Walls-092-34400-verde.jpg&#8221; alt=&#8221;Lampasso Walls 092-34400 verde | Tessiture Bevilacqua&#8221; title_text=&#8221;Lampasso Walls 092-34400 verde | Tessiture Bevilacqua&#8221; url=&#8221;https:\/\/test.leotopstyling.it\/en\/project\/walls-lampas\/&#8221; _builder_version=&#8221;4.16&#8243; _module_preset=&#8221;default&#8221; global_colors_info=&#8221;{}&#8221;][\/et_pb_image][et_pb_text _builder_version=&#8221;4.16&#8243; _module_preset=&#8221;default&#8221; text_font=&#8221;|||on|||||&#8221; text_font_size=&#8221;11px&#8221; custom_margin=&#8221;-22px||||false|false&#8221; global_colors_info=&#8221;{}&#8221;]Walls &#8211; Green[\/et_pb_text][\/et_pb_column][et_pb_column type=&#8221;1_4&#8243; _builder_version=&#8221;4.16&#8243; _module_preset=&#8221;default&#8221; global_colors_info=&#8221;{}&#8221;][\/et_pb_column][et_pb_column type=&#8221;1_4&#8243; _builder_version=&#8221;4.16&#8243; _module_preset=&#8221;default&#8221; global_colors_info=&#8221;{}&#8221;][\/et_pb_column][\/et_pb_row][\/et_pb_section]<\/p>\n<span class=\"et_bloom_bottom_trigger\"><\/span>","protected":false},"excerpt":{"rendered":"<p>When did green become a popular color for home decor? Here we&#8217;ll reveal some curious facts on its history and its shades in our catalogue.<\/p>\n","protected":false},"author":10,"featured_media":53507,"comment_status":"open","ping_status":"closed","sticky":false,"template":"","format":"standard","meta":{"_et_pb_use_builder":"on","_et_pb_old_content":"<p>[et_pb_section fb_built=\"1\" _builder_version=\"4.16\" global_colors_info=\"{}\"][et_pb_row _builder_version=\"4.16\" background_size=\"initial\" background_position=\"top_left\" background_repeat=\"repeat\" global_colors_info=\"{}\"][et_pb_column type=\"4_4\" _builder_version=\"4.16\" custom_padding=\"|||\" global_colors_info=\"{}\" custom_padding__hover=\"|||\"][et_pb_text admin_label=\"intro\" _builder_version=\"4.20.0\" global_colors_info=\"{}\"]<\/p><p>Arredare casa con il verde \u00e8 una tendenza che ha origini antiche: a met\u00e0 del XIX secolo era uno dei colori pi\u00f9 popolari, sia per gli interni delle case che per l\u2019abbigliamento. Dal momento che richiama immediatamente la natura, \u00e8 infatti da sempre un colore che ispira serenit\u00e0. Ma la sua storia nasconde dei particolari tutt\u2019altro che rassicuranti.<\/p><p>[\/et_pb_text][\/et_pb_column][\/et_pb_row][et_pb_row _builder_version=\"4.16\" background_size=\"initial\" background_position=\"top_left\" background_repeat=\"repeat\" global_colors_info=\"{}\"][et_pb_column type=\"4_4\" _builder_version=\"4.16\" custom_padding=\"|||\" global_colors_info=\"{}\" custom_padding__hover=\"|||\"][et_pb_text admin_label=\"La storia del colore verde\" _builder_version=\"4.20.0\" global_colors_info=\"{}\"]<\/p><h2>La storia del colore verde<\/h2><p>Il verde era utilizzato dagli antichi Egizi gi\u00e0 5.000 anni fa. Rappresentava la vegetazione rigogliosa e la fertilit\u00e0 del Nilo. <em>Osiride<\/em>, una delle divinit\u00e0 principali della loro religione, era spesso rappresentato con la pelle verde, per simboleggiare la rinascita e la fertilit\u00e0. Infatti, dopo essere stato ucciso dal fratello, era risorto grazie alla moglie Iside.<\/p><p>Per realizzare il colore verde, venivano utilizzati pigmenti come la <em>malachite<\/em>, il <em>verdigris<\/em> e il <em>verde egizio<\/em>. La malachite era un minerale verde ricco di rame che veniva polverizzato e usato come pigmento per dipingere. Il verdigris era un composto di acetato di rame, ottenuto dalla corrosione del metallo, mentre il verde egizio era una miscela di malachite, azzurrite e altri minerali che veniva preparata sinteticamente.<\/p><p>La simbologia del colore verde legata alla fertilit\u00e0 venne ripresa nel Medioevo. Nel <em>Ritratto dei coniugi Arnolfini <\/em>di Jan van Eyck (1434-1435), la donna raffigurata non \u00e8 incinta, come potrebbe apparire a causa della foggia dell\u2019abito, ma si dice sia stata rappresentata in quella posizione e in verde come una sorta di rito propiziatorio per una numerosa progenie. Anche in quel periodo, il verde era ottenuto principalmente da pigmenti minerali, come la malachite o l'<em>azzurrite<\/em>.<\/p><p>[\/et_pb_text][et_pb_image src=\"http:\/\/www.luigi-bevilacqua.com\/wp-content\/uploads\/2010\/03\/Ritratto-coniugi-Arnolfini-Van-Eyck.jpg\" show_in_lightbox=\"on\" align_tablet=\"center\" align_phone=\"center\" align_last_edited=\"on|desktop\" _builder_version=\"4.20.0\" hover_enabled=\"0\" global_colors_info=\"{}\" module_alignment=\"center\" max_width=\"450px\" sticky_enabled=\"0\"][\/et_pb_image][et_pb_text admin_label=\"verde parigi\" _builder_version=\"4.20.0\" global_colors_info=\"{}\"]<\/p><p>Il vero punto di svolta si verific\u00f2 per\u00f2 nell\u2019epoca vittoriana, con la comparsa del <em>verde di Scheele<\/em>, messo a punto dal chimico svedese Carl Wilhelm Scheele nel 1775. L\u2019innovativa miscela colorante ebbe subito un successo straordinario poich\u00e9 era un colore molto intenso e resistente alla luce. Utilizzato in pittura, per la tintura di tessuti, la colorazione di carta da parati e gli oggetti di uso quotidiano, aveva un unico grande problema: conteneva arsenico, una sostanza altamente tossica. Cos\u00ec come un altro pigmento, il <em>verde di Parigi<\/em>, di cui s\u2019innamorarono i pittori impressionisti nel corso del XIX secolo, ma tossico perch\u00e9 costituito da arsenico e piombo. Entrambi, a poco a poco, vennero dismessi, ma molti artisti e artigiani soffrirono di problemi di salute a causa dell'esposizione a questi pigmenti tossici, soprattutto prima dell'adozione di leggi e normative sulla sicurezza del lavoro e dei prodotti.<\/p><h2>Arredi in verde: le tendenze nel corso dei secoli<\/h2><p>Oltre che nell\u2019epoca vittoriana, il verde \u00e8 stato un colore molto popolare per l\u2019arredamento anche durante il <a href=\"http:\/\/www.luigi-bevilacqua.com\/i-fiori-dellarte\/\">periodo Liberty<\/a>, a fine Ottocento. Questo stile era caratterizzato da un grande amore per la natura, da cui traeva ispirazione. I colori tenui e delicati, in particolare il verde nelle tonalit\u00e0 verde pastello, verde acqua e verde menta, erano i colori pi\u00f9 in voga per le illustrazioni, gli arredi, come poltrone, divani, lampade e carte da parati, le decorazioni di vetrate e per i tessuti.<\/p><p>Il verde ritorna protagonista dell\u2019arredamento negli anni Settanta, con l\u2019esplosione dei colori vivaci della pop art e la creazione di alcuni oggetti di design iconici. Uno su tutti: l\u2019appendiabiti <em>Cactus <\/em>della Gufram in verde smeraldo \u2013 colore oggi non pi\u00f9 prodotto.<\/p><p>Pi\u00f9 recentemente, la maggiore sensibilit\u00e0 verso l\u2019ambiente ha determinato una rinata popolarit\u00e0 di questo colore: le case si sono quindi popolate non solo di piante, ma anche di elementi tessili verdi, nelle sfumature pi\u00f9 diverse che richiamano la natura, l\u2019equilibrio, la serenit\u00e0 e la freschezza.<\/p><p>E le tonalit\u00e0 che il verde offre per i tessuti d\u2019arredo sono davvero molte: ecco quelle del <a href=\"http:\/\/www.luigi-bevilacqua.com\/categoria\/tessuti\/\">nostro catalogo<\/a>.<\/p><h2>Quali sfumature scegliere per un tessuto verde<\/h2><p>I tessuti nelle sfumature del verde possono essere utilizzati nell\u2019arredamento per tende, divani, poltrone, sedie, cuscini. Le tonalit\u00e0 fredde di verde, con una predominanza del blu, sono perfette per creare un'atmosfera fresca e luminosa mentre le pi\u00f9 calde, con una maggiore presenza di giallo, si addicono ad un'atmosfera pi\u00f9 intima e accogliente.<\/p><p>L\u2019ampia gamma di tonalit\u00e0 verdi del nostro catalogo offrono svariate possibilit\u00e0 di abbinamento e di utilizzo:<\/p><ul><li>il verde<strong> smeraldo<\/strong> \u00e8 una tonalit\u00e0 di verde intensa e lussuosa, spesso associata a gioielli e pietre preziose, che si abbina magistralmente a tonalit\u00e0 come l'<strong>oro<\/strong> o il rame creando ambienti eleganti e sofisticati;<\/li><li>le tonalit\u00e0 <strong>giada<\/strong> e <strong>baltico<\/strong>, tenui e rilassanti, sono molto versatili e possono essere utilizzate per creare ambienti tranquilli e armoniosi;<\/li><li>pi\u00f9 forti e vivaci sono le varianti <strong>edera<\/strong> e <strong>verde<\/strong>, ideali per creare un'atmosfera vivace e gioiosa, che invoglia al relax e allo svago;<\/li><li>il <strong>verde menta<\/strong> \u00e8 una tonalit\u00e0 fresca e audace che pu\u00f2 aggiungere energia e vitalit\u00e0 all'arredamento;<\/li><li>il <strong>verde antico<\/strong> ha una lieve sfumatura di marrone o di grigio che gli conferisce un aspetto anticato e dona un tocco di eleganza e raffinatezza agli ambienti, per uno stile classico o vintage, ma pu\u00f2 essere utilizzato anche in combinazione con stili pi\u00f9 moderni per creare un effetto di contrasto;<\/li><li>Il <strong>verde oliva<\/strong> \u00e8 una tonalit\u00e0 calda e rilassante che richiama alla mente la natura e la tranquillit\u00e0, molto versatile, che pu\u00f2 essere utilizzata per creare un'atmosfera calda e accogliente.<\/li><li>tessuti verdi raffiguranti piante e animali evocano subito la natura e una sensazione di pace, mentre risultano decisamente esotici i <a href=\"http:\/\/www.luigi-bevilacqua.com\/velluti-animali\/\">tessuti animalier<\/a> in verde.<\/li><\/ul><p>[\/et_pb_text][\/et_pb_column][\/et_pb_row][\/et_pb_section][et_pb_section fb_built=\"1\" admin_label=\"section\" _builder_version=\"4.16\" locked=\"off\" global_colors_info=\"{}\"][et_pb_row _builder_version=\"4.16\" background_size=\"initial\" background_position=\"top_left\" background_repeat=\"repeat\" global_colors_info=\"{}\"][et_pb_column type=\"4_4\" _builder_version=\"4.16\" custom_padding=\"|||\" global_colors_info=\"{}\" custom_padding__hover=\"|||\"][et_pb_text _builder_version=\"4.16\" text_font=\"Roboto|||on|||||\" text_font_size=\"14px\" text_letter_spacing=\"1px\" global_colors_info=\"{}\"]<\/p><p style=\"text-align: center;\">Velluti<\/p><p>[\/et_pb_text][\/et_pb_column][\/et_pb_row][et_pb_row column_structure=\"1_4,1_4,1_4,1_4\" _builder_version=\"4.16\" _module_preset=\"default\" global_colors_info=\"{}\"][et_pb_column type=\"1_4\" _builder_version=\"4.16\" _module_preset=\"default\" global_colors_info=\"{}\"][et_pb_image src=\"http:\/\/www.luigi-bevilacqua.com\/wp-content\/uploads\/2014\/11\/Velluto-Ardis-baltico.jpg\" alt=\"Velluto Ardis baltico | Tessitura Bevilacqua\" title_text=\"Velluto Ardis baltico | Tessitura Bevilacqua\" url=\"http:\/\/www.luigi-bevilacqua.com\/project\/ardis\/\" _builder_version=\"4.16\" _module_preset=\"default\" global_colors_info=\"{}\"][\/et_pb_image][et_pb_text _builder_version=\"4.16\" _module_preset=\"default\" text_font=\"|||on|||||\" text_font_size=\"11px\" custom_margin=\"-22px||||false|false\" global_colors_info=\"{}\"]<\/p><p>Ardis - Baltico<\/p><p>[\/et_pb_text][\/et_pb_column][et_pb_column type=\"1_4\" _builder_version=\"4.16\" _module_preset=\"default\" global_colors_info=\"{}\"][et_pb_image src=\"http:\/\/www.luigi-bevilacqua.com\/wp-content\/uploads\/2014\/11\/Velluto-Bestiario-baltico-659-3339.jpg\" alt=\"Velluto Bestiario baltico 659-3339 | Tessiture Bevilacqua\" title_text=\"Velluto Bestiario baltico 659-3339 | Tessiture Bevilacqua\" url=\"http:\/\/www.luigi-bevilacqua.com\/project\/bestiario\/\" _builder_version=\"4.16\" _module_preset=\"default\" global_colors_info=\"{}\"][\/et_pb_image][et_pb_text _builder_version=\"4.16\" _module_preset=\"default\" text_font=\"|||on|||||\" text_font_size=\"11px\" custom_margin=\"-22px||||false|false\" global_colors_info=\"{}\"]<\/p><p>Bestiario - Baltico<\/p><p>[\/et_pb_text][\/et_pb_column][et_pb_column type=\"1_4\" _builder_version=\"4.16\" _module_preset=\"default\" global_colors_info=\"{}\"][et_pb_image src=\"http:\/\/www.luigi-bevilacqua.com\/wp-content\/uploads\/2014\/11\/Velluto-Caccia-baltico-659-3349D.jpg\" alt=\"Velluto Caccia baltico 659-3349D | Tessiture Bevilacqua\" title_text=\"Velluto Caccia baltico 659-3349D | Tessiture Bevilacqua\" url=\"http:\/\/www.luigi-bevilacqua.com\/project\/caccia\/\" _builder_version=\"4.16\" _module_preset=\"default\" global_colors_info=\"{}\"][\/et_pb_image][et_pb_text _builder_version=\"4.16\" _module_preset=\"default\" text_font=\"|||on|||||\" text_font_size=\"11px\" custom_margin=\"-22px||||false|false\" global_colors_info=\"{}\"]<\/p><p>Caccia - Baltico<\/p><p>[\/et_pb_text][\/et_pb_column][et_pb_column type=\"1_4\" _builder_version=\"4.16\" _module_preset=\"default\" global_colors_info=\"{}\"][et_pb_image src=\"http:\/\/www.luigi-bevilacqua.com\/wp-content\/uploads\/2014\/11\/Velluto-Casa-Bianca-659-39372D-baltico.jpg\" alt=\"Velluto Casa Bianca 659-39372D baltico | Tessiture Bevilacqua\" title_text=\"Velluto Casa Bianca 659-39372D baltico | Tessiture Bevilacqua\" url=\"http:\/\/www.luigi-bevilacqua.com\/project\/casa-bianca\/\" _builder_version=\"4.16\" _module_preset=\"default\" global_colors_info=\"{}\"][\/et_pb_image][et_pb_text _builder_version=\"4.16\" _module_preset=\"default\" text_font=\"|||on|||||\" text_font_size=\"11px\" custom_margin=\"-22px||||false|false\" global_colors_info=\"{}\"]<\/p><p>Casa Bianca - Baltico<\/p><p>[\/et_pb_text][\/et_pb_column][\/et_pb_row][et_pb_row column_structure=\"1_4,1_4,1_4,1_4\" _builder_version=\"4.16\" _module_preset=\"default\" global_colors_info=\"{}\"][et_pb_column type=\"1_4\" _builder_version=\"4.16\" _module_preset=\"default\" global_colors_info=\"{}\"][et_pb_image src=\"http:\/\/www.luigi-bevilacqua.com\/wp-content\/uploads\/2014\/11\/Velluto-Da-Vinci-baltico.jpg\" alt=\"Velluto Da Vinci baltico | Tessitura Bevilacqua\" title_text=\"Velluto Da Vinci baltico | Tessitura Bevilacqua\" url=\"http:\/\/www.luigi-bevilacqua.com\/project\/da-vinci\/\" _builder_version=\"4.16\" _module_preset=\"default\" global_colors_info=\"{}\"][\/et_pb_image][et_pb_text _builder_version=\"4.16\" _module_preset=\"default\" text_font=\"|||on|||||\" text_font_size=\"11px\" custom_margin=\"-22px||||false|false\" global_colors_info=\"{}\"]<\/p><p>Da Vinci - Baltico<\/p><p>[\/et_pb_text][\/et_pb_column][et_pb_column type=\"1_4\" _builder_version=\"4.16\" _module_preset=\"default\" global_colors_info=\"{}\"][et_pb_image src=\"http:\/\/www.luigi-bevilacqua.com\/wp-content\/uploads\/2014\/09\/Velluto-Griglia-baltico.jpg\" alt=\"Velluto Griglia baltico | Tessitura Bevilacqua\" title_text=\"Velluto Griglia baltico | Tessitura Bevilacqua\" url=\"http:\/\/www.luigi-bevilacqua.com\/project\/griglia\/\" _builder_version=\"4.16\" _module_preset=\"default\" global_colors_info=\"{}\"][\/et_pb_image][et_pb_text _builder_version=\"4.16\" _module_preset=\"default\" text_font=\"|||on|||||\" text_font_size=\"11px\" custom_margin=\"-22px||||false|false\" global_colors_info=\"{}\"]<\/p><p>Griglia - Baltico<\/p><p>[\/et_pb_text][\/et_pb_column][et_pb_column type=\"1_4\" _builder_version=\"4.16\" _module_preset=\"default\" global_colors_info=\"{}\"][et_pb_image src=\"http:\/\/www.luigi-bevilacqua.com\/wp-content\/uploads\/2014\/11\/Velluto-Onda-659-3739-baltico.jpg\" alt=\"Velluto Onda 659-3739 baltico | Tessiture Bevilacqua\" title_text=\"Velluto Onda 659-3739 baltico | Tessiture Bevilacqua\" url=\"http:\/\/www.luigi-bevilacqua.com\/project\/onda\/\" _builder_version=\"4.16\" _module_preset=\"default\" global_colors_info=\"{}\"][\/et_pb_image][et_pb_text _builder_version=\"4.16\" _module_preset=\"default\" text_font=\"|||on|||||\" text_font_size=\"11px\" custom_margin=\"-22px||||false|false\" global_colors_info=\"{}\"]<\/p><p>Onda - Baltico<\/p><p>[\/et_pb_text][\/et_pb_column][et_pb_column type=\"1_4\" _builder_version=\"4.16\" _module_preset=\"default\" global_colors_info=\"{}\"][et_pb_image src=\"http:\/\/www.luigi-bevilacqua.com\/wp-content\/uploads\/2014\/11\/palmyra-baltico-1.jpg\" alt=\"Palmyra baltico | Tessitura Bevilacqua\" title_text=\"Palmyra baltico | Tessitura Bevilacqua\" url=\"http:\/\/www.luigi-bevilacqua.com\/project\/palmyra\/\" _builder_version=\"4.16\" _module_preset=\"default\" global_colors_info=\"{}\"][\/et_pb_image][et_pb_text _builder_version=\"4.16\" _module_preset=\"default\" text_font=\"|||on|||||\" text_font_size=\"11px\" custom_margin=\"-22px||||false|false\" global_colors_info=\"{}\"]<\/p><p>Palmyra - Baltico<\/p><p>[\/et_pb_text][\/et_pb_column][\/et_pb_row][et_pb_row column_structure=\"1_4,1_4,1_4,1_4\" _builder_version=\"4.16\" _module_preset=\"default\" global_colors_info=\"{}\"][et_pb_column type=\"1_4\" _builder_version=\"4.16\" _module_preset=\"default\" global_colors_info=\"{}\"][et_pb_image src=\"http:\/\/www.luigi-bevilacqua.com\/wp-content\/uploads\/2014\/11\/Velluto-Radica-baltico.jpg\" alt=\"Velluto Radica baltico | Tessitura Bevilacqua\" title_text=\"Velluto Radica baltico | Tessitura Bevilacqua\" url=\"http:\/\/www.luigi-bevilacqua.com\/project\/radica\/\" _builder_version=\"4.16\" _module_preset=\"default\" global_colors_info=\"{}\"][\/et_pb_image][et_pb_text _builder_version=\"4.16\" _module_preset=\"default\" text_font=\"|||on|||||\" text_font_size=\"11px\" custom_margin=\"-22px||||false|false\" global_colors_info=\"{}\"]<\/p><p>Radica - Baltico<\/p><p>[\/et_pb_text][\/et_pb_column][et_pb_column type=\"1_4\" _builder_version=\"4.16\" _module_preset=\"default\" global_colors_info=\"{}\"][et_pb_image src=\"http:\/\/www.luigi-bevilacqua.com\/wp-content\/uploads\/2014\/11\/Velluto-Senatori-baltico.jpg\" alt=\"Velluto Senatori baltico | Tessitura Bevilacqua\" title_text=\"Velluto Senatori baltico | Tessitura Bevilacqua\" url=\"http:\/\/www.luigi-bevilacqua.com\/project\/senatori\/\" _builder_version=\"4.16\" _module_preset=\"default\" global_colors_info=\"{}\"][\/et_pb_image][et_pb_text _builder_version=\"4.16\" _module_preset=\"default\" text_font=\"|||on|||||\" text_font_size=\"11px\" custom_margin=\"-22px||||false|false\" global_colors_info=\"{}\"]<\/p><p>Senatori - Baltico<\/p><p>[\/et_pb_text][\/et_pb_column][et_pb_column type=\"1_4\" _builder_version=\"4.16\" _module_preset=\"default\" global_colors_info=\"{}\"][et_pb_image src=\"http:\/\/www.luigi-bevilacqua.com\/wp-content\/uploads\/2014\/11\/Velluto-Unito-baltico-659-3800.jpg\" alt=\"Velluto Unito baltico 659-3800 | Tessitura Bevilacqua\" title_text=\"Velluto Unito baltico 659-3800 | Tessitura Bevilacqua\" url=\"http:\/\/www.luigi-bevilacqua.com\/project\/velluto-unito\/\" _builder_version=\"4.16\" _module_preset=\"default\" global_colors_info=\"{}\"][\/et_pb_image][et_pb_text _builder_version=\"4.16\" _module_preset=\"default\" text_font=\"|||on|||||\" text_font_size=\"11px\" custom_margin=\"-22px||||false|false\" global_colors_info=\"{}\"]<\/p><p>Unito - Baltico<\/p><p>[\/et_pb_text][\/et_pb_column][et_pb_column type=\"1_4\" _builder_version=\"4.16\" _module_preset=\"default\" global_colors_info=\"{}\"][et_pb_image src=\"http:\/\/www.luigi-bevilacqua.com\/wp-content\/uploads\/2014\/11\/Velluto-Zig-Zag-baltico.jpg\" alt=\"Velluto Zig Zag baltico | Tessitura Bevilacqua\" title_text=\"Velluto Zig Zag baltico | Tessitura Bevilacqua\" url=\"http:\/\/www.luigi-bevilacqua.com\/project\/zig-zag\/\" _builder_version=\"4.16\" _module_preset=\"default\" global_colors_info=\"{}\"][\/et_pb_image][et_pb_text _builder_version=\"4.16\" _module_preset=\"default\" text_font=\"|||on|||||\" text_font_size=\"11px\" custom_margin=\"-22px||||false|false\" global_colors_info=\"{}\"]<\/p><p>Zig Zag - Baltico<\/p><p>[\/et_pb_text][\/et_pb_column][\/et_pb_row][et_pb_row _builder_version=\"4.16\" background_size=\"initial\" background_position=\"top_left\" background_repeat=\"repeat\" global_colors_info=\"{}\"][et_pb_column type=\"4_4\" _builder_version=\"4.16\" custom_padding=\"|||\" global_colors_info=\"{}\" custom_padding__hover=\"|||\"][et_pb_text _builder_version=\"4.16\" text_font=\"Roboto|||on|||||\" text_font_size=\"14px\" text_letter_spacing=\"1px\" global_colors_info=\"{}\"]<\/p><p style=\"text-align: center;\">Velluti animali<\/p><p>[\/et_pb_text][\/et_pb_column][\/et_pb_row][et_pb_row column_structure=\"1_4,1_4,1_4,1_4\" _builder_version=\"4.16\" _module_preset=\"default\" global_colors_info=\"{}\"][et_pb_column type=\"1_4\" _builder_version=\"4.16\" _module_preset=\"default\" global_colors_info=\"{}\"][et_pb_image src=\"http:\/\/www.luigi-bevilacqua.com\/wp-content\/uploads\/2014\/11\/Velluto-Animale-Coccodrillo-099-3886-verde-oliva.jpg\" alt=\"Velluto Animale Coccodrillo 099-3886 verde oliva | Tessiture Bevilacqua\" title_text=\"Velluto Animale Coccodrillo 099-3886 verde oliva | Tessiture Bevilacqua\" url=\"http:\/\/www.luigi-bevilacqua.com\/project\/coccodrillo\/\" _builder_version=\"4.16\" _module_preset=\"default\" global_colors_info=\"{}\"][\/et_pb_image][et_pb_text _builder_version=\"4.16\" _module_preset=\"default\" text_font=\"|||on|||||\" text_font_size=\"11px\" custom_margin=\"-22px||||false|false\" global_colors_info=\"{}\"]<\/p><p>Coccodrillo - Verde Oliva<\/p><p>[\/et_pb_text][\/et_pb_column][et_pb_column type=\"1_4\" _builder_version=\"4.16\" _module_preset=\"default\" global_colors_info=\"{}\"][et_pb_image src=\"http:\/\/www.luigi-bevilacqua.com\/wp-content\/uploads\/2010\/01\/Velluto-Leopardo-Baltico-659-440.jpg\" alt=\"Velluto Leopardo Baltico 659-440 | Tessiture Bevilacqua\" title_text=\"Velluto Leopardo Baltico 659-440 | Tessiture Bevilacqua\" url=\"http:\/\/www.luigi-bevilacqua.com\/project\/leopardo\/\" _builder_version=\"4.16\" _module_preset=\"default\" global_colors_info=\"{}\"][\/et_pb_image][et_pb_text _builder_version=\"4.16\" _module_preset=\"default\" text_font=\"|||on|||||\" text_font_size=\"11px\" custom_margin=\"-22px||||false|false\" global_colors_info=\"{}\"]<\/p><p>Leopardo - Baltico<\/p><p>[\/et_pb_text][\/et_pb_column][et_pb_column type=\"1_4\" _builder_version=\"4.16\" _module_preset=\"default\" global_colors_info=\"{}\"][et_pb_image src=\"http:\/\/www.luigi-bevilacqua.com\/wp-content\/uploads\/2020\/02\/Leopardo-443-440-verde-shin\u00e9.jpg\" alt=\"Velluto animale Leopardo 443-440 verde shin\u00e9 | Tessitura Bevilacqua\" title_text=\"Velluto animale Leopardo 443-440 verde shin\u00e9 | Tessitura Bevilacqua\" url=\"http:\/\/www.luigi-bevilacqua.com\/project\/leopardo\/\" _builder_version=\"4.16\" _module_preset=\"default\" global_colors_info=\"{}\"][\/et_pb_image][et_pb_text _builder_version=\"4.16\" _module_preset=\"default\" text_font=\"|||on|||||\" text_font_size=\"11px\" custom_margin=\"-22px||||false|false\" global_colors_info=\"{}\"]<\/p><p>Leopardo - Verde Shin\u00e9<\/p><p>[\/et_pb_text][\/et_pb_column][et_pb_column type=\"1_4\" _builder_version=\"4.16\" _module_preset=\"default\" global_colors_info=\"{}\"][et_pb_image src=\"http:\/\/www.luigi-bevilacqua.com\/wp-content\/uploads\/2020\/02\/velluto-animale-Tartaruga-659-3998-Baltico.jpg\" alt=\"Velluto Tagliato Tartaruga 093 | Tessitura Bevilacqua\" title_text=\"velluto animale Tartaruga 659-3998 Baltico\" url=\"http:\/\/www.luigi-bevilacqua.com\/project\/velluto-tartaruga\/\" _builder_version=\"4.16\" _module_preset=\"default\" global_colors_info=\"{}\"][\/et_pb_image][et_pb_text _builder_version=\"4.16\" _module_preset=\"default\" text_font=\"|||on|||||\" text_font_size=\"11px\" custom_margin=\"-22px||||false|false\" global_colors_info=\"{}\"]<\/p><p>Tartaruga - Baltico<\/p><p>[\/et_pb_text][\/et_pb_column][\/et_pb_row][et_pb_row column_structure=\"1_4,1_4,1_4,1_4\" _builder_version=\"4.16\" _module_preset=\"default\" global_colors_info=\"{}\"][et_pb_column type=\"1_4\" _builder_version=\"4.16\" _module_preset=\"default\" global_colors_info=\"{}\"][et_pb_image src=\"http:\/\/www.luigi-bevilacqua.com\/wp-content\/uploads\/2010\/01\/Velluto-Tigre-Baltico-659-441.jpg\" alt=\"Velluto Tigre Baltico 659-441 | Tessiture Bevilacqua\" title_text=\"Velluto Tigre Baltico 659-441 | Tessiture Bevilacqua\" url=\"http:\/\/www.luigi-bevilacqua.com\/project\/tigre\/\" _builder_version=\"4.16\" _module_preset=\"default\" global_colors_info=\"{}\"][\/et_pb_image][et_pb_text _builder_version=\"4.16\" _module_preset=\"default\" text_font=\"|||on|||||\" text_font_size=\"11px\" custom_margin=\"-22px||||false|false\" global_colors_info=\"{}\"]<\/p><p>Tigre - Baltico<\/p><p>[\/et_pb_text][\/et_pb_column][et_pb_column type=\"1_4\" _builder_version=\"4.16\" _module_preset=\"default\" global_colors_info=\"{}\"][et_pb_image src=\"http:\/\/www.luigi-bevilacqua.com\/wp-content\/uploads\/2014\/11\/Velluto-Tigre-443-441-verde-shin\u00e9.jpg\" alt=\"Velluto Tigre 443-441 verde shin\u00e9 | Tessiture Bevilacqua\" title_text=\"Velluto Tigre 443-441 verde shin\u00e9 | Tessiture Bevilacqua\" url=\"http:\/\/www.luigi-bevilacqua.com\/project\/tigre\/\" _builder_version=\"4.16\" _module_preset=\"default\" global_colors_info=\"{}\"][\/et_pb_image][et_pb_text _builder_version=\"4.16\" _module_preset=\"default\" text_font=\"|||on|||||\" text_font_size=\"11px\" custom_margin=\"-22px||||false|false\" global_colors_info=\"{}\"]<\/p><p>Tigre - Verde Shin\u00e9<\/p><p>[\/et_pb_text][\/et_pb_column][et_pb_column type=\"1_4\" _builder_version=\"4.16\" _module_preset=\"default\" global_colors_info=\"{}\"][\/et_pb_column][et_pb_column type=\"1_4\" _builder_version=\"4.16\" _module_preset=\"default\" global_colors_info=\"{}\"][\/et_pb_column][\/et_pb_row][et_pb_row _builder_version=\"4.16\" background_size=\"initial\" background_position=\"top_left\" background_repeat=\"repeat\" global_colors_info=\"{}\"][et_pb_column type=\"4_4\" _builder_version=\"4.16\" custom_padding=\"|||\" global_colors_info=\"{}\" custom_padding__hover=\"|||\"][et_pb_text _builder_version=\"4.16\" text_font=\"Roboto|||on|||||\" text_font_size=\"14px\" text_letter_spacing=\"1px\" global_colors_info=\"{}\"]<\/p><p style=\"text-align: center;\">Velluti Multicolore<\/p><p>[\/et_pb_text][\/et_pb_column][\/et_pb_row][et_pb_row column_structure=\"1_4,1_4,1_4,1_4\" _builder_version=\"4.16\" _module_preset=\"default\" global_colors_info=\"{}\"][et_pb_column type=\"1_4\" _builder_version=\"4.16\" _module_preset=\"default\" global_colors_info=\"{}\"][et_pb_image src=\"http:\/\/www.luigi-bevilacqua.com\/wp-content\/uploads\/2014\/11\/Velluto-Fioroni-030-30771-fondo-avorio-multicolore-verde-dettaglio.jpg\" alt=\"Velluto Fioroni 030-30771 fondo avorio multicolore verde dettaglio | Tessiture Bevilacqua\" title_text=\"Velluto Fioroni 030-30771 fondo avorio multicolore verde dettaglio | Tessiture Bevilacqua\" url=\"http:\/\/www.luigi-bevilacqua.com\/project\/fioroni\/\" _builder_version=\"4.16\" _module_preset=\"default\" global_colors_info=\"{}\"][\/et_pb_image][et_pb_text _builder_version=\"4.16\" _module_preset=\"default\" text_font=\"|||on|||||\" text_font_size=\"11px\" custom_margin=\"-22px||||false|false\" global_colors_info=\"{}\"]<\/p><p>Fioroni - Fondo avorio multicolore verde<\/p><p>[\/et_pb_text][\/et_pb_column][et_pb_column type=\"1_4\" _builder_version=\"4.16\" _module_preset=\"default\" global_colors_info=\"{}\"][et_pb_image src=\"http:\/\/www.luigi-bevilacqua.com\/wp-content\/uploads\/2014\/11\/Velluto-Fioroni-031-30771-fondo-champagne-multicolore-verde.jpg\" alt=\"Velluto Fioroni 031-30771 fondo champagne multicolore verde | Tessiture Bevilacqua\" title_text=\"Velluto Fioroni 031-30771 fondo champagne multicolore verde | Tessiture Bevilacqua\" url=\"http:\/\/www.luigi-bevilacqua.com\/project\/fioroni\/\" _builder_version=\"4.16\" _module_preset=\"default\" global_colors_info=\"{}\"][\/et_pb_image][et_pb_text _builder_version=\"4.16\" _module_preset=\"default\" text_font=\"|||on|||||\" text_font_size=\"11px\" custom_margin=\"-22px||||false|false\" global_colors_info=\"{}\"]<\/p><p>fioroni - Fondo champagne multicolore verde<\/p><p>[\/et_pb_text][\/et_pb_column][et_pb_column type=\"1_4\" _builder_version=\"4.16\" _module_preset=\"default\" global_colors_info=\"{}\"][et_pb_image src=\"http:\/\/www.luigi-bevilacqua.com\/wp-content\/uploads\/2014\/11\/Velluto-Multicolore-Fresie-020-3160-fondo-avorio-multicolore-verde.jpg\" alt=\"Velluto Multicolore Fresie 020-3160 fondo avorio multicolore verde | Tessiture Bevilacqua\" title_text=\"Velluto Multicolore Fresie 020-3160 fondo avorio multicolore verde | Tessiture Bevilacqua\" url=\"http:\/\/www.luigi-bevilacqua.com\/project\/fresie\/\" _builder_version=\"4.16\" _module_preset=\"default\" global_colors_info=\"{}\"][\/et_pb_image][et_pb_text _builder_version=\"4.16\" _module_preset=\"default\" text_font=\"|||on|||||\" text_font_size=\"11px\" custom_margin=\"-22px||||false|false\" global_colors_info=\"{}\"]<\/p><p>Fresie - fondo avorio multicolore verde<\/p><p>[\/et_pb_text][\/et_pb_column][et_pb_column type=\"1_4\" _builder_version=\"4.16\" _module_preset=\"default\" global_colors_info=\"{}\"][et_pb_image src=\"http:\/\/www.luigi-bevilacqua.com\/wp-content\/uploads\/2014\/11\/Velluto-Multicolore-Fresie-021-3160-fondo-champagne-multicolore-verde.jpg\" alt=\"Velluto Multicolore Fresie 021-3160 fondo champagne multicolore verde | Tessiture Bevilacqua\" title_text=\"Velluto Multicolore Fresie 021-3160 fondo champagne multicolore verde | Tessiture Bevilacqua\" url=\"http:\/\/www.luigi-bevilacqua.com\/project\/fresie\/\" _builder_version=\"4.16\" _module_preset=\"default\" global_colors_info=\"{}\"][\/et_pb_image][et_pb_text _builder_version=\"4.16\" _module_preset=\"default\" text_font=\"|||on|||||\" text_font_size=\"11px\" custom_margin=\"-22px||||false|false\" global_colors_info=\"{}\"]<\/p><p>Fresie - fondo champagne multicolore verde<\/p><p>[\/et_pb_text][\/et_pb_column][\/et_pb_row][et_pb_row column_structure=\"1_4,1_4,1_4,1_4\" _builder_version=\"4.16\" _module_preset=\"default\" global_colors_info=\"{}\"][et_pb_column type=\"1_4\" _builder_version=\"4.16\" _module_preset=\"default\" global_colors_info=\"{}\"][et_pb_image src=\"http:\/\/www.luigi-bevilacqua.com\/wp-content\/uploads\/2014\/11\/Velluto-Grottesche-verde-oro.jpg\" alt=\"Velluto Grottesche verde oro | Tessitura Bevilacqua\" title_text=\"Velluto Grottesche verde oro | Tessitura Bevilacqua\" url=\"http:\/\/www.luigi-bevilacqua.com\/project\/grottesche-velluto\/\" _builder_version=\"4.16\" _module_preset=\"default\" global_colors_info=\"{}\"][\/et_pb_image][et_pb_text _builder_version=\"4.16\" _module_preset=\"default\" text_font=\"|||on|||||\" text_font_size=\"11px\" custom_margin=\"-22px||||false|false\" link_option_url=\"http:\/\/www.luigi-bevilacqua.com\/project\/grottesche-velluto\/\" global_colors_info=\"{}\"]<\/p><p>Grottesche - verde oro antico<\/p><p>[\/et_pb_text][\/et_pb_column][et_pb_column type=\"1_4\" _builder_version=\"4.16\" _module_preset=\"default\" global_colors_info=\"{}\"][\/et_pb_column][et_pb_column type=\"1_4\" _builder_version=\"4.16\" _module_preset=\"default\" global_colors_info=\"{}\"][\/et_pb_column][et_pb_column type=\"1_4\" _builder_version=\"4.16\" _module_preset=\"default\" global_colors_info=\"{}\"][\/et_pb_column][\/et_pb_row][et_pb_row _builder_version=\"4.16\" background_size=\"initial\" background_position=\"top_left\" background_repeat=\"repeat\" global_colors_info=\"{}\"][et_pb_column type=\"4_4\" _builder_version=\"4.16\" custom_padding=\"|||\" global_colors_info=\"{}\" custom_padding__hover=\"|||\"][et_pb_text _builder_version=\"4.16\" text_font=\"Roboto|||on|||||\" text_font_size=\"14px\" text_letter_spacing=\"1px\" global_colors_info=\"{}\"]<\/p><p style=\"text-align: center;\">Velluti bacchetta<\/p><p>[\/et_pb_text][\/et_pb_column][\/et_pb_row][et_pb_row column_structure=\"1_4,1_4,1_4,1_4\" _builder_version=\"4.16\" _module_preset=\"default\" global_colors_info=\"{}\"][et_pb_column type=\"1_4\" _builder_version=\"4.16\" _module_preset=\"default\" global_colors_info=\"{}\"][et_pb_image src=\"http:\/\/www.luigi-bevilacqua.com\/wp-content\/uploads\/2018\/03\/Velluto-Caccia-059-3349-verde-oliva.jpg\" alt=\"Velluto Caccia 059-3349 verde oliva | Tessiture Bevilacqua\" title_text=\"Velluto Caccia 059-3349 verde oliva | Tessiture Bevilacqua\" url=\"http:\/\/www.luigi-bevilacqua.com\/project\/caccia-velluto-bacchetta\/\" _builder_version=\"4.16\" _module_preset=\"default\" global_colors_info=\"{}\"][\/et_pb_image][et_pb_text _builder_version=\"4.16\" _module_preset=\"default\" text_font=\"|||on|||||\" text_font_size=\"11px\" custom_margin=\"-22px||||false|false\" global_colors_info=\"{}\"]<\/p><p>Caccia - Verde Oliva<\/p><p>[\/et_pb_text][\/et_pb_column][et_pb_column type=\"1_4\" _builder_version=\"4.16\" _module_preset=\"default\" global_colors_info=\"{}\"][et_pb_image src=\"http:\/\/www.luigi-bevilacqua.com\/wp-content\/uploads\/2020\/02\/Velluto-Ca-dOro-359-3283S-verde-oliva-400x400-1.jpg\" alt=\"Velluto bacchetta Ca' d'Oro 359-3283S verde oliva | Tessitura Bevilacqua\" title_text=\"Velluto Ca d'Oro 359-3283S verde oliva 400x400\" url=\"http:\/\/www.luigi-bevilacqua.com\/project\/ca-d-oro-velluto-bacchetta\/\" _builder_version=\"4.16\" _module_preset=\"default\" global_colors_info=\"{}\"][\/et_pb_image][et_pb_text _builder_version=\"4.16\" _module_preset=\"default\" text_font=\"|||on|||||\" text_font_size=\"11px\" custom_margin=\"-22px||||false|false\" global_colors_info=\"{}\"]<\/p><p>Ca' d'Oro- Verde Oliva<\/p><p>[\/et_pb_text][\/et_pb_column][et_pb_column type=\"1_4\" _builder_version=\"4.16\" _module_preset=\"default\" global_colors_info=\"{}\"][et_pb_image src=\"http:\/\/www.luigi-bevilacqua.com\/wp-content\/uploads\/2018\/03\/Velluto-Cardi-079-3335-verde-oliva.jpg\" alt=\"Velluto Cardi 079-3335 verde oliva | Tessiture Bevilacqua\" title_text=\"Velluto Cardi 079-3335 verde oliva | Tessiture Bevilacqua\" url=\"http:\/\/www.luigi-bevilacqua.com\/project\/cardi-velluto-bacchetta\/\" _builder_version=\"4.16\" _module_preset=\"default\" global_colors_info=\"{}\"][\/et_pb_image][et_pb_text _builder_version=\"4.16\" _module_preset=\"default\" text_font=\"|||on|||||\" text_font_size=\"11px\" custom_margin=\"-22px||||false|false\" global_colors_info=\"{}\"]<\/p><p>Cardi - Verde Oliva<\/p><p>[\/et_pb_text][\/et_pb_column][et_pb_column type=\"1_4\" _builder_version=\"4.16\" _module_preset=\"default\" global_colors_info=\"{}\"][et_pb_image src=\"http:\/\/www.luigi-bevilacqua.com\/wp-content\/uploads\/2020\/11\/Velluto-Da-Vinci-349-39243.jpg\" alt=\"Velluto Da Vinci 349-39243\" title_text=\"Velluto Da Vinci 349-39243\" url=\"http:\/\/www.luigi-bevilacqua.com\/project\/da-vinci-velluto-bacchetta\/\" _builder_version=\"4.16\" _module_preset=\"default\" global_colors_info=\"{}\"][\/et_pb_image][et_pb_text _builder_version=\"4.16\" _module_preset=\"default\" text_font=\"|||on|||||\" text_font_size=\"11px\" custom_margin=\"-22px||||false|false\" global_colors_info=\"{}\"]<\/p><p>Da Vinci - Verde Oliva<\/p><p>[\/et_pb_text][\/et_pb_column][\/et_pb_row][et_pb_row column_structure=\"1_4,1_4,1_4,1_4\" _builder_version=\"4.16\" _module_preset=\"default\" global_colors_info=\"{}\"][et_pb_column type=\"1_4\" _builder_version=\"4.16\" _module_preset=\"default\" global_colors_info=\"{}\"][et_pb_image src=\"http:\/\/www.luigi-bevilacqua.com\/wp-content\/uploads\/2018\/03\/Velluto-Fiere-069-3973-verde-oliva.jpg\" alt=\"Velluto Fiere 069-3973 verde oliva | Tessiture Bevilacqua\" title_text=\"Velluto Fiere 069-3973 verde oliva | Tessiture Bevilacqua\" url=\"http:\/\/www.luigi-bevilacqua.com\/project\/fiere-velluto-bacchetta\/\" _builder_version=\"4.16\" _module_preset=\"default\" global_colors_info=\"{}\"][\/et_pb_image][et_pb_text _builder_version=\"4.16\" _module_preset=\"default\" text_font=\"|||on|||||\" text_font_size=\"11px\" custom_margin=\"-22px||||false|false\" global_colors_info=\"{}\"]<\/p><p>Fiere - Verde Oliva<\/p><p>[\/et_pb_text][\/et_pb_column][et_pb_column type=\"1_4\" _builder_version=\"4.16\" _module_preset=\"default\" global_colors_info=\"{}\"][et_pb_image src=\"http:\/\/www.luigi-bevilacqua.com\/wp-content\/uploads\/2016\/05\/Velluto-Goteborg-005-34030-verde-beige-chiaro-1.jpg\" alt=\"Velluto Goteborg 005-34030 verde-beige chiaro | Tessitura Bevilacqua\" title_text=\"Velluto Goteborg 005-34030 verde-beige chiaro | Tessitura Bevilacqua\" url=\"http:\/\/www.luigi-bevilacqua.com\/project\/velluto-deco\/\" _builder_version=\"4.16\" _module_preset=\"default\" global_colors_info=\"{}\"][\/et_pb_image][et_pb_text _builder_version=\"4.16\" _module_preset=\"default\" text_font=\"|||on|||||\" text_font_size=\"11px\" custom_margin=\"-22px||||false|false\" global_colors_info=\"{}\"]<\/p><p>GOTEBORG - verde \u2013 beige chiaro<\/p><p>[\/et_pb_text][\/et_pb_column][et_pb_column type=\"1_4\" _builder_version=\"4.16\" _module_preset=\"default\" global_colors_info=\"{}\"][et_pb_image src=\"http:\/\/www.luigi-bevilacqua.com\/wp-content\/uploads\/2014\/09\/Velluto-bacchetta-Gotico-339-3945S-verde-oliva.jpg\" alt=\"Velluto bacchetta Gotico 339-3945S verde oliva | Tessiture Bevilacqua\" title_text=\"Velluto bacchetta Gotico 339-3945S verde oliva | Tessiture Bevilacqua\" url=\"http:\/\/www.luigi-bevilacqua.com\/project\/gotico\/\" _builder_version=\"4.16\" _module_preset=\"default\" global_colors_info=\"{}\"][\/et_pb_image][et_pb_text _builder_version=\"4.16\" _module_preset=\"default\" text_font=\"|||on|||||\" text_font_size=\"11px\" custom_margin=\"-22px||||false|false\" global_colors_info=\"{}\"]<\/p><p>Gotico - Verde Oliva<\/p><p>[\/et_pb_text][\/et_pb_column][et_pb_column type=\"1_4\" _builder_version=\"4.16\" _module_preset=\"default\" global_colors_info=\"{}\"][et_pb_image src=\"http:\/\/www.luigi-bevilacqua.com\/wp-content\/uploads\/2021\/05\/Velluto-Griglia-109-3162.jpg\" alt=\"Velluto Griglia 109-3162 verde oliva | Tessiture Bevilacqua\" title_text=\"Velluto Griglia 109-3162\" url=\"http:\/\/www.luigi-bevilacqua.com\/project\/griglia-velluto-bacchetta\/\" _builder_version=\"4.16\" _module_preset=\"default\" global_colors_info=\"{}\"][\/et_pb_image][et_pb_text _builder_version=\"4.16\" _module_preset=\"default\" text_font=\"|||on|||||\" text_font_size=\"11px\" custom_margin=\"-22px||||false|false\" global_colors_info=\"{}\"]<\/p><p>Griglia - Verde Oliva<\/p><p>[\/et_pb_text][\/et_pb_column][\/et_pb_row][et_pb_row column_structure=\"1_4,1_4,1_4,1_4\" _builder_version=\"4.16\" _module_preset=\"default\" global_colors_info=\"{}\"][et_pb_column type=\"1_4\" _builder_version=\"4.16\" _module_preset=\"default\" global_colors_info=\"{}\"][et_pb_image src=\"http:\/\/www.luigi-bevilacqua.com\/wp-content\/uploads\/2014\/11\/Velluto-Lanc\u00e9-019-3370-verde-oliva.jpg\" alt=\"Velluto Lanc\u00e9 019-3370 verde oliva | Tessiture Bevilacqua\" title_text=\"Velluto Lanc\u00e9 019-3370 verde oliva | Tessiture Bevilacqua\" url=\"http:\/\/www.luigi-bevilacqua.com\/project\/lance\/\" _builder_version=\"4.16\" _module_preset=\"default\" global_colors_info=\"{}\"][\/et_pb_image][et_pb_text _builder_version=\"4.16\" _module_preset=\"default\" text_font=\"|||on|||||\" text_font_size=\"11px\" custom_margin=\"-22px||||false|false\" global_colors_info=\"{}\"]<\/p><p>Lanc\u00e9 - Verde Oliva<\/p><p>[\/et_pb_text][\/et_pb_column][et_pb_column type=\"1_4\" _builder_version=\"4.16\" _module_preset=\"default\" global_colors_info=\"{}\"][et_pb_image src=\"http:\/\/www.luigi-bevilacqua.com\/wp-content\/uploads\/2014\/11\/Velluto-Righe-Piccole-119-824-1-verde-oliva.jpg\" alt=\"Velluto Righe Piccole 119-824-1 verde oliva | Tessiture Bevilacqua\" title_text=\"Velluto Righe Piccole 119-824-1 verde oliva | Tessiture Bevilacqua\" url=\"http:\/\/www.luigi-bevilacqua.com\/project\/righe-piccole\/\" _builder_version=\"4.16\" _module_preset=\"default\" global_colors_info=\"{}\"][\/et_pb_image][et_pb_text _builder_version=\"4.16\" _module_preset=\"default\" text_font=\"|||on|||||\" text_font_size=\"11px\" custom_margin=\"-22px||||false|false\" global_colors_info=\"{}\"]<\/p><p>Righe Piccole - Verde Oliva<\/p><p>[\/et_pb_text][\/et_pb_column][et_pb_column type=\"1_4\" _builder_version=\"4.16\" _module_preset=\"default\" global_colors_info=\"{}\"][et_pb_image src=\"http:\/\/www.luigi-bevilacqua.com\/wp-content\/uploads\/2014\/11\/Velluto-bacchetta-Rinascimento-209-39361S-verde-oliva.jpg\" alt=\"Velluto bacchetta Rinascimento 209-39361S verde oliva | Tessiture Bevilacqua\" title_text=\"Velluto bacchetta Rinascimento 209-39361S verde oliva | Tessiture Bevilacqua\" url=\"http:\/\/www.luigi-bevilacqua.com\/project\/rinascimento-velluto\/\" _builder_version=\"4.16\" _module_preset=\"default\" global_colors_info=\"{}\"][\/et_pb_image][et_pb_text _builder_version=\"4.16\" _module_preset=\"default\" text_font=\"|||on|||||\" text_font_size=\"11px\" custom_margin=\"-22px||||false|false\" global_colors_info=\"{}\"]<\/p><p>Rinascimento- Verde Oliva<\/p><p>[\/et_pb_text][\/et_pb_column][et_pb_column type=\"1_4\" _builder_version=\"4.16\" _module_preset=\"default\" global_colors_info=\"{}\"][et_pb_image src=\"http:\/\/www.luigi-bevilacqua.com\/wp-content\/uploads\/2018\/06\/Velluto-Senatori-089-3970-verde-oliva.jpg\" alt=\"Velluto Senatori 089-3970 verde oliva | Tessiture Bevilacqua\" title_text=\"Velluto Senatori 089-3970 verde oliva | Tessiture Bevilacqua\" url=\"http:\/\/www.luigi-bevilacqua.com\/project\/senatori-velluto-bacchetta\/\" _builder_version=\"4.16\" _module_preset=\"default\" global_colors_info=\"{}\"][\/et_pb_image][et_pb_text _builder_version=\"4.16\" _module_preset=\"default\" text_font=\"|||on|||||\" text_font_size=\"11px\" custom_margin=\"-22px||||false|false\" global_colors_info=\"{}\"]<\/p><p>Senatori - Verde Oliva<\/p><p>[\/et_pb_text][\/et_pb_column][\/et_pb_row][et_pb_row column_structure=\"1_4,1_4,1_4,1_4\" _builder_version=\"4.16\" _module_preset=\"default\" global_colors_info=\"{}\"][et_pb_column type=\"1_4\" _builder_version=\"4.16\" _module_preset=\"default\" global_colors_info=\"{}\"][et_pb_image src=\"http:\/\/www.luigi-bevilacqua.com\/wp-content\/uploads\/2014\/11\/Velluto-Taccheggiato-349-3946-verde-oliva.jpg\" alt=\"Velluto Taccheggiato 349-3946 verde oliva | Tessiture Bevilacqua\" title_text=\"Velluto Taccheggiato 349-3946 verde oliva | Tessiture Bevilacqua\" url=\"http:\/\/www.luigi-bevilacqua.com\/project\/taccheggiato\/\" _builder_version=\"4.16\" _module_preset=\"default\" global_colors_info=\"{}\"][\/et_pb_image][et_pb_text _builder_version=\"4.16\" _module_preset=\"default\" text_font=\"|||on|||||\" text_font_size=\"11px\" custom_margin=\"-22px||||false|false\" global_colors_info=\"{}\"]<\/p><p>Taccheggiato - verde oliva<\/p><p>[\/et_pb_text][\/et_pb_column][et_pb_column type=\"1_4\" _builder_version=\"4.16\" _module_preset=\"default\" global_colors_info=\"{}\"][et_pb_image src=\"http:\/\/www.luigi-bevilacqua.com\/wp-content\/uploads\/2014\/11\/Velluto-bacchetta-Torcello-139-3940S-verde-oliva.jpg\" alt=\"Velluto bacchetta Torcello 139-3940S verde oliva | Tessiture Bevilacqua\" title_text=\"Velluto bacchetta Torcello 139-3940S verde oliva | Tessiture Bevilacqua\" url=\"http:\/\/www.luigi-bevilacqua.com\/project\/velluto-torcello\/\" _builder_version=\"4.16\" _module_preset=\"default\" global_colors_info=\"{}\"][\/et_pb_image][et_pb_text _builder_version=\"4.16\" _module_preset=\"default\" text_font=\"|||on|||||\" text_font_size=\"11px\" custom_margin=\"-22px||||false|false\" global_colors_info=\"{}\"]<\/p><p>Torcello - Verde Oliva<\/p><p>[\/et_pb_text][\/et_pb_column][et_pb_column type=\"1_4\" _builder_version=\"4.16\" _module_preset=\"default\" global_colors_info=\"{}\"][\/et_pb_column][et_pb_column type=\"1_4\" _builder_version=\"4.16\" _module_preset=\"default\" global_colors_info=\"{}\"][\/et_pb_column][\/et_pb_row][et_pb_row _builder_version=\"4.16\" background_size=\"initial\" background_position=\"top_left\" background_repeat=\"repeat\" global_colors_info=\"{}\"][et_pb_column type=\"4_4\" _builder_version=\"4.16\" custom_padding=\"|||\" global_colors_info=\"{}\" custom_padding__hover=\"|||\"][et_pb_text _builder_version=\"4.16\" text_font=\"Roboto|||on|||||\" text_font_size=\"14px\" text_letter_spacing=\"1px\" global_colors_info=\"{}\"]<\/p><p style=\"text-align: center;\">Damaschi<\/p><p>[\/et_pb_text][\/et_pb_column][\/et_pb_row][et_pb_row column_structure=\"1_4,1_4,1_4,1_4\" _builder_version=\"4.16\" _module_preset=\"default\" global_colors_info=\"{}\"][et_pb_column type=\"1_4\" _builder_version=\"4.16\" _module_preset=\"default\" global_colors_info=\"{}\"][et_pb_image src=\"http:\/\/www.luigi-bevilacqua.com\/wp-content\/uploads\/2014\/09\/Damasco-31089-autunno.jpg\" alt=\"Damasco 31089 autunno | Tessitura Bevilacqua\" title_text=\"Damasco 31089 autunno | Tessitura Bevilacqua\" url=\"http:\/\/www.luigi-bevilacqua.com\/project\/damasco-r-craquele\/\" _builder_version=\"4.16\" _module_preset=\"default\" global_colors_info=\"{}\"][\/et_pb_image][et_pb_text _builder_version=\"4.16\" _module_preset=\"default\" text_font=\"|||on|||||\" text_font_size=\"11px\" custom_margin=\"-22px||||false|false\" global_colors_info=\"{}\"]<\/p><p>\u201c31089 R\u201d Craquel\u00e9 - Autunno<\/p><p>[\/et_pb_text][\/et_pb_column][et_pb_column type=\"1_4\" _builder_version=\"4.16\" _module_preset=\"default\" global_colors_info=\"{}\"][et_pb_image src=\"http:\/\/www.luigi-bevilacqua.com\/wp-content\/uploads\/2014\/09\/Damasco-31089-edera.jpg\" alt=\"Damasco 31089 edera | Tessitura Bevilacqua\" title_text=\"Damasco 31089 edera | Tessitura Bevilacqua\" url=\"http:\/\/www.luigi-bevilacqua.com\/project\/damasco-r-craquele\/\" _builder_version=\"4.16\" _module_preset=\"default\" global_colors_info=\"{}\"][\/et_pb_image][et_pb_text _builder_version=\"4.16\" _module_preset=\"default\" text_font=\"|||on|||||\" text_font_size=\"11px\" custom_margin=\"-22px||||false|false\" global_colors_info=\"{}\"]<\/p><p>\u201c31089 R\u201d Craquel\u00e9 - Edera<\/p><p>[\/et_pb_text][\/et_pb_column][et_pb_column type=\"1_4\" _builder_version=\"4.16\" _module_preset=\"default\" global_colors_info=\"{}\"][et_pb_image src=\"http:\/\/www.luigi-bevilacqua.com\/wp-content\/uploads\/2014\/09\/Damasco-Craquel\u00e9-108-31089R-smeraldo.jpg\" alt=\"Damasco Craquel\u00e9 108-31089R smeraldo | Tessiture Bevilacqua\" title_text=\"Damasco Craquel\u00e9 108-31089R smeraldo | Tessiture Bevilacqua\" url=\"http:\/\/www.luigi-bevilacqua.com\/project\/damasco-r-craquele\/\" _builder_version=\"4.16\" _module_preset=\"default\" global_colors_info=\"{}\"][\/et_pb_image][et_pb_text _builder_version=\"4.16\" _module_preset=\"default\" text_font=\"|||on|||||\" text_font_size=\"11px\" custom_margin=\"-22px||||false|false\" global_colors_info=\"{}\"]<\/p><p>\u201c31089 R\u201d Craquel\u00e9 - Smeraldo<\/p><p>[\/et_pb_text][\/et_pb_column][et_pb_column type=\"1_4\" _builder_version=\"4.16\" _module_preset=\"default\" global_colors_info=\"{}\"][et_pb_image src=\"http:\/\/www.luigi-bevilacqua.com\/wp-content\/uploads\/2014\/09\/Damasco-Bizar-168-3936-smeraldo.jpg\" alt=\"Velluto bacchetta Rinascimento 209-39361S verde oliva | Tessiture Bevilacqua\" title_text=\"Damasco Bizar 168-3936 smeraldo | Tessiture Bevilacqua\" url=\"http:\/\/www.luigi-bevilacqua.com\/project\/damasco-bizar\/\" _builder_version=\"4.16\" _module_preset=\"default\" global_colors_info=\"{}\"][\/et_pb_image][et_pb_text _builder_version=\"4.16\" _module_preset=\"default\" text_font=\"|||on|||||\" text_font_size=\"11px\" custom_margin=\"-22px||||false|false\" global_colors_info=\"{}\"]<\/p><p>Bizar - Smeraldo<\/p><p>[\/et_pb_text][\/et_pb_column][\/et_pb_row][et_pb_row column_structure=\"1_4,1_4,1_4,1_4\" _builder_version=\"4.16\" _module_preset=\"default\" global_colors_info=\"{}\"][et_pb_column type=\"1_4\" _builder_version=\"4.16\" _module_preset=\"default\" global_colors_info=\"{}\"][et_pb_image src=\"http:\/\/www.luigi-bevilacqua.com\/wp-content\/uploads\/2014\/11\/Damasco-Fenice-168-31061-smeraldo.jpg\" alt=\"Damasco Fenice 168-31061 smeraldo | Tessiture Bevilacqua\" title_text=\"Damasco Fenice 168-31061 smeraldo | Tessiture Bevilacqua\" url=\"http:\/\/www.luigi-bevilacqua.com\/project\/fenice\/\" _builder_version=\"4.16\" _module_preset=\"default\" global_colors_info=\"{}\"][\/et_pb_image][et_pb_text _builder_version=\"4.16\" _module_preset=\"default\" text_font=\"|||on|||||\" text_font_size=\"11px\" custom_margin=\"-22px||||false|false\" global_colors_info=\"{}\"]<\/p><p>Fenice - Smeraldo<\/p><p>[\/et_pb_text][\/et_pb_column][et_pb_column type=\"1_4\" _builder_version=\"4.16\" _module_preset=\"default\" global_colors_info=\"{}\"][et_pb_image src=\"http:\/\/www.luigi-bevilacqua.com\/wp-content\/uploads\/2014\/09\/Damasco-Giardino-Craquele-33077-verde-oro.jpg\" alt=\"Damasco Giardino Craquele 33077 verde-oro | Tessitura Bevilacqua\" title_text=\"Damasco Giardino Craquele 33077 verde-oro | Tessitura Bevilacqua\" url=\"http:\/\/www.luigi-bevilacqua.com\/project\/giardino-craquele\/\" _builder_version=\"4.16\" _module_preset=\"default\" global_colors_info=\"{}\"][\/et_pb_image][et_pb_text _builder_version=\"4.16\" _module_preset=\"default\" text_font=\"|||on|||||\" text_font_size=\"11px\" custom_margin=\"-22px||||false|false\" global_colors_info=\"{}\"]<\/p><p>GIARDINO CRAQUEL\u00c9\u00a0 - Verde \u2013 Oro<\/p><p>[\/et_pb_text][\/et_pb_column][et_pb_column type=\"1_4\" _builder_version=\"4.16\" _module_preset=\"default\" global_colors_info=\"{}\"][et_pb_image src=\"http:\/\/www.luigi-bevilacqua.com\/wp-content\/uploads\/2014\/09\/Damasco-Giardino-Craquele-33077-giada-098-33077.jpg\" alt=\"Damasco Giardino Craquele 33077 verde-oro | Tessitura Bevilacqua\" title_text=\"Damasco Giardino Craquele 33077 giada 098-33077 | Tessitura Bevilacqua\" url=\"http:\/\/www.luigi-bevilacqua.com\/project\/giardino-craquele\/\" _builder_version=\"4.16\" _module_preset=\"default\" global_colors_info=\"{}\"][\/et_pb_image][et_pb_text _builder_version=\"4.16\" _module_preset=\"default\" text_font=\"|||on|||||\" text_font_size=\"11px\" custom_margin=\"-22px||||false|false\" global_colors_info=\"{}\"]<\/p><p>GIARDINO CRAQUEL\u00c9 - Giada<\/p><p>[\/et_pb_text][\/et_pb_column][et_pb_column type=\"1_4\" _builder_version=\"4.16\" _module_preset=\"default\" global_colors_info=\"{}\"][et_pb_image src=\"http:\/\/www.luigi-bevilacqua.com\/wp-content\/uploads\/2014\/09\/Damasco-Craquel\u00e9-Giardino-168-33077-smeraldo-oro.jpg\" alt=\"Damasco Craquel\u00e9 Giardino 168-33077 smeraldo-oro | Tessiture Bevilacqua\" title_text=\"Damasco Craquel\u00e9 Giardino 168-33077 smeraldo-oro | Tessiture Bevilacqua\" url=\"http:\/\/www.luigi-bevilacqua.com\/project\/giardino-craquele\/\" _builder_version=\"4.16\" _module_preset=\"default\" global_colors_info=\"{}\"][\/et_pb_image][et_pb_text _builder_version=\"4.16\" _module_preset=\"default\" text_font=\"|||on|||||\" text_font_size=\"11px\" custom_margin=\"-22px||||false|false\" global_colors_info=\"{}\"]<\/p><p>GIARDINO CRAQUEL\u00c9 - Smeraldo \u2013 Oro<\/p><p>[\/et_pb_text][\/et_pb_column][\/et_pb_row][et_pb_row column_structure=\"1_4,1_4,1_4,1_4\" _builder_version=\"4.16\" _module_preset=\"default\" global_colors_info=\"{}\"][et_pb_column type=\"1_4\" _builder_version=\"4.16\" _module_preset=\"default\" global_colors_info=\"{}\"][et_pb_image src=\"http:\/\/www.luigi-bevilacqua.com\/wp-content\/uploads\/2020\/02\/Damasco-Termidoro-088-3691-smerlado-beige-400x400-1.jpg\" alt=\"Damasco Termidoro 088-3691 smeraldo-beige | Tessitura Bevilacqua\" title_text=\"Damasco Termidoro 088-3691 smerlado beige 400x400\" url=\"http:\/\/www.luigi-bevilacqua.com\/project\/termidoro\/\" _builder_version=\"4.16\" _module_preset=\"default\" global_colors_info=\"{}\"][\/et_pb_image][et_pb_text _builder_version=\"4.16\" _module_preset=\"default\" text_font=\"|||on|||||\" text_font_size=\"11px\" custom_margin=\"-22px||||false|false\" global_colors_info=\"{}\"]<\/p><p>Termidoro - Smeraldo \u2013 Beige<\/p><p>[\/et_pb_text][\/et_pb_column][et_pb_column type=\"1_4\" _builder_version=\"4.16\" _module_preset=\"default\" global_colors_info=\"{}\"][\/et_pb_column][et_pb_column type=\"1_4\" _builder_version=\"4.16\" _module_preset=\"default\" global_colors_info=\"{}\"][\/et_pb_column][et_pb_column type=\"1_4\" _builder_version=\"4.16\" _module_preset=\"default\" global_colors_info=\"{}\"][\/et_pb_column][\/et_pb_row][et_pb_row _builder_version=\"4.16\" background_size=\"initial\" background_position=\"top_left\" background_repeat=\"repeat\" global_colors_info=\"{}\"][et_pb_column type=\"4_4\" _builder_version=\"4.16\" custom_padding=\"|||\" global_colors_info=\"{}\" custom_padding__hover=\"|||\"][et_pb_text _builder_version=\"4.16\" text_font=\"Roboto|||on|||||\" text_font_size=\"14px\" text_letter_spacing=\"1px\" global_colors_info=\"{}\"]<\/p><p style=\"text-align: center;\">Broccatelli<\/p><p>[\/et_pb_text][\/et_pb_column][\/et_pb_row][et_pb_row column_structure=\"1_4,1_4,1_4,1_4\" _builder_version=\"4.16\" _module_preset=\"default\" global_colors_info=\"{}\"][et_pb_column type=\"1_4\" _builder_version=\"4.16\" _module_preset=\"default\" global_colors_info=\"{}\"][et_pb_image src=\"http:\/\/www.luigi-bevilacqua.com\/wp-content\/uploads\/2020\/01\/Broccatello-Acanto-verde-110-34895_500x500.jpg\" alt=\"Broccatello Acanto verde 110-34895 | Tessitura Bevilacqua\" title_text=\"Broccatello Acanto verde 110-34895 | Tessitura Bevilacqua\" url=\"http:\/\/www.luigi-bevilacqua.com\/project\/broccatello-acanto\/\" _builder_version=\"4.16\" _module_preset=\"default\" global_colors_info=\"{}\"][\/et_pb_image][et_pb_text _builder_version=\"4.16\" _module_preset=\"default\" text_font=\"|||on|||||\" text_font_size=\"11px\" custom_margin=\"-22px||||false|false\" global_colors_info=\"{}\"]<\/p><p>Acanto - Verde<\/p><p>[\/et_pb_text][\/et_pb_column][et_pb_column type=\"1_4\" _builder_version=\"4.16\" _module_preset=\"default\" global_colors_info=\"{}\"][et_pb_image src=\"http:\/\/www.luigi-bevilacqua.com\/wp-content\/uploads\/2020\/01\/Broccatello-Acanto-verde-oliva-111-34895_500x500.jpg\" alt=\"Broccatello Acanto verde oliva 111-34895 | Tessitura Bevilacqua\" title_text=\"Broccatello Acanto verde oliva 111-34895 | Tessitura Bevilacqua\" url=\"http:\/\/www.luigi-bevilacqua.com\/project\/broccatello-acanto\/\" _builder_version=\"4.16\" _module_preset=\"default\" global_colors_info=\"{}\"][\/et_pb_image][et_pb_text _builder_version=\"4.16\" _module_preset=\"default\" text_font=\"|||on|||||\" text_font_size=\"11px\" custom_margin=\"-22px||||false|false\" global_colors_info=\"{}\"]<\/p><p>Acanto - Verde Oliva<\/p><p>[\/et_pb_text][\/et_pb_column][et_pb_column type=\"1_4\" _builder_version=\"4.16\" _module_preset=\"default\" global_colors_info=\"{}\"][et_pb_image src=\"http:\/\/www.luigi-bevilacqua.com\/wp-content\/uploads\/2014\/09\/Broccatello-Fiere-168-32973-smeraldo.jpg\" alt=\"Damasco Craquel\u00e9 Giardino 168-33077 smeraldo-oro | Tessiture Bevilacqua\" title_text=\"Broccatello Fiere 168-32973 smeraldo | Tessitura Bevilacqua\" url=\"http:\/\/www.luigi-bevilacqua.com\/project\/broccatelli-fiere\/\" _builder_version=\"4.16\" _module_preset=\"default\" global_colors_info=\"{}\"][\/et_pb_image][et_pb_text _builder_version=\"4.16\" _module_preset=\"default\" text_font=\"|||on|||||\" text_font_size=\"11px\" custom_margin=\"-22px||||false|false\" global_colors_info=\"{}\"]<\/p><p>Fiere - Smeraldo<\/p><p>[\/et_pb_text][\/et_pb_column][et_pb_column type=\"1_4\" _builder_version=\"4.16\" _module_preset=\"default\" global_colors_info=\"{}\"][et_pb_image src=\"http:\/\/www.luigi-bevilacqua.com\/wp-content\/uploads\/2020\/01\/Broccatello-Giardino-verde-antico-111-34248-500x500-1.jpg\" alt=\"Broccatello Giardino verde antico 111-34248 | Tessitura Bevilacqua\" title_text=\"Broccatello Giardino verde antico 111-34248 | Tessitura Bevilacqua\" url=\"http:\/\/www.luigi-bevilacqua.com\/project\/broccatello-giardino\/\" _builder_version=\"4.16\" _module_preset=\"default\" global_colors_info=\"{}\"][\/et_pb_image][et_pb_text _builder_version=\"4.16\" _module_preset=\"default\" text_font=\"|||on|||||\" text_font_size=\"11px\" custom_margin=\"-22px||||false|false\" global_colors_info=\"{}\"]<\/p><p>Giardino - Verde Antico<\/p><p>[\/et_pb_text][\/et_pb_column][\/et_pb_row][et_pb_row column_structure=\"1_4,1_4,1_4,1_4\" _builder_version=\"4.16\" _module_preset=\"default\" global_colors_info=\"{}\"][et_pb_column type=\"1_4\" _builder_version=\"4.16\" _module_preset=\"default\" global_colors_info=\"{}\"][et_pb_image src=\"http:\/\/www.luigi-bevilacqua.com\/wp-content\/uploads\/2020\/01\/Broccatello-Griccia-verde-antico-111-34293_500x500.jpg\" alt=\"Broccatello Griccia verde antico 111-34293 | Tessitura Bevilacqua\" title_text=\"Broccatello Griccia verde antico 111-34293 | Tessitura Bevilacqua\" url=\"http:\/\/www.luigi-bevilacqua.com\/project\/broccatello-griccia\/\" _builder_version=\"4.16\" _module_preset=\"default\" global_colors_info=\"{}\"][\/et_pb_image][et_pb_text _builder_version=\"4.16\" _module_preset=\"default\" text_font=\"|||on|||||\" text_font_size=\"11px\" custom_margin=\"-22px||||false|false\" global_colors_info=\"{}\"]<\/p><p>Griccia - Verde antico<\/p><p>[\/et_pb_text][\/et_pb_column][et_pb_column type=\"1_4\" _builder_version=\"4.16\" _module_preset=\"default\" global_colors_info=\"{}\"][et_pb_image src=\"http:\/\/www.luigi-bevilacqua.com\/wp-content\/uploads\/2020\/01\/Broccatello-Grottesche-verde-antico-111-34135-500x500-1.jpg\" alt=\"Broccatello Grottesche verde antico 111-34135 | Tessitura Bevilacqua\" title_text=\"Broccatello Grottesche verde antico 111-34135 | Tessitura Bevilacqua\" url=\"http:\/\/www.luigi-bevilacqua.com\/project\/grottesche\/\" _builder_version=\"4.16\" _module_preset=\"default\" global_colors_info=\"{}\"][\/et_pb_image][et_pb_text _builder_version=\"4.16\" _module_preset=\"default\" text_font=\"|||on|||||\" text_font_size=\"11px\" custom_margin=\"-22px||||false|false\" global_colors_info=\"{}\"]<\/p><p>Grottesche- Verde Antico<\/p><p>[\/et_pb_text][\/et_pb_column][et_pb_column type=\"1_4\" _builder_version=\"4.16\" _module_preset=\"default\" global_colors_info=\"{}\"][et_pb_image src=\"http:\/\/www.luigi-bevilacqua.com\/wp-content\/uploads\/2018\/02\/Broccatello-Sagredo-giada.jpg\" alt=\"Broccatello Sagredo giada | Tessitura Bevilacqua\" title_text=\"Broccatello Sagredo giada | Tessitura Bevilacqua\" url=\"http:\/\/www.luigi-bevilacqua.com\/project\/sagredo\/\" _builder_version=\"4.16\" _module_preset=\"default\" global_colors_info=\"{}\"][\/et_pb_image][et_pb_text _builder_version=\"4.16\" _module_preset=\"default\" text_font=\"|||on|||||\" text_font_size=\"11px\" custom_margin=\"-22px||||false|false\" global_colors_info=\"{}\"]<\/p><p>Sagredo- Giada<\/p><p>[\/et_pb_text][\/et_pb_column][et_pb_column type=\"1_4\" _builder_version=\"4.16\" _module_preset=\"default\" global_colors_info=\"{}\"][et_pb_image src=\"http:\/\/www.luigi-bevilacqua.com\/wp-content\/uploads\/2018\/02\/Broccatello-Sagredo-verde-oro.jpg\" alt=\"Broccatello Sagredo verde oro | Tessitura Bevilacqua\" title_text=\"Broccatello Sagredo verde oro | Tessitura Bevilacqua\" url=\"http:\/\/www.luigi-bevilacqua.com\/project\/sagredo\/\" _builder_version=\"4.16\" _module_preset=\"default\" global_colors_info=\"{}\"][\/et_pb_image][et_pb_text _builder_version=\"4.16\" _module_preset=\"default\" text_font=\"|||on|||||\" text_font_size=\"11px\" custom_margin=\"-22px||||false|false\" global_colors_info=\"{}\"]<\/p><p>Sagredo- Verde<\/p><p>[\/et_pb_text][\/et_pb_column][\/et_pb_row][et_pb_row _builder_version=\"4.16\" background_size=\"initial\" background_position=\"top_left\" background_repeat=\"repeat\" global_colors_info=\"{}\"][et_pb_column type=\"4_4\" _builder_version=\"4.16\" custom_padding=\"|||\" global_colors_info=\"{}\" custom_padding__hover=\"|||\"][et_pb_text _builder_version=\"4.16\" text_font=\"Roboto|||on|||||\" text_font_size=\"14px\" text_letter_spacing=\"1px\" global_colors_info=\"{}\"]<\/p><p style=\"text-align: center;\">Rasi<\/p><p>[\/et_pb_text][\/et_pb_column][\/et_pb_row][et_pb_row column_structure=\"1_4,1_4,1_4,1_4\" _builder_version=\"4.16\" _module_preset=\"default\" global_colors_info=\"{}\"][et_pb_column type=\"1_4\" _builder_version=\"4.16\" _module_preset=\"default\" global_colors_info=\"{}\"][et_pb_image src=\"http:\/\/www.luigi-bevilacqua.com\/wp-content\/uploads\/2014\/11\/Raso-Goffrato-098-277-giada.jpg\" alt=\"Raso Goffrato 098-277 giada | Tessiture Bevilacqua\" title_text=\"Raso Goffrato 098-277 giada | Tessiture Bevilacqua\" url=\"http:\/\/www.luigi-bevilacqua.com\/project\/goffrato\/\" _builder_version=\"4.16\" _module_preset=\"default\" global_colors_info=\"{}\"][\/et_pb_image][et_pb_text _builder_version=\"4.16\" _module_preset=\"default\" text_font=\"|||on|||||\" text_font_size=\"11px\" custom_margin=\"-22px||||false|false\" global_colors_info=\"{}\"]<\/p><p>Goffrato - Giada<\/p><p>[\/et_pb_text][\/et_pb_column][et_pb_column type=\"1_4\" _builder_version=\"4.16\" _module_preset=\"default\" global_colors_info=\"{}\"][et_pb_image src=\"http:\/\/www.luigi-bevilacqua.com\/wp-content\/uploads\/2020\/02\/RASO-GOFFRATO-248-540-smeraldo_400x400.jpg\" alt=\"Raso Goffrato 058-277 smeraldo | Tessitura Bevilacqua\" title_text=\"Raso Goffrato 058-277 smeraldo | Tessitura Bevilacqua\" url=\"http:\/\/www.luigi-bevilacqua.com\/project\/goffrato\/\" _builder_version=\"4.16\" _module_preset=\"default\" global_colors_info=\"{}\"][\/et_pb_image][et_pb_text _builder_version=\"4.16\" _module_preset=\"default\" text_font=\"|||on|||||\" text_font_size=\"11px\" custom_margin=\"-22px||||false|false\" global_colors_info=\"{}\"]<\/p><p>Goffrato - Smeraldo<\/p><p>[\/et_pb_text][\/et_pb_column][et_pb_column type=\"1_4\" _builder_version=\"4.16\" _module_preset=\"default\" global_colors_info=\"{}\"][et_pb_image src=\"http:\/\/www.luigi-bevilacqua.com\/wp-content\/uploads\/2014\/11\/Raso-Goffrato-092-277-verde.jpg\" alt=\"Raso Goffrato 092-277 verde | Tessiture Bevilacqua\" title_text=\"Raso Goffrato 092-277 verde | Tessiture Bevilacqua\" url=\"http:\/\/www.luigi-bevilacqua.com\/project\/goffrato\/\" _builder_version=\"4.16\" _module_preset=\"default\" global_colors_info=\"{}\"][\/et_pb_image][et_pb_text _builder_version=\"4.16\" _module_preset=\"default\" text_font=\"|||on|||||\" text_font_size=\"11px\" custom_margin=\"-22px||||false|false\" global_colors_info=\"{}\"]<\/p><p>Goffrato - Verde<\/p><p>[\/et_pb_text][\/et_pb_column][et_pb_column type=\"1_4\" _builder_version=\"4.16\" _module_preset=\"default\" global_colors_info=\"{}\"][et_pb_image src=\"http:\/\/www.luigi-bevilacqua.com\/wp-content\/uploads\/2014\/11\/Raso-Unito-098-540-giada.jpg\" alt=\"Raso Unito 098-540 giada | Tessiture Bevilacqua\" title_text=\"Raso Unito 098-540 giada | Tessiture Bevilacqua\" url=\"http:\/\/www.luigi-bevilacqua.com\/project\/unito-rasi\/\" _builder_version=\"4.16\" _module_preset=\"default\" global_colors_info=\"{}\"][\/et_pb_image][et_pb_text _builder_version=\"4.16\" _module_preset=\"default\" text_font=\"|||on|||||\" text_font_size=\"11px\" custom_margin=\"-22px||||false|false\" global_colors_info=\"{}\"]<\/p><p>Unito - Giada<\/p><p>[\/et_pb_text][\/et_pb_column][\/et_pb_row][et_pb_row column_structure=\"1_4,1_4,1_4,1_4\" _builder_version=\"4.16\" _module_preset=\"default\" global_colors_info=\"{}\"][et_pb_column type=\"1_4\" _builder_version=\"4.16\" _module_preset=\"default\" global_colors_info=\"{}\"][et_pb_image src=\"http:\/\/www.luigi-bevilacqua.com\/wp-content\/uploads\/2014\/11\/Raso-Unito-248-540-smeraldo.jpg\" alt=\"Raso Unito 248-540 smeraldo | Tessitura Bevilacqua\" title_text=\"Raso Unito 248-540 smeraldo | Tessitura Bevilacqua\" url=\"http:\/\/www.luigi-bevilacqua.com\/project\/unito-rasi\/\" _builder_version=\"4.16\" _module_preset=\"default\" global_colors_info=\"{}\"][\/et_pb_image][et_pb_text _builder_version=\"4.16\" _module_preset=\"default\" text_font=\"|||on|||||\" text_font_size=\"11px\" custom_margin=\"-22px||||false|false\" global_colors_info=\"{}\"]<\/p><p>Unito - Smeraldo<\/p><p>[\/et_pb_text][\/et_pb_column][et_pb_column type=\"1_4\" _builder_version=\"4.16\" _module_preset=\"default\" global_colors_info=\"{}\"][et_pb_image src=\"http:\/\/www.luigi-bevilacqua.com\/wp-content\/uploads\/2014\/11\/Raso-Unito-092-540-verde.jpg\" alt=\"Raso Unito 092-540 verde | Tessiture Bevilacqua\" title_text=\"Raso Unito 092-540 verde | Tessiture Bevilacqua\" url=\"http:\/\/www.luigi-bevilacqua.com\/project\/unito-rasi\/\" _builder_version=\"4.16\" _module_preset=\"default\" global_colors_info=\"{}\"][\/et_pb_image][et_pb_text _builder_version=\"4.16\" _module_preset=\"default\" text_font=\"|||on|||||\" text_font_size=\"11px\" custom_margin=\"-22px||||false|false\" global_colors_info=\"{}\"]<\/p><p>Unito - Verde<\/p><p>[\/et_pb_text][\/et_pb_column][et_pb_column type=\"1_4\" _builder_version=\"4.16\" _module_preset=\"default\" global_colors_info=\"{}\"][\/et_pb_column][et_pb_column type=\"1_4\" _builder_version=\"4.16\" _module_preset=\"default\" global_colors_info=\"{}\"][\/et_pb_column][\/et_pb_row][et_pb_row _builder_version=\"4.16\" background_size=\"initial\" background_position=\"top_left\" background_repeat=\"repeat\" global_colors_info=\"{}\"][et_pb_column type=\"4_4\" _builder_version=\"4.16\" custom_padding=\"|||\" global_colors_info=\"{}\" custom_padding__hover=\"|||\"][et_pb_text _builder_version=\"4.16\" text_font=\"Roboto|||on|||||\" text_font_size=\"14px\" text_letter_spacing=\"1px\" global_colors_info=\"{}\"]<\/p><p style=\"text-align: center;\">Lampassi<\/p><p>[\/et_pb_text][\/et_pb_column][\/et_pb_row][et_pb_row column_structure=\"1_4,1_4,1_4,1_4\" _builder_version=\"4.16\" _module_preset=\"default\" global_colors_info=\"{}\"][et_pb_column type=\"1_4\" _builder_version=\"4.16\" _module_preset=\"default\" global_colors_info=\"{}\"][et_pb_image src=\"http:\/\/www.luigi-bevilacqua.com\/wp-content\/uploads\/2014\/09\/Lampasso-Bizar-178-3937-smeraldo-lam\u00e9.jpg\" alt=\"Lampasso Bizar 178-3937 smeraldo lam\u00e9 | Tessiture Bevilacqua\" title_text=\"Lampasso Bizar 178-3937 smeraldo lam\u00e9 | Tessiture Bevilacqua\" url=\"http:\/\/www.luigi-bevilacqua.com\/project\/bizar\/\" _builder_version=\"4.16\" _module_preset=\"default\" global_colors_info=\"{}\"][\/et_pb_image][et_pb_text _builder_version=\"4.16\" _module_preset=\"default\" text_font=\"|||on|||||\" text_font_size=\"11px\" custom_margin=\"-22px||||false|false\" global_colors_info=\"{}\"]<\/p><p>Bizar - Smeraldo<\/p><p>[\/et_pb_text][\/et_pb_column][et_pb_column type=\"1_4\" _builder_version=\"4.16\" _module_preset=\"default\" global_colors_info=\"{}\"][et_pb_image src=\"http:\/\/www.luigi-bevilacqua.com\/wp-content\/uploads\/2020\/02\/Lampasso-Bizar-092-3937-verde.jpg\" alt=\"Lampasso Bizar 092-3937 verde | Tessitura Bevilacqua\" title_text=\"Lampasso Bizar 092-3937 verde\" url=\"http:\/\/www.luigi-bevilacqua.com\/project\/bizar\/\" _builder_version=\"4.16\" _module_preset=\"default\" global_colors_info=\"{}\"][\/et_pb_image][et_pb_text _builder_version=\"4.16\" _module_preset=\"default\" text_font=\"|||on|||||\" text_font_size=\"11px\" custom_margin=\"-22px||||false|false\" global_colors_info=\"{}\"]<\/p><p>Bizar - Verde<\/p><p>[\/et_pb_text][\/et_pb_column][et_pb_column type=\"1_4\" _builder_version=\"4.16\" _module_preset=\"default\" global_colors_info=\"{}\"][et_pb_image src=\"http:\/\/www.luigi-bevilacqua.com\/wp-content\/uploads\/2014\/11\/Lampasso-Broccato-giada.jpg\" alt=\"Lampasso Broccato giada | Tessitura Bevilacqua\" title_text=\"Lampasso Broccato giada | Tessitura Bevilacqua\" url=\"http:\/\/www.luigi-bevilacqua.com\/project\/broccato\/\" _builder_version=\"4.16\" _module_preset=\"default\" global_colors_info=\"{}\"][\/et_pb_image][et_pb_text _builder_version=\"4.16\" _module_preset=\"default\" text_font=\"|||on|||||\" text_font_size=\"11px\" custom_margin=\"-22px||||false|false\" global_colors_info=\"{}\"]<\/p><p>Broccato - Giada<\/p><p>[\/et_pb_text][\/et_pb_column][et_pb_column type=\"1_4\" _builder_version=\"4.16\" _module_preset=\"default\" global_colors_info=\"{}\"][et_pb_image src=\"http:\/\/www.luigi-bevilacqua.com\/wp-content\/uploads\/2014\/11\/Lampasso-Broccato-048-35139-smeraldo.jpg\" alt=\"Lampasso Broccato 048-35139 smeraldo | Tessiture Bevilacqua\" title_text=\"Lampasso Broccato 048-35139 smeraldo | Tessiture Bevilacqua\" url=\"http:\/\/www.luigi-bevilacqua.com\/project\/broccato\/\" _builder_version=\"4.16\" _module_preset=\"default\" global_colors_info=\"{}\"][\/et_pb_image][et_pb_text _builder_version=\"4.16\" _module_preset=\"default\" text_font=\"|||on|||||\" text_font_size=\"11px\" custom_margin=\"-22px||||false|false\" global_colors_info=\"{}\"]<\/p><p>Broccato - Smeraldo<\/p><p>[\/et_pb_text][\/et_pb_column][\/et_pb_row][et_pb_row column_structure=\"1_4,1_4,1_4,1_4\" _builder_version=\"4.16\" _module_preset=\"default\" global_colors_info=\"{}\"][et_pb_column type=\"1_4\" _builder_version=\"4.16\" _module_preset=\"default\" global_colors_info=\"{}\"][et_pb_image src=\"http:\/\/www.luigi-bevilacqua.com\/wp-content\/uploads\/2018\/02\/Lampasso-Maja-verde-092-3923.jpg\" alt=\"Lampasso Maja verde 092-3923 | Tessitura Bevilacqua\" title_text=\"Lampasso Maja verde 092-3923 | Tessitura Bevilacqua\" url=\"http:\/\/www.luigi-bevilacqua.com\/project\/maja\/\" _builder_version=\"4.16\" _module_preset=\"default\" global_colors_info=\"{}\"][\/et_pb_image][et_pb_text _builder_version=\"4.16\" _module_preset=\"default\" text_font=\"|||on|||||\" text_font_size=\"11px\" custom_margin=\"-22px||||false|false\" global_colors_info=\"{}\"]<\/p><p>Maja - Verde<\/p><p>[\/et_pb_text][\/et_pb_column][et_pb_column type=\"1_4\" _builder_version=\"4.16\" _module_preset=\"default\" global_colors_info=\"{}\"][et_pb_image src=\"http:\/\/www.luigi-bevilacqua.com\/wp-content\/uploads\/2014\/09\/Lampasso-Melograno-giada-098-33990s-corretta.jpg\" alt=\"Lampasso Melograno giada 098-33990s corretta | Tessiture Bevilacqua\" title_text=\"Lampasso Melograno giada 098-33990s corretta | Tessiture Bevilacqua\" url=\"http:\/\/www.luigi-bevilacqua.com\/project\/melograno\/\" _builder_version=\"4.16\" _module_preset=\"default\" global_colors_info=\"{}\"][\/et_pb_image][et_pb_text _builder_version=\"4.16\" _module_preset=\"default\" text_font=\"|||on|||||\" text_font_size=\"11px\" custom_margin=\"-22px||||false|false\" global_colors_info=\"{}\"]<\/p><p>Melograno - Giada<\/p><p>[\/et_pb_text][\/et_pb_column][et_pb_column type=\"1_4\" _builder_version=\"4.16\" _module_preset=\"default\" global_colors_info=\"{}\"][et_pb_image src=\"http:\/\/www.luigi-bevilacqua.com\/wp-content\/uploads\/2014\/09\/Lampasso-Melograno-248-33990S-smeraldo.jpg\" alt=\"Lampasso Maja verde 092-3923 | Tessitura Bevilacqua\" title_text=\"Lampasso Melograno 248-33990S smeraldo | Tessiture Bevilacqua\" url=\"http:\/\/www.luigi-bevilacqua.com\/project\/melograno\/\" _builder_version=\"4.16\" _module_preset=\"default\" global_colors_info=\"{}\"][\/et_pb_image][et_pb_text _builder_version=\"4.16\" _module_preset=\"default\" text_font=\"|||on|||||\" text_font_size=\"11px\" custom_margin=\"-22px||||false|false\" global_colors_info=\"{}\"]<\/p><p>Melograno - Smeraldo<\/p><p>[\/et_pb_text][\/et_pb_column][et_pb_column type=\"1_4\" _builder_version=\"4.16\" _module_preset=\"default\" global_colors_info=\"{}\"][et_pb_image src=\"http:\/\/www.luigi-bevilacqua.com\/wp-content\/uploads\/2020\/02\/Lampasso-Paesaggio-giada-098-39040-400x400-1.jpg\" alt=\"Lampasso Paesaggio 098-39040 giada | Tessitura Bevilacqua\" title_text=\"Lampasso Paesaggio giada 098-39040 400x400\" url=\"http:\/\/www.luigi-bevilacqua.com\/project\/lampasso-paesaggio\/\" _builder_version=\"4.16\" _module_preset=\"default\" global_colors_info=\"{}\"][\/et_pb_image][et_pb_text _builder_version=\"4.16\" _module_preset=\"default\" text_font=\"|||on|||||\" text_font_size=\"11px\" custom_margin=\"-22px||||false|false\" global_colors_info=\"{}\"]<\/p><p>Paesaggio - Giada<\/p><p>[\/et_pb_text][\/et_pb_column][\/et_pb_row][et_pb_row column_structure=\"1_4,1_4,1_4,1_4\" _builder_version=\"4.16\" _module_preset=\"default\" global_colors_info=\"{}\"][et_pb_column type=\"1_4\" _builder_version=\"4.16\" _module_preset=\"default\" global_colors_info=\"{}\"][et_pb_image src=\"http:\/\/www.luigi-bevilacqua.com\/wp-content\/uploads\/2020\/02\/Lampasso-Paesaggio-092-39040-verde.jpg\" alt=\"Lampasso Paesaggio 092-39040 verde | Tessitura Bevilacqua\" title_text=\"Lampasso Paesaggio 092-39040 verde\" url=\"http:\/\/www.luigi-bevilacqua.com\/project\/lampasso-paesaggio\/\" _builder_version=\"4.16\" _module_preset=\"default\" global_colors_info=\"{}\"][\/et_pb_image][et_pb_text _builder_version=\"4.16\" _module_preset=\"default\" text_font=\"|||on|||||\" text_font_size=\"11px\" custom_margin=\"-22px||||false|false\" global_colors_info=\"{}\"]<\/p><p>Paesaggio - Verde<\/p><p>[\/et_pb_text][\/et_pb_column][et_pb_column type=\"1_4\" _builder_version=\"4.16\" _module_preset=\"default\" global_colors_info=\"{}\"][et_pb_image src=\"http:\/\/www.luigi-bevilacqua.com\/wp-content\/uploads\/2014\/11\/Lampasso-Svezia-autunno-182-3380.jpg\" alt=\"Lampasso Svezia autunno 182-3380 | Tessiture Bevilacqua\" title_text=\"Lampasso Svezia autunno 182-3380 | Tessiture Bevilacqua\" url=\"http:\/\/www.luigi-bevilacqua.com\/project\/svezia\/\" _builder_version=\"4.16\" _module_preset=\"default\" global_colors_info=\"{}\"][\/et_pb_image][et_pb_text _builder_version=\"4.16\" _module_preset=\"default\" text_font=\"|||on|||||\" text_font_size=\"11px\" custom_margin=\"-22px||||false|false\" global_colors_info=\"{}\"]<\/p><p>Svezia - Autunno<\/p><p>[\/et_pb_text][\/et_pb_column][et_pb_column type=\"1_4\" _builder_version=\"4.16\" _module_preset=\"default\" global_colors_info=\"{}\"][et_pb_image src=\"http:\/\/www.luigi-bevilacqua.com\/wp-content\/uploads\/2014\/11\/Lampasso-Svezia-giada-198-3380.jpg\" alt=\"Lampasso Svezia giada 198-3380 | Tessitura Bevilacqua\" title_text=\"Lampasso Svezia giada 198-3380 | Tessitura Bevilacqua\" url=\"http:\/\/www.luigi-bevilacqua.com\/project\/svezia\/\" _builder_version=\"4.16\" _module_preset=\"default\" global_colors_info=\"{}\"][\/et_pb_image][et_pb_text _builder_version=\"4.16\" _module_preset=\"default\" text_font=\"|||on|||||\" text_font_size=\"11px\" custom_margin=\"-22px||||false|false\" global_colors_info=\"{}\"]<\/p><p>Svezia - Giada<\/p><p>[\/et_pb_text][\/et_pb_column][et_pb_column type=\"1_4\" _builder_version=\"4.16\" _module_preset=\"default\" global_colors_info=\"{}\"][et_pb_image src=\"http:\/\/www.luigi-bevilacqua.com\/wp-content\/uploads\/2014\/11\/Lampasso-Svezia-028-3380-smeraldo.jpg\" alt=\"Lampasso Svezia 028-3380 smeraldo | Tessiture Bevilacqua\" title_text=\"Lampasso Svezia 028-3380 smeraldo | Tessiture Bevilacqua\" url=\"http:\/\/www.luigi-bevilacqua.com\/project\/svezia\/\" _builder_version=\"4.16\" _module_preset=\"default\" global_colors_info=\"{}\"][\/et_pb_image][et_pb_text _builder_version=\"4.16\" _module_preset=\"default\" text_font=\"|||on|||||\" text_font_size=\"11px\" custom_margin=\"-22px||||false|false\" global_colors_info=\"{}\"]<\/p><p>Svezia - Smeraldo<\/p><p>[\/et_pb_text][\/et_pb_column][\/et_pb_row][et_pb_row column_structure=\"1_4,1_4,1_4,1_4\" _builder_version=\"4.16\" _module_preset=\"default\" global_colors_info=\"{}\"][et_pb_column type=\"1_4\" _builder_version=\"4.16\" _module_preset=\"default\" global_colors_info=\"{}\"][et_pb_image src=\"http:\/\/www.luigi-bevilacqua.com\/wp-content\/uploads\/2014\/11\/Lampasso-Svezia-verde-092-3380.jpg\" alt=\"Lampasso Svezia verde 092-3380 | Tessiture Bevilacqua\" title_text=\"Lampasso Svezia verde 092-3380 | Tessiture Bevilacqua\" url=\"http:\/\/www.luigi-bevilacqua.com\/project\/svezia\/\" _builder_version=\"4.16\" _module_preset=\"default\" global_colors_info=\"{}\"][\/et_pb_image][et_pb_text _builder_version=\"4.16\" _module_preset=\"default\" text_font=\"|||on|||||\" text_font_size=\"11px\" custom_margin=\"-22px||||false|false\" global_colors_info=\"{}\"]<\/p><p>Svezia - Verde<\/p><p>[\/et_pb_text][\/et_pb_column][et_pb_column type=\"1_4\" _builder_version=\"4.16\" _module_preset=\"default\" global_colors_info=\"{}\"][et_pb_image src=\"http:\/\/www.luigi-bevilacqua.com\/wp-content\/uploads\/2020\/02\/Lampasso-Three-crowns-giada-098-3334_400.jpg\" alt=\"Lampasso Three Crowns 098-3334 giada | Tessitura Bevilacqua\" title_text=\"Lampasso Three Crowns 098-3334 giada | Tessitura Bevilacqua\" url=\"http:\/\/www.luigi-bevilacqua.com\/project\/three-crowns\/\" _builder_version=\"4.16\" _module_preset=\"default\" global_colors_info=\"{}\"][\/et_pb_image][et_pb_text _builder_version=\"4.16\" _module_preset=\"default\" text_font=\"|||on|||||\" text_font_size=\"11px\" custom_margin=\"-22px||||false|false\" global_colors_info=\"{}\"]<\/p><p>Three Crowns - Giada<\/p><p>[\/et_pb_text][\/et_pb_column][et_pb_column type=\"1_4\" _builder_version=\"4.16\" _module_preset=\"default\" global_colors_info=\"{}\"][et_pb_image src=\"http:\/\/www.luigi-bevilacqua.com\/wp-content\/uploads\/2020\/02\/Lampasso-Tulipani-verde-092-34040_500x500.jpg\" alt=\"Lampasso Tulipani 092-34040 verde | Tessitura Bevilacqua\" title_text=\"Lampasso Tulipani verde 092-34040_500x500\" url=\"http:\/\/www.luigi-bevilacqua.com\/project\/lampasso-tulipani\/\" _builder_version=\"4.16\" _module_preset=\"default\" global_colors_info=\"{}\"][\/et_pb_image][et_pb_text _builder_version=\"4.16\" _module_preset=\"default\" text_font=\"|||on|||||\" text_font_size=\"11px\" custom_margin=\"-22px||||false|false\" global_colors_info=\"{}\"]<\/p><p>Tulipani - Verde<\/p><p>[\/et_pb_text][\/et_pb_column][et_pb_column type=\"1_4\" _builder_version=\"4.16\" _module_preset=\"default\" global_colors_info=\"{}\"][et_pb_image src=\"http:\/\/www.luigi-bevilacqua.com\/wp-content\/uploads\/2014\/11\/Lampasso-Uccelli-giada.jpg\" alt=\"Lampasso Uccelli giada | Tessitura Bevilacqua\" title_text=\"Lampasso Uccelli giada | Tessitura Bevilacqua\" url=\"http:\/\/www.luigi-bevilacqua.com\/project\/uccelli\/\" _builder_version=\"4.16\" _module_preset=\"default\" global_colors_info=\"{}\"][\/et_pb_image][et_pb_text _builder_version=\"4.16\" _module_preset=\"default\" text_font=\"|||on|||||\" text_font_size=\"11px\" custom_margin=\"-22px||||false|false\" global_colors_info=\"{}\"]<\/p><p>Uccelli - Giada<\/p><p>[\/et_pb_text][\/et_pb_column][\/et_pb_row][et_pb_row column_structure=\"1_4,1_4,1_4,1_4\" _builder_version=\"4.16\" _module_preset=\"default\" global_colors_info=\"{}\"][et_pb_column type=\"1_4\" _builder_version=\"4.16\" _module_preset=\"default\" global_colors_info=\"{}\"][et_pb_image src=\"http:\/\/www.luigi-bevilacqua.com\/wp-content\/uploads\/2014\/11\/Lampasso-Uccelli-308-34214.jpg\" alt=\"Lampasso Svezia verde 092-3380 | Tessiture Bevilacqua\" title_text=\"Lampasso Uccelli 308-34214\" url=\"http:\/\/www.luigi-bevilacqua.com\/project\/uccelli\/\" _builder_version=\"4.16\" _module_preset=\"default\" global_colors_info=\"{}\"][\/et_pb_image][et_pb_text _builder_version=\"4.16\" _module_preset=\"default\" text_font=\"|||on|||||\" text_font_size=\"11px\" custom_margin=\"-22px||||false|false\" global_colors_info=\"{}\"]<\/p><p>Uccelli - Smeraldo<\/p><p>[\/et_pb_text][\/et_pb_column][et_pb_column type=\"1_4\" _builder_version=\"4.16\" _module_preset=\"default\" global_colors_info=\"{}\"][et_pb_image src=\"http:\/\/www.luigi-bevilacqua.com\/wp-content\/uploads\/2014\/09\/Lampasso-Walls-092-34400-verde.jpg\" alt=\"Lampasso Walls 092-34400 verde | Tessiture Bevilacqua\" title_text=\"Lampasso Walls 092-34400 verde | Tessiture Bevilacqua\" url=\"http:\/\/www.luigi-bevilacqua.com\/project\/lampasso-walls\/\" _builder_version=\"4.16\" _module_preset=\"default\" global_colors_info=\"{}\"][\/et_pb_image][et_pb_text _builder_version=\"4.16\" _module_preset=\"default\" text_font=\"|||on|||||\" text_font_size=\"11px\" custom_margin=\"-22px||||false|false\" global_colors_info=\"{}\"]<\/p><p>Walls - Verde<\/p><p>[\/et_pb_text][\/et_pb_column][et_pb_column type=\"1_4\" _builder_version=\"4.16\" _module_preset=\"default\" global_colors_info=\"{}\"][\/et_pb_column][et_pb_column type=\"1_4\" _builder_version=\"4.16\" _module_preset=\"default\" global_colors_info=\"{}\"][\/et_pb_column][\/et_pb_row][\/et_pb_section]<\/p>","_et_gb_content_width":"","footnotes":""},"categories":[4,201,7],"tags":[],"class_list":["post-53523","post","type-post","status-publish","format-standard","has-post-thumbnail","hentry","category-fabrics","category-furnishings","category-history"],"yoast_head":"<!-- This site is optimized with the Yoast SEO plugin v27.5 - https:\/\/yoast.com\/product\/yoast-seo-wordpress\/ -->\n<title>Green: the history of nature&#039;s color in home decor<\/title>\n<meta name=\"description\" content=\"When did green become a popular color for home decor? Here we&#039;ll reveal some curious facts on its history and its shades in our catalogue.\" \/>\n<meta name=\"robots\" content=\"index, follow, max-snippet:-1, max-image-preview:large, max-video-preview:-1\" \/>\n<link rel=\"canonical\" href=\"https:\/\/www.luigi-bevilacqua.com\/en\/green-upholstery-fabrics\/\" \/>\n<meta property=\"og:locale\" content=\"en_US\" \/>\n<meta property=\"og:type\" content=\"article\" \/>\n<meta property=\"og:title\" content=\"Green: the history of nature&#039;s color in home decor\" \/>\n<meta property=\"og:description\" content=\"When did green become a popular color for home decor? Here we&#039;ll reveal some curious facts on its history and its shades in our catalogue.\" \/>\n<meta property=\"og:url\" content=\"https:\/\/www.luigi-bevilacqua.com\/en\/green-upholstery-fabrics\/\" \/>\n<meta property=\"og:site_name\" content=\"Tessitura Luigi Bevilaqua\" \/>\n<meta property=\"article:publisher\" content=\"https:\/\/www.facebook.com\/TessituraLuigiBevilacqua\" \/>\n<meta property=\"article:published_time\" content=\"2023-03-09T16:00:23+00:00\" \/>\n<meta property=\"article:modified_time\" content=\"2023-03-09T17:04:03+00:00\" \/>\n<meta property=\"og:image\" content=\"https:\/\/www.luigi-bevilacqua.com\/wp-content\/uploads\/2023\/03\/copertina-tessuti-verde.jpg\" \/>\n\t<meta property=\"og:image:width\" content=\"1080\" \/>\n\t<meta property=\"og:image:height\" content=\"675\" \/>\n\t<meta property=\"og:image:type\" content=\"image\/jpeg\" \/>\n<meta name=\"author\" content=\"Laura Fuser\" \/>\n<script type=\"application\/ld+json\" class=\"yoast-schema-graph\">{\"@context\":\"https:\\\/\\\/schema.org\",\"@graph\":[{\"@type\":\"Article\",\"@id\":\"https:\\\/\\\/www.luigi-bevilacqua.com\\\/en\\\/green-upholstery-fabrics\\\/#article\",\"isPartOf\":{\"@id\":\"https:\\\/\\\/www.luigi-bevilacqua.com\\\/en\\\/green-upholstery-fabrics\\\/\"},\"author\":{\"name\":\"Laura Fuser\",\"@id\":\"https:\\\/\\\/www.luigi-bevilacqua.com\\\/en\\\/#\\\/schema\\\/person\\\/6a99297ba99b9f66e527716bdae7c2df\"},\"headline\":\"Green: the history of nature&#8217;s color in home decor\",\"datePublished\":\"2023-03-09T16:00:23+00:00\",\"dateModified\":\"2023-03-09T17:04:03+00:00\",\"mainEntityOfPage\":{\"@id\":\"https:\\\/\\\/www.luigi-bevilacqua.com\\\/en\\\/green-upholstery-fabrics\\\/\"},\"wordCount\":9516,\"commentCount\":0,\"publisher\":{\"@id\":\"https:\\\/\\\/www.luigi-bevilacqua.com\\\/en\\\/#organization\"},\"image\":{\"@id\":\"https:\\\/\\\/www.luigi-bevilacqua.com\\\/en\\\/green-upholstery-fabrics\\\/#primaryimage\"},\"thumbnailUrl\":\"https:\\\/\\\/www.luigi-bevilacqua.com\\\/wp-content\\\/uploads\\\/2023\\\/03\\\/copertina-tessuti-verde.jpg\",\"articleSection\":[\"Fabrics\",\"Furnishings\",\"History\"],\"inLanguage\":\"en-US\",\"potentialAction\":[{\"@type\":\"CommentAction\",\"name\":\"Comment\",\"target\":[\"https:\\\/\\\/www.luigi-bevilacqua.com\\\/en\\\/green-upholstery-fabrics\\\/#respond\"]}]},{\"@type\":\"WebPage\",\"@id\":\"https:\\\/\\\/www.luigi-bevilacqua.com\\\/en\\\/green-upholstery-fabrics\\\/\",\"url\":\"https:\\\/\\\/www.luigi-bevilacqua.com\\\/en\\\/green-upholstery-fabrics\\\/\",\"name\":\"Green: the history of nature's color in home decor\",\"isPartOf\":{\"@id\":\"https:\\\/\\\/www.luigi-bevilacqua.com\\\/en\\\/#website\"},\"primaryImageOfPage\":{\"@id\":\"https:\\\/\\\/www.luigi-bevilacqua.com\\\/en\\\/green-upholstery-fabrics\\\/#primaryimage\"},\"image\":{\"@id\":\"https:\\\/\\\/www.luigi-bevilacqua.com\\\/en\\\/green-upholstery-fabrics\\\/#primaryimage\"},\"thumbnailUrl\":\"https:\\\/\\\/www.luigi-bevilacqua.com\\\/wp-content\\\/uploads\\\/2023\\\/03\\\/copertina-tessuti-verde.jpg\",\"datePublished\":\"2023-03-09T16:00:23+00:00\",\"dateModified\":\"2023-03-09T17:04:03+00:00\",\"description\":\"When did green become a popular color for home decor? Here we'll reveal some curious facts on its history and its shades in our catalogue.\",\"breadcrumb\":{\"@id\":\"https:\\\/\\\/www.luigi-bevilacqua.com\\\/en\\\/green-upholstery-fabrics\\\/#breadcrumb\"},\"inLanguage\":\"en-US\",\"potentialAction\":[{\"@type\":\"ReadAction\",\"target\":[\"https:\\\/\\\/www.luigi-bevilacqua.com\\\/en\\\/green-upholstery-fabrics\\\/\"]}]},{\"@type\":\"ImageObject\",\"inLanguage\":\"en-US\",\"@id\":\"https:\\\/\\\/www.luigi-bevilacqua.com\\\/en\\\/green-upholstery-fabrics\\\/#primaryimage\",\"url\":\"https:\\\/\\\/www.luigi-bevilacqua.com\\\/wp-content\\\/uploads\\\/2023\\\/03\\\/copertina-tessuti-verde.jpg\",\"contentUrl\":\"https:\\\/\\\/www.luigi-bevilacqua.com\\\/wp-content\\\/uploads\\\/2023\\\/03\\\/copertina-tessuti-verde.jpg\",\"width\":1080,\"height\":675},{\"@type\":\"BreadcrumbList\",\"@id\":\"https:\\\/\\\/www.luigi-bevilacqua.com\\\/en\\\/green-upholstery-fabrics\\\/#breadcrumb\",\"itemListElement\":[{\"@type\":\"ListItem\",\"position\":1,\"name\":\"Home\",\"item\":\"https:\\\/\\\/www.luigi-bevilacqua.com\\\/en\\\/home\\\/\"},{\"@type\":\"ListItem\",\"position\":2,\"name\":\"Green: the history of nature&#8217;s color in home decor\"}]},{\"@type\":\"WebSite\",\"@id\":\"https:\\\/\\\/www.luigi-bevilacqua.com\\\/en\\\/#website\",\"url\":\"https:\\\/\\\/www.luigi-bevilacqua.com\\\/en\\\/\",\"name\":\"Tessitura Luigi Bevilaqua\",\"description\":\"Tessitura Bevilaqua\",\"publisher\":{\"@id\":\"https:\\\/\\\/www.luigi-bevilacqua.com\\\/en\\\/#organization\"},\"potentialAction\":[{\"@type\":\"SearchAction\",\"target\":{\"@type\":\"EntryPoint\",\"urlTemplate\":\"https:\\\/\\\/www.luigi-bevilacqua.com\\\/en\\\/?s={search_term_string}\"},\"query-input\":{\"@type\":\"PropertyValueSpecification\",\"valueRequired\":true,\"valueName\":\"search_term_string\"}}],\"inLanguage\":\"en-US\"},{\"@type\":\"Organization\",\"@id\":\"https:\\\/\\\/www.luigi-bevilacqua.com\\\/en\\\/#organization\",\"name\":\"Tessitura Luigi Bevilacqua\",\"url\":\"https:\\\/\\\/www.luigi-bevilacqua.com\\\/en\\\/\",\"logo\":{\"@type\":\"ImageObject\",\"inLanguage\":\"en-US\",\"@id\":\"https:\\\/\\\/www.luigi-bevilacqua.com\\\/en\\\/#\\\/schema\\\/logo\\\/image\\\/\",\"url\":\"https:\\\/\\\/www.luigi-bevilacqua.com\\\/wp-content\\\/uploads\\\/2017\\\/04\\\/logo-bevilacqua-home.png\",\"contentUrl\":\"https:\\\/\\\/www.luigi-bevilacqua.com\\\/wp-content\\\/uploads\\\/2017\\\/04\\\/logo-bevilacqua-home.png\",\"width\":272,\"height\":156,\"caption\":\"Tessitura Luigi Bevilacqua\"},\"image\":{\"@id\":\"https:\\\/\\\/www.luigi-bevilacqua.com\\\/en\\\/#\\\/schema\\\/logo\\\/image\\\/\"},\"sameAs\":[\"https:\\\/\\\/www.facebook.com\\\/TessituraLuigiBevilacqua\",\"https:\\\/\\\/x.com\\\/tessiturebevilc\",\"https:\\\/\\\/www.instagram.com\\\/tessiturebevilacqua\\\/\",\"https:\\\/\\\/www.linkedin.com\\\/company\\\/bevilacqua\\\/\",\"https:\\\/\\\/it.pinterest.com\\\/luigibevilacqua\\\/\",\"https:\\\/\\\/www.youtube.com\\\/channel\\\/UCvKX4HKDdjyoJIztAzEekkQ\"]},{\"@type\":\"Person\",\"@id\":\"https:\\\/\\\/www.luigi-bevilacqua.com\\\/en\\\/#\\\/schema\\\/person\\\/6a99297ba99b9f66e527716bdae7c2df\",\"name\":\"Laura Fuser\",\"sameAs\":[\"https:\\\/\\\/strategika.es\\\/\"]}]}<\/script>\n<!-- \/ Yoast SEO plugin. -->","yoast_head_json":{"title":"Green: the history of nature's color in home decor","description":"When did green become a popular color for home decor? Here we'll reveal some curious facts on its history and its shades in our catalogue.","robots":{"index":"index","follow":"follow","max-snippet":"max-snippet:-1","max-image-preview":"max-image-preview:large","max-video-preview":"max-video-preview:-1"},"canonical":"https:\/\/www.luigi-bevilacqua.com\/en\/green-upholstery-fabrics\/","og_locale":"en_US","og_type":"article","og_title":"Green: the history of nature's color in home decor","og_description":"When did green become a popular color for home decor? Here we'll reveal some curious facts on its history and its shades in our catalogue.","og_url":"https:\/\/www.luigi-bevilacqua.com\/en\/green-upholstery-fabrics\/","og_site_name":"Tessitura Luigi Bevilaqua","article_publisher":"https:\/\/www.facebook.com\/TessituraLuigiBevilacqua","article_published_time":"2023-03-09T16:00:23+00:00","article_modified_time":"2023-03-09T17:04:03+00:00","og_image":[{"width":1080,"height":675,"url":"https:\/\/www.luigi-bevilacqua.com\/wp-content\/uploads\/2023\/03\/copertina-tessuti-verde.jpg","type":"image\/jpeg"}],"author":"Laura Fuser","schema":{"@context":"https:\/\/schema.org","@graph":[{"@type":"Article","@id":"https:\/\/www.luigi-bevilacqua.com\/en\/green-upholstery-fabrics\/#article","isPartOf":{"@id":"https:\/\/www.luigi-bevilacqua.com\/en\/green-upholstery-fabrics\/"},"author":{"name":"Laura Fuser","@id":"https:\/\/www.luigi-bevilacqua.com\/en\/#\/schema\/person\/6a99297ba99b9f66e527716bdae7c2df"},"headline":"Green: the history of nature&#8217;s color in home decor","datePublished":"2023-03-09T16:00:23+00:00","dateModified":"2023-03-09T17:04:03+00:00","mainEntityOfPage":{"@id":"https:\/\/www.luigi-bevilacqua.com\/en\/green-upholstery-fabrics\/"},"wordCount":9516,"commentCount":0,"publisher":{"@id":"https:\/\/www.luigi-bevilacqua.com\/en\/#organization"},"image":{"@id":"https:\/\/www.luigi-bevilacqua.com\/en\/green-upholstery-fabrics\/#primaryimage"},"thumbnailUrl":"https:\/\/www.luigi-bevilacqua.com\/wp-content\/uploads\/2023\/03\/copertina-tessuti-verde.jpg","articleSection":["Fabrics","Furnishings","History"],"inLanguage":"en-US","potentialAction":[{"@type":"CommentAction","name":"Comment","target":["https:\/\/www.luigi-bevilacqua.com\/en\/green-upholstery-fabrics\/#respond"]}]},{"@type":"WebPage","@id":"https:\/\/www.luigi-bevilacqua.com\/en\/green-upholstery-fabrics\/","url":"https:\/\/www.luigi-bevilacqua.com\/en\/green-upholstery-fabrics\/","name":"Green: the history of nature's color in home decor","isPartOf":{"@id":"https:\/\/www.luigi-bevilacqua.com\/en\/#website"},"primaryImageOfPage":{"@id":"https:\/\/www.luigi-bevilacqua.com\/en\/green-upholstery-fabrics\/#primaryimage"},"image":{"@id":"https:\/\/www.luigi-bevilacqua.com\/en\/green-upholstery-fabrics\/#primaryimage"},"thumbnailUrl":"https:\/\/www.luigi-bevilacqua.com\/wp-content\/uploads\/2023\/03\/copertina-tessuti-verde.jpg","datePublished":"2023-03-09T16:00:23+00:00","dateModified":"2023-03-09T17:04:03+00:00","description":"When did green become a popular color for home decor? Here we'll reveal some curious facts on its history and its shades in our catalogue.","breadcrumb":{"@id":"https:\/\/www.luigi-bevilacqua.com\/en\/green-upholstery-fabrics\/#breadcrumb"},"inLanguage":"en-US","potentialAction":[{"@type":"ReadAction","target":["https:\/\/www.luigi-bevilacqua.com\/en\/green-upholstery-fabrics\/"]}]},{"@type":"ImageObject","inLanguage":"en-US","@id":"https:\/\/www.luigi-bevilacqua.com\/en\/green-upholstery-fabrics\/#primaryimage","url":"https:\/\/www.luigi-bevilacqua.com\/wp-content\/uploads\/2023\/03\/copertina-tessuti-verde.jpg","contentUrl":"https:\/\/www.luigi-bevilacqua.com\/wp-content\/uploads\/2023\/03\/copertina-tessuti-verde.jpg","width":1080,"height":675},{"@type":"BreadcrumbList","@id":"https:\/\/www.luigi-bevilacqua.com\/en\/green-upholstery-fabrics\/#breadcrumb","itemListElement":[{"@type":"ListItem","position":1,"name":"Home","item":"https:\/\/www.luigi-bevilacqua.com\/en\/home\/"},{"@type":"ListItem","position":2,"name":"Green: the history of nature&#8217;s color in home decor"}]},{"@type":"WebSite","@id":"https:\/\/www.luigi-bevilacqua.com\/en\/#website","url":"https:\/\/www.luigi-bevilacqua.com\/en\/","name":"Tessitura Luigi Bevilaqua","description":"Tessitura Bevilaqua","publisher":{"@id":"https:\/\/www.luigi-bevilacqua.com\/en\/#organization"},"potentialAction":[{"@type":"SearchAction","target":{"@type":"EntryPoint","urlTemplate":"https:\/\/www.luigi-bevilacqua.com\/en\/?s={search_term_string}"},"query-input":{"@type":"PropertyValueSpecification","valueRequired":true,"valueName":"search_term_string"}}],"inLanguage":"en-US"},{"@type":"Organization","@id":"https:\/\/www.luigi-bevilacqua.com\/en\/#organization","name":"Tessitura Luigi Bevilacqua","url":"https:\/\/www.luigi-bevilacqua.com\/en\/","logo":{"@type":"ImageObject","inLanguage":"en-US","@id":"https:\/\/www.luigi-bevilacqua.com\/en\/#\/schema\/logo\/image\/","url":"https:\/\/www.luigi-bevilacqua.com\/wp-content\/uploads\/2017\/04\/logo-bevilacqua-home.png","contentUrl":"https:\/\/www.luigi-bevilacqua.com\/wp-content\/uploads\/2017\/04\/logo-bevilacqua-home.png","width":272,"height":156,"caption":"Tessitura Luigi Bevilacqua"},"image":{"@id":"https:\/\/www.luigi-bevilacqua.com\/en\/#\/schema\/logo\/image\/"},"sameAs":["https:\/\/www.facebook.com\/TessituraLuigiBevilacqua","https:\/\/x.com\/tessiturebevilc","https:\/\/www.instagram.com\/tessiturebevilacqua\/","https:\/\/www.linkedin.com\/company\/bevilacqua\/","https:\/\/it.pinterest.com\/luigibevilacqua\/","https:\/\/www.youtube.com\/channel\/UCvKX4HKDdjyoJIztAzEekkQ"]},{"@type":"Person","@id":"https:\/\/www.luigi-bevilacqua.com\/en\/#\/schema\/person\/6a99297ba99b9f66e527716bdae7c2df","name":"Laura Fuser","sameAs":["https:\/\/strategika.es\/"]}]}},"_links":{"self":[{"href":"https:\/\/www.luigi-bevilacqua.com\/en\/wp-json\/wp\/v2\/posts\/53523","targetHints":{"allow":["GET"]}}],"collection":[{"href":"https:\/\/www.luigi-bevilacqua.com\/en\/wp-json\/wp\/v2\/posts"}],"about":[{"href":"https:\/\/www.luigi-bevilacqua.com\/en\/wp-json\/wp\/v2\/types\/post"}],"author":[{"embeddable":true,"href":"https:\/\/www.luigi-bevilacqua.com\/en\/wp-json\/wp\/v2\/users\/10"}],"replies":[{"embeddable":true,"href":"https:\/\/www.luigi-bevilacqua.com\/en\/wp-json\/wp\/v2\/comments?post=53523"}],"version-history":[{"count":0,"href":"https:\/\/www.luigi-bevilacqua.com\/en\/wp-json\/wp\/v2\/posts\/53523\/revisions"}],"wp:featuredmedia":[{"embeddable":true,"href":"https:\/\/www.luigi-bevilacqua.com\/en\/wp-json\/wp\/v2\/media\/53507"}],"wp:attachment":[{"href":"https:\/\/www.luigi-bevilacqua.com\/en\/wp-json\/wp\/v2\/media?parent=53523"}],"wp:term":[{"taxonomy":"category","embeddable":true,"href":"https:\/\/www.luigi-bevilacqua.com\/en\/wp-json\/wp\/v2\/categories?post=53523"},{"taxonomy":"post_tag","embeddable":true,"href":"https:\/\/www.luigi-bevilacqua.com\/en\/wp-json\/wp\/v2\/tags?post=53523"}],"curies":[{"name":"wp","href":"https:\/\/api.w.org\/{rel}","templated":true}]}}