{"id":5321,"date":"2014-03-13T10:00:39","date_gmt":"2014-03-13T09:00:39","guid":{"rendered":"http:\/\/www.luigi-bevilacqua.com\/?p=5321"},"modified":"2018-04-13T10:52:52","modified_gmt":"2018-04-13T08:52:52","slug":"auf-der-seidenstrase","status":"publish","type":"post","link":"https:\/\/www.luigi-bevilacqua.com\/de\/auf-der-seidenstrase\/","title":{"rendered":"Auf der Seidenstra\u00dfe"},"content":{"rendered":"<p>Lampas, Samte, Damaste und Brokate haben eines gemeinsam, das Herz und das Geheimnis ihrer Kostbarkeit. Und dieses gemeinsame Merkmal ist die Seide, der Rohstoff, aus dem all diese Stoffe entstehen. Aber woher stammt die Seide selbst?<\/p>\n<h3>Die Seidenstoffe gelangen nach Europa<\/h3>\n<p>Von den Raupen, werden Sie sagen. Nat\u00fcrlich. Aber die Raupen wurden zu jener Zeit, das hei\u00dft um 2700 v.Chr., ausschlie\u00dflich in <strong>China<\/strong> gez\u00fcchtet, wo auch die Seidenindustrie entstand. Die Geschichten, wie die Seide in Europa bekannt wurde und wie sp\u00e4ter die Raupen hierher gelangten, sind beide interessant.<\/p>\n<p>Lebte der General Marcus Licinius Crassus noch, w\u00e4re er nicht gut auf die <strong>Schlacht bei Carrhae <\/strong><strong>zu sprechen<\/strong>. Leider starb der damals reichste Mann Roms genau an jenem Tag des Jahres 53 v.Chr. Dieser Schlacht, die Crassus heraufbeschw\u00f6rt hatte, um als Heerf\u00fchrer mit C\u00e4sar und Pompeius mithalten zu k\u00f6nnen, erm\u00f6glichte den R\u00f6mern allerdings, einen Schatz in die Heimat mit zur\u00fcck zu nehmen: die Seide.<\/p>\n<p>So waren die von den <strong>Parthern<\/strong> zur Schau gestellten Banner aus diesem bisher bei den R\u00f6mern unbekanntem kostbarem Material, dessen Einfuhr aus China gerade anfing. Das r\u00f6mische Reich und China hatten aber nie Kontakte. Die H\u00e4ndler der V\u00f6lker zwischen ihnen erm\u00f6glichten diesen Austausch. Aber die R\u00f6mer wussten genau, dass es die Serer, also die Chinesen waren, die die <strong><em>Lanicio silvarum<\/em><\/strong>, wie Plinius der \u00c4ltere sie nennt (<a href=\"https:\/\/it.wikipedia.org\/wiki\/Naturalis_historia\">Naturalis Historia<\/a>, VI, 54), erzeugen. Was \u201eGarn der W\u00e4lder\u201c bedeutet. Die R\u00f6mer waren sich nicht besonders klar dar\u00fcber, wie die Seide produziert wurde.\u00a0Aber wie kamen dann die Raupen nach Europa?<\/p>\n<h3>Seidenstoffproduktion in Venedig<\/h3>\n<p>Dank zweier in geheimer Mission vom Kaiser Justinian entsandter M\u00f6nche gelang es ihm, sich Seidenraupen zu verschaffen. So fasst nach und nach die Seidenproduktion in Europa Fu\u00df, sie setzte aber dem starken Verkehr auf der <strong>Seidenstra\u00dfe <\/strong><strong>kein Ende<\/strong>. Oder vielleicht sollte man \u201eSeidenstra\u00dfen\u201c sagen, da es sich nicht um eine einzige Stra\u00dfe handelte, sondern um ein Gewirr aus Wegen, die Ostasien &#8211; vor allem China &#8211; mit Europa und dem Nahen und Mittleren Osten verbanden. Und einer der ersten Menschen aus dem Westen, die \u00fcber die Seidenstra\u00dfe nach China gelangten, war <strong>Marco Polo<\/strong>\u00a0(1254-1324).<\/p>\n<p><a href=\"http:\/\/www.luigi-bevilacqua.com\/wp-content\/uploads\/2014\/03\/Velluto-soprarizzo3331-XVIsec672x3721.jpg\"><img decoding=\"async\" class=\"aligncenter wp-image-353 size-full\" src=\"http:\/\/www.luigi-bevilacqua.com\/wp-content\/uploads\/2014\/03\/Velluto-soprarizzo3331-XVIsec672x3721.jpg\" alt=\"Tessuti di seta 16\u00b0 secolo | Tessitura Bevilacqua\" width=\"672\" height=\"372\" \/><\/a><\/p>\n<p>Von seinen Reisen brachte Marco Polo kostbare Manufakte, Reichtum und vor allem Stoffe in seine Heimat Venedig mit. Und die kostbaren Stoffe machten die <strong>H\u00e4ndler <\/strong>aus Venedig, aber auch aus Florenz, Genua und Lucca <strong>verm\u00f6gend<\/strong>. Venedig wird dadurch zu einem wichtigen Zentrum der Seidenindustrie, die in Italien im 16. Jahrhundert ihre wichtigste Glanzzeit erlebte.<\/p>\n<span class=\"et_bloom_bottom_trigger\"><\/span>","protected":false},"excerpt":{"rendered":"<p>Seidenstoffproduktion von China bis Italien: Wie die Seidenstra\u00dfe bis nach Venedig gelangte und was sie mit sich f\u00fchrte<\/p>\n","protected":false},"author":3,"featured_media":6436,"comment_status":"open","ping_status":"closed","sticky":false,"template":"","format":"standard","meta":{"_et_pb_use_builder":"","_et_pb_old_content":"","_et_gb_content_width":"","footnotes":""},"categories":[93],"tags":[102],"class_list":["post-5321","post","type-post","status-publish","format-standard","has-post-thumbnail","hentry","category-geschichte","tag-seide"],"yoast_head":"<!-- This site is optimized with the Yoast SEO plugin v27.5 - https:\/\/yoast.com\/product\/yoast-seo-wordpress\/ -->\n<title>Auf der Seidenstra\u00dfe - Tessitura Luigi Bevilaqua<\/title>\n<meta name=\"description\" content=\"Seidenstoffproduktion von China bis Italien: Wie die Seidenstra\u00dfe bis nach Venedig gelangte und was sie mit sich f\u00fchrte\" \/>\n<meta name=\"robots\" content=\"index, follow, max-snippet:-1, max-image-preview:large, max-video-preview:-1\" \/>\n<link rel=\"canonical\" href=\"https:\/\/www.luigi-bevilacqua.com\/de\/auf-der-seidenstrase\/\" \/>\n<meta property=\"og:locale\" content=\"de_DE\" \/>\n<meta property=\"og:type\" content=\"article\" \/>\n<meta property=\"og:title\" content=\"Auf der Seidenstra\u00dfe - Tessitura Luigi Bevilaqua\" \/>\n<meta property=\"og:description\" content=\"Seidenstoffproduktion von China bis Italien: Wie die Seidenstra\u00dfe bis nach Venedig gelangte und was sie mit sich f\u00fchrte\" \/>\n<meta property=\"og:url\" content=\"https:\/\/www.luigi-bevilacqua.com\/de\/auf-der-seidenstrase\/\" \/>\n<meta property=\"og:site_name\" content=\"Tessitura Luigi Bevilaqua\" \/>\n<meta property=\"article:publisher\" content=\"https:\/\/www.facebook.com\/TessituraLuigiBevilacqua\" \/>\n<meta property=\"article:published_time\" content=\"2014-03-13T09:00:39+00:00\" \/>\n<meta property=\"article:modified_time\" content=\"2018-04-13T08:52:52+00:00\" \/>\n<meta property=\"og:image\" content=\"https:\/\/www.luigi-bevilacqua.com\/wp-content\/uploads\/2014\/02\/Fili-telaio672x372.jpg\" \/>\n\t<meta property=\"og:image:width\" content=\"672\" \/>\n\t<meta property=\"og:image:height\" content=\"372\" \/>\n\t<meta property=\"og:image:type\" content=\"image\/jpeg\" \/>\n<meta name=\"author\" content=\"Sara Artuso\" \/>\n<script type=\"application\/ld+json\" class=\"yoast-schema-graph\">{\"@context\":\"https:\\\/\\\/schema.org\",\"@graph\":[{\"@type\":\"Article\",\"@id\":\"https:\\\/\\\/www.luigi-bevilacqua.com\\\/de\\\/auf-der-seidenstrase\\\/#article\",\"isPartOf\":{\"@id\":\"https:\\\/\\\/www.luigi-bevilacqua.com\\\/de\\\/auf-der-seidenstrase\\\/\"},\"author\":{\"name\":\"Sara Artuso\",\"@id\":\"https:\\\/\\\/www.luigi-bevilacqua.com\\\/de\\\/#\\\/schema\\\/person\\\/7f01d22a9cd51367866f719f44b6caa5\"},\"headline\":\"Auf der Seidenstra\u00dfe\",\"datePublished\":\"2014-03-13T09:00:39+00:00\",\"dateModified\":\"2018-04-13T08:52:52+00:00\",\"mainEntityOfPage\":{\"@id\":\"https:\\\/\\\/www.luigi-bevilacqua.com\\\/de\\\/auf-der-seidenstrase\\\/\"},\"wordCount\":431,\"commentCount\":0,\"publisher\":{\"@id\":\"https:\\\/\\\/www.luigi-bevilacqua.com\\\/de\\\/#organization\"},\"image\":{\"@id\":\"https:\\\/\\\/www.luigi-bevilacqua.com\\\/de\\\/auf-der-seidenstrase\\\/#primaryimage\"},\"thumbnailUrl\":\"https:\\\/\\\/www.luigi-bevilacqua.com\\\/wp-content\\\/uploads\\\/2014\\\/02\\\/Fili-telaio672x372.jpg\",\"keywords\":[\"Seide\"],\"articleSection\":[\"Geschichte\"],\"inLanguage\":\"de\",\"potentialAction\":[{\"@type\":\"CommentAction\",\"name\":\"Comment\",\"target\":[\"https:\\\/\\\/www.luigi-bevilacqua.com\\\/de\\\/auf-der-seidenstrase\\\/#respond\"]}]},{\"@type\":\"WebPage\",\"@id\":\"https:\\\/\\\/www.luigi-bevilacqua.com\\\/de\\\/auf-der-seidenstrase\\\/\",\"url\":\"https:\\\/\\\/www.luigi-bevilacqua.com\\\/de\\\/auf-der-seidenstrase\\\/\",\"name\":\"Auf der Seidenstra\u00dfe - Tessitura Luigi Bevilaqua\",\"isPartOf\":{\"@id\":\"https:\\\/\\\/www.luigi-bevilacqua.com\\\/de\\\/#website\"},\"primaryImageOfPage\":{\"@id\":\"https:\\\/\\\/www.luigi-bevilacqua.com\\\/de\\\/auf-der-seidenstrase\\\/#primaryimage\"},\"image\":{\"@id\":\"https:\\\/\\\/www.luigi-bevilacqua.com\\\/de\\\/auf-der-seidenstrase\\\/#primaryimage\"},\"thumbnailUrl\":\"https:\\\/\\\/www.luigi-bevilacqua.com\\\/wp-content\\\/uploads\\\/2014\\\/02\\\/Fili-telaio672x372.jpg\",\"datePublished\":\"2014-03-13T09:00:39+00:00\",\"dateModified\":\"2018-04-13T08:52:52+00:00\",\"description\":\"Seidenstoffproduktion von China bis Italien: Wie die Seidenstra\u00dfe bis nach Venedig gelangte und was sie mit sich f\u00fchrte\",\"breadcrumb\":{\"@id\":\"https:\\\/\\\/www.luigi-bevilacqua.com\\\/de\\\/auf-der-seidenstrase\\\/#breadcrumb\"},\"inLanguage\":\"de\",\"potentialAction\":[{\"@type\":\"ReadAction\",\"target\":[\"https:\\\/\\\/www.luigi-bevilacqua.com\\\/de\\\/auf-der-seidenstrase\\\/\"]}]},{\"@type\":\"ImageObject\",\"inLanguage\":\"de\",\"@id\":\"https:\\\/\\\/www.luigi-bevilacqua.com\\\/de\\\/auf-der-seidenstrase\\\/#primaryimage\",\"url\":\"https:\\\/\\\/www.luigi-bevilacqua.com\\\/wp-content\\\/uploads\\\/2014\\\/02\\\/Fili-telaio672x372.jpg\",\"contentUrl\":\"https:\\\/\\\/www.luigi-bevilacqua.com\\\/wp-content\\\/uploads\\\/2014\\\/02\\\/Fili-telaio672x372.jpg\",\"width\":672,\"height\":372},{\"@type\":\"BreadcrumbList\",\"@id\":\"https:\\\/\\\/www.luigi-bevilacqua.com\\\/de\\\/auf-der-seidenstrase\\\/#breadcrumb\",\"itemListElement\":[{\"@type\":\"ListItem\",\"position\":1,\"name\":\"Home\",\"item\":\"https:\\\/\\\/www.luigi-bevilacqua.com\\\/de\\\/\"},{\"@type\":\"ListItem\",\"position\":2,\"name\":\"Auf der Seidenstra\u00dfe\"}]},{\"@type\":\"WebSite\",\"@id\":\"https:\\\/\\\/www.luigi-bevilacqua.com\\\/de\\\/#website\",\"url\":\"https:\\\/\\\/www.luigi-bevilacqua.com\\\/de\\\/\",\"name\":\"Tessitura Luigi Bevilaqua\",\"description\":\"Tessitura Bevilacqua\",\"publisher\":{\"@id\":\"https:\\\/\\\/www.luigi-bevilacqua.com\\\/de\\\/#organization\"},\"potentialAction\":[{\"@type\":\"SearchAction\",\"target\":{\"@type\":\"EntryPoint\",\"urlTemplate\":\"https:\\\/\\\/www.luigi-bevilacqua.com\\\/de\\\/?s={search_term_string}\"},\"query-input\":{\"@type\":\"PropertyValueSpecification\",\"valueRequired\":true,\"valueName\":\"search_term_string\"}}],\"inLanguage\":\"de\"},{\"@type\":\"Organization\",\"@id\":\"https:\\\/\\\/www.luigi-bevilacqua.com\\\/de\\\/#organization\",\"name\":\"Tessitura Luigi Bevilacqua\",\"url\":\"https:\\\/\\\/www.luigi-bevilacqua.com\\\/de\\\/\",\"logo\":{\"@type\":\"ImageObject\",\"inLanguage\":\"de\",\"@id\":\"https:\\\/\\\/www.luigi-bevilacqua.com\\\/de\\\/#\\\/schema\\\/logo\\\/image\\\/\",\"url\":\"https:\\\/\\\/www.luigi-bevilacqua.com\\\/wp-content\\\/uploads\\\/2017\\\/04\\\/logo-bevilacqua-home.png\",\"contentUrl\":\"https:\\\/\\\/www.luigi-bevilacqua.com\\\/wp-content\\\/uploads\\\/2017\\\/04\\\/logo-bevilacqua-home.png\",\"width\":272,\"height\":156,\"caption\":\"Tessitura Luigi Bevilacqua\"},\"image\":{\"@id\":\"https:\\\/\\\/www.luigi-bevilacqua.com\\\/de\\\/#\\\/schema\\\/logo\\\/image\\\/\"},\"sameAs\":[\"https:\\\/\\\/www.facebook.com\\\/TessituraLuigiBevilacqua\",\"https:\\\/\\\/x.com\\\/tessiturebevilc\",\"https:\\\/\\\/www.instagram.com\\\/tessiturebevilacqua\\\/\",\"https:\\\/\\\/www.linkedin.com\\\/company\\\/bevilacqua\\\/\",\"https:\\\/\\\/it.pinterest.com\\\/luigibevilacqua\\\/\",\"https:\\\/\\\/www.youtube.com\\\/channel\\\/UCvKX4HKDdjyoJIztAzEekkQ\"]},{\"@type\":\"Person\",\"@id\":\"https:\\\/\\\/www.luigi-bevilacqua.com\\\/de\\\/#\\\/schema\\\/person\\\/7f01d22a9cd51367866f719f44b6caa5\",\"name\":\"Sara Artuso\"}]}<\/script>\n<!-- \/ Yoast SEO plugin. -->","yoast_head_json":{"title":"Auf der Seidenstra\u00dfe - Tessitura Luigi Bevilaqua","description":"Seidenstoffproduktion von China bis Italien: Wie die Seidenstra\u00dfe bis nach Venedig gelangte und was sie mit sich f\u00fchrte","robots":{"index":"index","follow":"follow","max-snippet":"max-snippet:-1","max-image-preview":"max-image-preview:large","max-video-preview":"max-video-preview:-1"},"canonical":"https:\/\/www.luigi-bevilacqua.com\/de\/auf-der-seidenstrase\/","og_locale":"de_DE","og_type":"article","og_title":"Auf der Seidenstra\u00dfe - Tessitura Luigi Bevilaqua","og_description":"Seidenstoffproduktion von China bis Italien: Wie die Seidenstra\u00dfe bis nach Venedig gelangte und was sie mit sich f\u00fchrte","og_url":"https:\/\/www.luigi-bevilacqua.com\/de\/auf-der-seidenstrase\/","og_site_name":"Tessitura Luigi Bevilaqua","article_publisher":"https:\/\/www.facebook.com\/TessituraLuigiBevilacqua","article_published_time":"2014-03-13T09:00:39+00:00","article_modified_time":"2018-04-13T08:52:52+00:00","og_image":[{"width":672,"height":372,"url":"https:\/\/www.luigi-bevilacqua.com\/wp-content\/uploads\/2014\/02\/Fili-telaio672x372.jpg","type":"image\/jpeg"}],"author":"Sara Artuso","schema":{"@context":"https:\/\/schema.org","@graph":[{"@type":"Article","@id":"https:\/\/www.luigi-bevilacqua.com\/de\/auf-der-seidenstrase\/#article","isPartOf":{"@id":"https:\/\/www.luigi-bevilacqua.com\/de\/auf-der-seidenstrase\/"},"author":{"name":"Sara Artuso","@id":"https:\/\/www.luigi-bevilacqua.com\/de\/#\/schema\/person\/7f01d22a9cd51367866f719f44b6caa5"},"headline":"Auf der Seidenstra\u00dfe","datePublished":"2014-03-13T09:00:39+00:00","dateModified":"2018-04-13T08:52:52+00:00","mainEntityOfPage":{"@id":"https:\/\/www.luigi-bevilacqua.com\/de\/auf-der-seidenstrase\/"},"wordCount":431,"commentCount":0,"publisher":{"@id":"https:\/\/www.luigi-bevilacqua.com\/de\/#organization"},"image":{"@id":"https:\/\/www.luigi-bevilacqua.com\/de\/auf-der-seidenstrase\/#primaryimage"},"thumbnailUrl":"https:\/\/www.luigi-bevilacqua.com\/wp-content\/uploads\/2014\/02\/Fili-telaio672x372.jpg","keywords":["Seide"],"articleSection":["Geschichte"],"inLanguage":"de","potentialAction":[{"@type":"CommentAction","name":"Comment","target":["https:\/\/www.luigi-bevilacqua.com\/de\/auf-der-seidenstrase\/#respond"]}]},{"@type":"WebPage","@id":"https:\/\/www.luigi-bevilacqua.com\/de\/auf-der-seidenstrase\/","url":"https:\/\/www.luigi-bevilacqua.com\/de\/auf-der-seidenstrase\/","name":"Auf der Seidenstra\u00dfe - Tessitura Luigi Bevilaqua","isPartOf":{"@id":"https:\/\/www.luigi-bevilacqua.com\/de\/#website"},"primaryImageOfPage":{"@id":"https:\/\/www.luigi-bevilacqua.com\/de\/auf-der-seidenstrase\/#primaryimage"},"image":{"@id":"https:\/\/www.luigi-bevilacqua.com\/de\/auf-der-seidenstrase\/#primaryimage"},"thumbnailUrl":"https:\/\/www.luigi-bevilacqua.com\/wp-content\/uploads\/2014\/02\/Fili-telaio672x372.jpg","datePublished":"2014-03-13T09:00:39+00:00","dateModified":"2018-04-13T08:52:52+00:00","description":"Seidenstoffproduktion von China bis Italien: Wie die Seidenstra\u00dfe bis nach Venedig gelangte und was sie mit sich f\u00fchrte","breadcrumb":{"@id":"https:\/\/www.luigi-bevilacqua.com\/de\/auf-der-seidenstrase\/#breadcrumb"},"inLanguage":"de","potentialAction":[{"@type":"ReadAction","target":["https:\/\/www.luigi-bevilacqua.com\/de\/auf-der-seidenstrase\/"]}]},{"@type":"ImageObject","inLanguage":"de","@id":"https:\/\/www.luigi-bevilacqua.com\/de\/auf-der-seidenstrase\/#primaryimage","url":"https:\/\/www.luigi-bevilacqua.com\/wp-content\/uploads\/2014\/02\/Fili-telaio672x372.jpg","contentUrl":"https:\/\/www.luigi-bevilacqua.com\/wp-content\/uploads\/2014\/02\/Fili-telaio672x372.jpg","width":672,"height":372},{"@type":"BreadcrumbList","@id":"https:\/\/www.luigi-bevilacqua.com\/de\/auf-der-seidenstrase\/#breadcrumb","itemListElement":[{"@type":"ListItem","position":1,"name":"Home","item":"https:\/\/www.luigi-bevilacqua.com\/de\/"},{"@type":"ListItem","position":2,"name":"Auf der Seidenstra\u00dfe"}]},{"@type":"WebSite","@id":"https:\/\/www.luigi-bevilacqua.com\/de\/#website","url":"https:\/\/www.luigi-bevilacqua.com\/de\/","name":"Tessitura Luigi Bevilaqua","description":"Tessitura Bevilacqua","publisher":{"@id":"https:\/\/www.luigi-bevilacqua.com\/de\/#organization"},"potentialAction":[{"@type":"SearchAction","target":{"@type":"EntryPoint","urlTemplate":"https:\/\/www.luigi-bevilacqua.com\/de\/?s={search_term_string}"},"query-input":{"@type":"PropertyValueSpecification","valueRequired":true,"valueName":"search_term_string"}}],"inLanguage":"de"},{"@type":"Organization","@id":"https:\/\/www.luigi-bevilacqua.com\/de\/#organization","name":"Tessitura Luigi Bevilacqua","url":"https:\/\/www.luigi-bevilacqua.com\/de\/","logo":{"@type":"ImageObject","inLanguage":"de","@id":"https:\/\/www.luigi-bevilacqua.com\/de\/#\/schema\/logo\/image\/","url":"https:\/\/www.luigi-bevilacqua.com\/wp-content\/uploads\/2017\/04\/logo-bevilacqua-home.png","contentUrl":"https:\/\/www.luigi-bevilacqua.com\/wp-content\/uploads\/2017\/04\/logo-bevilacqua-home.png","width":272,"height":156,"caption":"Tessitura Luigi Bevilacqua"},"image":{"@id":"https:\/\/www.luigi-bevilacqua.com\/de\/#\/schema\/logo\/image\/"},"sameAs":["https:\/\/www.facebook.com\/TessituraLuigiBevilacqua","https:\/\/x.com\/tessiturebevilc","https:\/\/www.instagram.com\/tessiturebevilacqua\/","https:\/\/www.linkedin.com\/company\/bevilacqua\/","https:\/\/it.pinterest.com\/luigibevilacqua\/","https:\/\/www.youtube.com\/channel\/UCvKX4HKDdjyoJIztAzEekkQ"]},{"@type":"Person","@id":"https:\/\/www.luigi-bevilacqua.com\/de\/#\/schema\/person\/7f01d22a9cd51367866f719f44b6caa5","name":"Sara Artuso"}]}},"_links":{"self":[{"href":"https:\/\/www.luigi-bevilacqua.com\/de\/wp-json\/wp\/v2\/posts\/5321","targetHints":{"allow":["GET"]}}],"collection":[{"href":"https:\/\/www.luigi-bevilacqua.com\/de\/wp-json\/wp\/v2\/posts"}],"about":[{"href":"https:\/\/www.luigi-bevilacqua.com\/de\/wp-json\/wp\/v2\/types\/post"}],"author":[{"embeddable":true,"href":"https:\/\/www.luigi-bevilacqua.com\/de\/wp-json\/wp\/v2\/users\/3"}],"replies":[{"embeddable":true,"href":"https:\/\/www.luigi-bevilacqua.com\/de\/wp-json\/wp\/v2\/comments?post=5321"}],"version-history":[{"count":0,"href":"https:\/\/www.luigi-bevilacqua.com\/de\/wp-json\/wp\/v2\/posts\/5321\/revisions"}],"wp:featuredmedia":[{"embeddable":true,"href":"https:\/\/www.luigi-bevilacqua.com\/de\/wp-json\/wp\/v2\/media\/6436"}],"wp:attachment":[{"href":"https:\/\/www.luigi-bevilacqua.com\/de\/wp-json\/wp\/v2\/media?parent=5321"}],"wp:term":[{"taxonomy":"category","embeddable":true,"href":"https:\/\/www.luigi-bevilacqua.com\/de\/wp-json\/wp\/v2\/categories?post=5321"},{"taxonomy":"post_tag","embeddable":true,"href":"https:\/\/www.luigi-bevilacqua.com\/de\/wp-json\/wp\/v2\/tags?post=5321"}],"curies":[{"name":"wp","href":"https:\/\/api.w.org\/{rel}","templated":true}]}}